{"id":341667,"date":"2025-08-25T00:07:13","date_gmt":"2025-08-25T00:07:13","guid":{"rendered":"https:\/\/www.europesays.com\/fr\/341667\/"},"modified":"2025-08-25T00:07:13","modified_gmt":"2025-08-25T00:07:13","slug":"vers-un-nouveau-role-dessai-en-motogp-revelations-et-perspectives","status":"publish","type":"post","link":"https:\/\/www.europesays.com\/fr\/341667\/","title":{"rendered":"Vers un Nouveau R\u00f4le d&rsquo;Essai en MotoGP ? R\u00e9v\u00e9lations et Perspectives"},"content":{"rendered":"<p>\ud83d\udd0d Un Pilote MotoGP Face \u00e0 son Avenir : Le Cas Miguel Oliveira<img decoding=\"async\" src=\"https:\/\/www.europesays.com\/fr\/wp-content\/uploads\/2025\/08\/68ab29275155f6bce07fce07_GnG_1246579_HiRes-1.jpeg\" alt=\"Oliveira h\u00e9sitant sur un poste de pilote d'essai MotoGP\"\/><\/p>\n<p>Miguel Oliveira, actuellement pilote pour Pramac Yamaha en MotoGP, est au c\u0153ur de nombreuses sp\u00e9culations concernant son avenir en 2026. Son parcours impressionnant, ponctu\u00e9 de victoires, d\u2019exp\u00e9riences avec des constructeurs majeurs et de luttes contre les blessures, fait de lui une figure centrale du paddock. Alors que la saison 2025 s\u2019annonce d\u00e9terminante, des discussions en coulisses \u00e9mergent sur une possible reconversion en tant que pilote d\u2019essai, un poste strat\u00e9gique et convoit\u00e9 par les usines.<\/p>\n<p>Selon diff\u00e9rentes sources du paddock, Oliveira et son entourage auraient engag\u00e9 des pourparlers avec <a href=\"https:\/\/www.aprilia.com\/fr_FR\/\" target=\"_blank\" rel=\"noopener\">Aprilia<\/a> pour occuper un r\u00f4le essentiel dans le d\u00e9veloppement des prochaines motos de la marque. Ce tournant possible s\u2019inscrit dans une dynamique o\u00f9 l\u2019expertise des anciens pilotes actifs devient un atout cl\u00e9 pour les \u00e9curies. Pour Oliveira, cela repr\u00e9senterait un changement profond dans sa carri\u00e8re, mais aussi une reconnaissance de ses capacit\u00e9s techniques et de son exp\u00e9rience au sein du championnat du monde MotoGP.<\/p>\n<p><img decoding=\"async\" src=\"https:\/\/www.europesays.com\/fr\/wp-content\/uploads\/2025\/08\/68ab29285155f6bce07fce5c_GnG_1253196_HiRes.jpeg\" alt=\"Discussion d'Oliveira sur un futur r\u00f4le d'essai MotoGP\"\/><\/p>\n<p>La rumeur de ce transfert potentiel est d\u2019autant plus cr\u00e9dible que Toprak Razgatlioglu, champion du monde de Superbike, est pressenti pour rejoindre Pramac l\u2019an prochain, laissant Oliveira en position de devoir envisager une nouvelle \u00e9tape. Malgr\u00e9 un d\u00e9but d\u2019ann\u00e9e compliqu\u00e9 par les blessures, le Portugais n\u2019a jamais cach\u00e9 sa pr\u00e9f\u00e9rence pour la comp\u00e9tition, tout en laissant la porte ouverte \u00e0 d\u2019autres alternatives.<\/p>\n<p>Mais derri\u00e8re le rideau, plusieurs param\u00e8tres influent sur ce choix, notamment des offres refus\u00e9es par le pass\u00e9 dans le championnat Superbike, r\u00e9v\u00e9lant l\u2019existence de n\u00e9gociations plus ambitieuses c\u00f4t\u00e9 MotoGP.<\/p>\n<p>\ud83d\udee0\ufe0f Le Poste de Pilote d\u2019Essai : Entre Missions Strat\u00e9giques et Nouveaux D\u00e9fis<img decoding=\"async\" src=\"https:\/\/www.europesays.com\/fr\/wp-content\/uploads\/2025\/08\/68ab29285155f6bce07fce4f_GnG_1254187_HiRes.jpeg\" alt=\"Miguel Oliveira lors d'essais MotoGP\" class=\"kg-image\"\/><\/p>\n<p>Le r\u00f4le de pilote d\u2019essai a consid\u00e9rablement \u00e9volu\u00e9 ces derni\u00e8res ann\u00e9es en MotoGP, devenant un pivot des progr\u00e8s techniques et du d\u00e9veloppement des prototypes. En 2026, les enjeux seront encore plus cruciaux : les usines engagent de nouveaux plans de d\u00e9veloppement pour r\u00e9pondre aux exigences d\u2019un championnat en mutation, en pr\u00e9vision de la refonte des r\u00e8gles techniques attendue \u00e0 l\u2019horizon 2027.<\/p>\n<p>Pour Oliveira, occuper ce poste ne se limiterait pas \u00e0 rouler sur circuit en coulisses. Il s\u2019agirait de participer activement \u00e0 l\u2019\u00e9volution de la moto, d\u2019effectuer des retours cibl\u00e9s aux ing\u00e9nieurs et d\u2019int\u00e9grer une approche visionnaire pour fa\u00e7onner le futur du constructeur partenaire \u2013 ici, potentiellement Aprilia. Ce r\u00f4le exige une grande polyvalence : adaptation \u00e0 diff\u00e9rentes configurations de soutien, essais de nouveaux composants, et la capacit\u00e9 \u00e0 piloter de fa\u00e7on pr\u00e9cise pour r\u00e9colter des donn\u00e9es exploitables par le d\u00e9partement technique.<\/p>\n<p>Dans une r\u00e9cente interview, le pilote confiait : \u00ab Mon d\u00e9sir est de continuer \u00e0 courir en comp\u00e9tition. J\u2019ai 30 ans et je ne me projette pas facilement dans un r\u00f4le d\u2019essai \u00e0 plein temps, m\u00eame si je reste ouvert \u00e0 toutes les propositions. \u00bb Cela d\u00e9montre son attachement \u00e0 la course, mais aussi sa lucidit\u00e9 sur les opportunit\u00e9s qui s\u2019offrent \u00e0 lui.<\/p>\n<p>La question reste de savoir si Oliveira pourra imposer son style dans cette nouvelle aventure. Son exp\u00e9rience accumul\u00e9e chez <a href=\"https:\/\/www.yamaha-motor.eu\/fr\/fr\/\" target=\"_blank\" rel=\"noopener\">Yamaha<\/a>, KTM puis Aprilia, constituent autant d\u2019atouts qui pourraient s\u2019av\u00e9rer d\u00e9cisifs pour un constructeur en qu\u00eate de comp\u00e9titivit\u00e9.<\/p>\n<p>\ud83d\udea6 Enjeux Strat\u00e9giques pour Aprilia et MotoGP<img decoding=\"async\" src=\"https:\/\/www.europesays.com\/fr\/wp-content\/uploads\/2025\/08\/68ab29285155f6bce07fce55_GnG_1045511_HiRes.jpeg\" alt=\"MotoGP : Enjeux strat\u00e9giques et besoins de pilotes d'essais\" class=\"kg-image\"\/><\/p>\n<p><a href=\"https:\/\/www.ducati.com\/fr\/fr\/home\" target=\"_blank\" rel=\"noopener\">Ducati<\/a>, comme la plupart des constructeurs MotoGP, fait face \u00e0 de nouveaux d\u00e9fis dans un paddock de plus en plus comp\u00e9titif. Aujourd\u2019hui, seuls deux constructeurs, Ducati et Aprilia, fonctionnent essentiellement avec un seul pilote d\u2019essai, ce qui limite la capacit\u00e9 de travailler sur plusieurs axes de d\u00e9veloppement en parall\u00e8le.<\/p>\n<p>Les blessures ou indisponibilit\u00e9s, comme cela a \u00e9t\u00e9 le cas pour le champion du monde Jorge Martin et pour le rookie Ai Ogura, affaiblissent momentan\u00e9ment les structures, privant Aprilia d\u2019alternatives rapides pour maintenir son niveau concurrentiel sur tout le championnat. Disposer de pilotes experts et disponibles en soutien est devenu une garantie indispensable pour progresser.<\/p>\n<p>C&rsquo;est dans ce contexte qu\u2019un profil comme celui d\u2019Oliveira prend tout son sens : solide, polyvalent et dot\u00e9 d\u2019une connaissance fine du pilotage moderne et de l\u2019\u00e9lectronique. Aprilia, en \u00e9largissant son \u00e9quipe de tests, pourrait s\u2019appuyer sur le Portugais pour acc\u00e9l\u00e9rer la mise au point des machines 2026 tout en anticipant les changements majeurs \u00e0 venir.<\/p>\n<p><img decoding=\"async\" src=\"https:\/\/www.europesays.com\/fr\/wp-content\/uploads\/2025\/08\/68ab29285155f6bce07fce59_GnG_1245519_HiRes.jpeg\" alt=\"Oliveira potentiel renfort strat\u00e9gique pour Aprilia MotoGP\"\/><\/p>\n<p>De plus, sa capacit\u00e9 \u00e0 dialoguer avec les ing\u00e9nieurs et son pass\u00e9 de pilote d\u2019essai Yamaha et KTM sont des arguments de poids. Cela garantirait \u00e0 Aprilia une stabilit\u00e9 et une continuit\u00e9 dans le d\u00e9veloppement, essentielle pour affronter la concurrence de Honda, Ducati, KTM ou Yamaha, qui renforcent eux aussi leurs \u00e9quipes avec des pointures de la MotoGP.<\/p>\n<p>\ud83c\udfc6 Miguel Oliveira : Une Exp\u00e9rience Pr\u00e9cieuse et des Objectifs Nouveaux<img decoding=\"async\" src=\"https:\/\/www.europesays.com\/fr\/wp-content\/uploads\/2025\/08\/68ab29285155f6bce07fce59_GnG_1245519_HiRes.jpeg\" alt=\"L'exp\u00e9rience d'Oliveira, un atout pour le d\u00e9veloppement MotoGP\"\/><\/p>\n<p>Depuis ses d\u00e9buts jusqu\u2019\u00e0 aujourd\u2019hui, Miguel Oliveira a d\u00e9montr\u00e9 qu\u2019il n\u2019\u00e9tait pas seulement un excellent comp\u00e9titeur, mais aussi un professionnel dot\u00e9 d\u2019une grande intelligence de course et d\u2019une facult\u00e9 d\u2019adaptation rare. Qu\u2019il s\u2019agisse de ses ann\u00e9es fastes chez KTM, o\u00f9 il contribua au d\u00e9veloppement de la machine, ou de ses passages mouvement\u00e9s chez Aprilia et Yamaha, il a laiss\u00e9 partout la marque d\u2019un pilote analytique et fiable.<\/p>\n<p>En devenant pilote d\u2019essai pour un constructeur de renom, il pourrait non seulement valoriser ses acquis, mais aussi franchir un cap suppl\u00e9mentaire en mati\u00e8re de strat\u00e9gie sportive. Ce poste lui procurerait de nouvelles perspectives, non seulement sur le plan professionnel mais aussi personnel, en contribuant \u00e0 fa\u00e7onner les futures g\u00e9n\u00e9rations de machines et de pilotes.<\/p>\n<p>Le paddock MotoGP a de plus en plus besoin de pilotes \u00e0 la double casquette : comp\u00e9titeurs aguerris capables de revenir ponctuellement en wildcard, et experts du d\u00e9veloppement technique. La polyvalence d\u2019Oliveira colle parfaitement \u00e0 cette tendance. Il pourrait devenir une inspiration pour de nombreux jeunes pilotes en qu\u00eate de long\u00e9vit\u00e9 et de diversification de carri\u00e8re dans l\u2019\u00e9lite de la moto mondiale.<\/p>\n<p>Son parcours singulier, travers\u00e9 par des saisons impitoyables, des blessures surmont\u00e9es et des int\u00e9grations compliqu\u00e9es dans plusieurs \u00e9quipes, fa\u00e7onne aujourd&rsquo;hui la personnalit\u00e9 d\u2019un expert respect\u00e9 et sollicit\u00e9 au sein du championnat.<\/p>\n<p>\u26a1 Vers un Horizon Renouvel\u00e9 : Les D\u00e9fis d\u2019une Transition et la Qu\u00eate de l\u2019\u00c9quilibre<\/p>\n<p>Le MotoGP entre dans une nouvelle \u00e8re, marqu\u00e9e par une \u00e9quation technique complexe, l\u2019int\u00e9gration de nouvelles technologies et de nouveaux talents au sein des \u00e9quipes. Pour Aprilia, int\u00e9grer un pilote tel qu\u2019Oliveira \u00e0 son d\u00e9partement de d\u00e9veloppement serait un gain en expertise, mais cela d\u00e9pendra de plusieurs facteurs : ad\u00e9quation du projet avec ses aspirations, conditions contractuelles, et surtout, volont\u00e9 commune de b\u00e2tir un projet sur le long terme.<\/p>\n<p>Oliveira lui-m\u00eame, tout en manifestant son envie de continuer \u00e0 piloter en comp\u00e9tition, n\u2019exclut pas un glissement progressif vers un r\u00f4le de mentor, de soutien technique ou m\u00eame de coach pour les jeunes g\u00e9n\u00e9rations. Les discussions sont ouvertes, les perspectives nombreuses et la dynamique du march\u00e9 des transferts 2026 reste impr\u00e9visible.<\/p>\n<p>Le paddock attend avec impatience de conna\u00eetre la d\u00e9cision d\u2019Oliveira, qui incarne \u00e0 ce stade de sa carri\u00e8re le mod\u00e8le d\u2019un professionnel moderne, capable de r\u00e9inventer son parcours tout en restant connect\u00e9 \u00e0 la passion de la comp\u00e9tition moto. Demain, qu&rsquo;il soit pilote d\u2019essai superstar, conseiller technique ou encore titulaire de wildcards, Miguel Oliveira restera sans aucun doute une figure marquante du MotoGP.<\/p>\n<p>\u00c0 travers ses choix, Miguel Oliveira fa\u00e7onne sa destin\u00e9e, tout en inspirant la nouvelle g\u00e9n\u00e9ration de pilotes \u00e0 croire en un avenir riche d\u2019opportunit\u00e9s, quelle que soit la voie emprunt\u00e9e dans ce sport d\u2019exception. \ud83c\udfc1<\/p>\n<p>\u00c0 l\u2019instar d\u2019Oliveira qui repense son futur, il est parfois temps de r\u00e9aliser votre propre r\u00eave automobile et d\u2019oser vivre l\u2019exp\u00e9rience d\u2019une Porsche 911 gr\u00e2ce \u00e0 la <a href=\"https:\/\/www.joinsteer.com\" target=\"_blank\" rel=\"noopener\">location en LOA sur Joinsteer<\/a>. Entre sensations et libert\u00e9, tout s\u2019acc\u00e9l\u00e8re.<\/p>\n","protected":false},"excerpt":{"rendered":"\ud83d\udd0d Un Pilote MotoGP Face \u00e0 son Avenir : Le Cas Miguel Oliveira Miguel Oliveira, actuellement pilote pour&hellip;\n","protected":false},"author":2,"featured_media":341668,"comment_status":"","ping_status":"","sticky":false,"template":"","format":"standard","meta":{"footnotes":""},"categories":[1413],"tags":[1011,27,1457,1456,60],"class_list":{"0":"post-341667","1":"post","2":"type-post","3":"status-publish","4":"format-standard","5":"has-post-thumbnail","7":"category-moto","8":"tag-fr","9":"tag-france","10":"tag-moto","11":"tag-motocycle","12":"tag-sports"},"share_on_mastodon":{"url":"https:\/\/pubeurope.com\/@fr\/115086494665528678","error":""},"_links":{"self":[{"href":"https:\/\/www.europesays.com\/fr\/wp-json\/wp\/v2\/posts\/341667","targetHints":{"allow":["GET"]}}],"collection":[{"href":"https:\/\/www.europesays.com\/fr\/wp-json\/wp\/v2\/posts"}],"about":[{"href":"https:\/\/www.europesays.com\/fr\/wp-json\/wp\/v2\/types\/post"}],"author":[{"embeddable":true,"href":"https:\/\/www.europesays.com\/fr\/wp-json\/wp\/v2\/users\/2"}],"replies":[{"embeddable":true,"href":"https:\/\/www.europesays.com\/fr\/wp-json\/wp\/v2\/comments?post=341667"}],"version-history":[{"count":0,"href":"https:\/\/www.europesays.com\/fr\/wp-json\/wp\/v2\/posts\/341667\/revisions"}],"wp:featuredmedia":[{"embeddable":true,"href":"https:\/\/www.europesays.com\/fr\/wp-json\/wp\/v2\/media\/341668"}],"wp:attachment":[{"href":"https:\/\/www.europesays.com\/fr\/wp-json\/wp\/v2\/media?parent=341667"}],"wp:term":[{"taxonomy":"category","embeddable":true,"href":"https:\/\/www.europesays.com\/fr\/wp-json\/wp\/v2\/categories?post=341667"},{"taxonomy":"post_tag","embeddable":true,"href":"https:\/\/www.europesays.com\/fr\/wp-json\/wp\/v2\/tags?post=341667"}],"curies":[{"name":"wp","href":"https:\/\/api.w.org\/{rel}","templated":true}]}}