{"id":341669,"date":"2025-08-25T00:08:15","date_gmt":"2025-08-25T00:08:15","guid":{"rendered":"https:\/\/www.europesays.com\/fr\/341669\/"},"modified":"2025-08-25T00:08:15","modified_gmt":"2025-08-25T00:08:15","slug":"ocon-retrouve-un-climat-sain-et-une-equipe-motivee","status":"publish","type":"post","link":"https:\/\/www.europesays.com\/fr\/341669\/","title":{"rendered":"Ocon retrouve un climat sain et une \u00e9quipe motiv\u00e9e\u2028"},"content":{"rendered":"<p>Chez Haas, Ocon souligne une culture bas\u00e9e sur la transparence et la franchise. Les probl\u00e8mes sont abord\u00e9s imm\u00e9diatement et sans d\u00e9tour, ce qui permet d\u2019\u00e9viter les erreurs r\u00e9p\u00e9t\u00e9es et d\u2019avancer plus efficacement.<\/p>\n<blockquote>\n<p>\u201cPar rapport \u00e0 ma pr\u00e9c\u00e9dente exp\u00e9rience, c&rsquo;est un environnement sain. Personne ne se cache derri\u00e8re quoi que ce soit. Si l&rsquo;on fait mal quelque chose, on en parle en esp\u00e9rant que \u00e7a ne se reproduise pas. Et on en parle directement \u00e0 la fin de la course. C&rsquo;est bien, parce que si on n&rsquo;en parle pas, comme je l&rsquo;ai connu par le pass\u00e9, alors \u00e7a recommence. C&rsquo;est l\u2019essentiel.\u201d Explique Ocon, source : <a href=\"http:\/\/motorsport.com\" rel=\"nofollow noopener\" target=\"_blank\">motorsport.com<\/a>\u00a0<\/p>\n<\/blockquote>\n<p><b>Une \u00e9quipe motiv\u00e9e et impliqu\u00e9e<\/b><\/p>\n<p>Le pilote fran\u00e7ais met aussi en avant la motivation g\u00e9n\u00e9rale qui r\u00e8gne dans l\u2019\u00e9curie am\u00e9ricaine. Contrairement \u00e0 d\u2019autres exp\u00e9riences pass\u00e9es, il per\u00e7oit une \u00e9nergie collective intacte et une implication forte \u00e0 tous les niveaux, des ing\u00e9nieurs aux m\u00e9caniciens.<\/p>\n<blockquote>\n<p>\u201cCette \u00e9quipe est incroyablement motiv\u00e9e.\u00a0\u00c7a peut para\u00eetre fou, mais j&rsquo;ai vu des gens qui n&rsquo;\u00e9taient pas motiv\u00e9s par le pass\u00e9, m\u00eame en travaillant dans le paddock F1. C&rsquo;est probablement ce qu&rsquo;il y a de pire. Maintenant, je ne dis pas que tout est parfait. Il y a \u00e9videmment des choses que nous devons am\u00e9liorer. Mais nous avons une base tr\u00e8s solide pour travailler depuis que je suis arriv\u00e9, et on avance. Je suis ravi de la mani\u00e8re dont \u00e7a se passe.\u201d T\u00e9moigne l\u2019ancien pilote Alpine, source : <a href=\"http:\/\/motorsport.com\" rel=\"nofollow noopener\" target=\"_blank\">motorsport.com<\/a>\u00a0<\/p>\n<\/blockquote>\n<p>Ocon prend pour exemple la rapidit\u00e9 avec laquelle Haas r\u00e9pond \u00e0 ses besoins techniques, comme le d\u00e9veloppement acc\u00e9l\u00e9r\u00e9 d\u2019\u00e9l\u00e9ments adapt\u00e9s \u00e0 son pilotage. Cette capacit\u00e9 d\u2019adaptation renforce sa confiance et confirme qu\u2019il \u00e9volue dans un environnement plus sain et plus productif.<\/p>\n<p>    Partagez cette info avec vos amis et vos proches en cliquant ici  <\/p>\n<p> Podcasts \u00e0 la une MEN LIFE <\/p>\n<p>    Haas : Ocon salue un environnement de travail sain et motivant\u2028<\/p>\n<p>Depuis son arriv\u00e9e chez Haas, Esteban Ocon met en avant une atmosph\u00e8re positive et constructive. Le Fran\u00e7ais insiste sur la transparence de l\u2019\u00e9quipe et sur la motivation intacte de ses membres, des \u00e9l\u00e9ments qui contrastent fortement avec son exp\u00e9rience pass\u00e9e chez Alpine.<\/p>\n<p>R\u00e9dacteur<\/p>\n<p><img decoding=\"async\" width=\"76\" height=\"76\" loading=\"lazy\" src=\"https:\/\/www.europesays.com\/fr\/wp-content\/uploads\/2025\/04\/avatar-sport-am.png\" alt=\"Victor Teyssier\"\/><\/p>\n","protected":false},"excerpt":{"rendered":"Chez Haas, Ocon souligne une culture bas\u00e9e sur la transparence et la franchise. Les probl\u00e8mes sont abord\u00e9s imm\u00e9diatement&hellip;\n","protected":false},"author":2,"featured_media":341670,"comment_status":"","ping_status":"","sticky":false,"template":"","format":"standard","meta":{"footnotes":""},"categories":[1412],"tags":[1451,1452,1453,1454,1455,1011,27,60],"class_list":{"0":"post-341669","1":"post","2":"type-post","3":"status-publish","4":"format-standard","5":"has-post-thumbnail","7":"category-f1","8":"tag-f1","9":"tag-formula-1","10":"tag-formula1","11":"tag-formule-1","12":"tag-formule1","13":"tag-fr","14":"tag-france","15":"tag-sports"},"share_on_mastodon":{"url":"https:\/\/pubeurope.com\/@fr\/115086498496696354","error":""},"_links":{"self":[{"href":"https:\/\/www.europesays.com\/fr\/wp-json\/wp\/v2\/posts\/341669","targetHints":{"allow":["GET"]}}],"collection":[{"href":"https:\/\/www.europesays.com\/fr\/wp-json\/wp\/v2\/posts"}],"about":[{"href":"https:\/\/www.europesays.com\/fr\/wp-json\/wp\/v2\/types\/post"}],"author":[{"embeddable":true,"href":"https:\/\/www.europesays.com\/fr\/wp-json\/wp\/v2\/users\/2"}],"replies":[{"embeddable":true,"href":"https:\/\/www.europesays.com\/fr\/wp-json\/wp\/v2\/comments?post=341669"}],"version-history":[{"count":0,"href":"https:\/\/www.europesays.com\/fr\/wp-json\/wp\/v2\/posts\/341669\/revisions"}],"wp:featuredmedia":[{"embeddable":true,"href":"https:\/\/www.europesays.com\/fr\/wp-json\/wp\/v2\/media\/341670"}],"wp:attachment":[{"href":"https:\/\/www.europesays.com\/fr\/wp-json\/wp\/v2\/media?parent=341669"}],"wp:term":[{"taxonomy":"category","embeddable":true,"href":"https:\/\/www.europesays.com\/fr\/wp-json\/wp\/v2\/categories?post=341669"},{"taxonomy":"post_tag","embeddable":true,"href":"https:\/\/www.europesays.com\/fr\/wp-json\/wp\/v2\/tags?post=341669"}],"curies":[{"name":"wp","href":"https:\/\/api.w.org\/{rel}","templated":true}]}}