{"id":341671,"date":"2025-08-25T00:09:09","date_gmt":"2025-08-25T00:09:09","guid":{"rendered":"https:\/\/www.europesays.com\/fr\/341671\/"},"modified":"2025-08-25T00:09:09","modified_gmt":"2025-08-25T00:09:09","slug":"de-la-chute-a-une-victoire-toute-en-punch-la-journee-mouvementee-de-vingegaard-sur-la-vuelta","status":"publish","type":"post","link":"https:\/\/www.europesays.com\/fr\/341671\/","title":{"rendered":"de la chute \u00e0 une victoire toute en punch, la\u00a0journ\u00e9e mouvement\u00e9e de Vingegaard sur la Vuelta"},"content":{"rendered":"\n<p>\u00ab\u00a0Il avait dit qu&rsquo;il r\u00eavait de gagner\u00a0\u00bb  : de la chute \u00e0 une victoire toute en punch, la\u00a0journ\u00e9e mouvement\u00e9e de Vingegaard sur la Vuelta<\/p>\n<p>Tomb\u00e9 apr\u00e8s avoir gliss\u00e9 sur les routes humides, Jonas Vingegaard s&rsquo;est relev\u00e9 sans dommages et s&rsquo;est m\u00eame impos\u00e9 au sommet de Limone Piemonte, dimanchge, plus explosif que Giulio Ciccone et ses rivaux, d\u00e9j\u00e0 leader d&rsquo;une Vuelta dont il confirme qu&rsquo;il est l&rsquo;ultra-favori.<\/p>\n","protected":false},"excerpt":{"rendered":"\u00ab\u00a0Il avait dit qu&rsquo;il r\u00eavait de gagner\u00a0\u00bb : de la chute \u00e0 une victoire toute en punch, la\u00a0journ\u00e9e&hellip;\n","protected":false},"author":2,"featured_media":341672,"comment_status":"","ping_status":"","sticky":false,"template":"","format":"standard","meta":{"footnotes":""},"categories":[1411],"tags":[1154,207,1011,27,60],"class_list":{"0":"post-341671","1":"post","2":"type-post","3":"status-publish","4":"format-standard","5":"has-post-thumbnail","7":"category-cyclisme","8":"tag-cycling","9":"tag-cyclisme","10":"tag-fr","11":"tag-france","12":"tag-sports"},"share_on_mastodon":{"url":"https:\/\/pubeurope.com\/@fr\/115086502406651343","error":""},"_links":{"self":[{"href":"https:\/\/www.europesays.com\/fr\/wp-json\/wp\/v2\/posts\/341671","targetHints":{"allow":["GET"]}}],"collection":[{"href":"https:\/\/www.europesays.com\/fr\/wp-json\/wp\/v2\/posts"}],"about":[{"href":"https:\/\/www.europesays.com\/fr\/wp-json\/wp\/v2\/types\/post"}],"author":[{"embeddable":true,"href":"https:\/\/www.europesays.com\/fr\/wp-json\/wp\/v2\/users\/2"}],"replies":[{"embeddable":true,"href":"https:\/\/www.europesays.com\/fr\/wp-json\/wp\/v2\/comments?post=341671"}],"version-history":[{"count":0,"href":"https:\/\/www.europesays.com\/fr\/wp-json\/wp\/v2\/posts\/341671\/revisions"}],"wp:featuredmedia":[{"embeddable":true,"href":"https:\/\/www.europesays.com\/fr\/wp-json\/wp\/v2\/media\/341672"}],"wp:attachment":[{"href":"https:\/\/www.europesays.com\/fr\/wp-json\/wp\/v2\/media?parent=341671"}],"wp:term":[{"taxonomy":"category","embeddable":true,"href":"https:\/\/www.europesays.com\/fr\/wp-json\/wp\/v2\/categories?post=341671"},{"taxonomy":"post_tag","embeddable":true,"href":"https:\/\/www.europesays.com\/fr\/wp-json\/wp\/v2\/tags?post=341671"}],"curies":[{"name":"wp","href":"https:\/\/api.w.org\/{rel}","templated":true}]}}