{"id":341673,"date":"2025-08-25T00:10:10","date_gmt":"2025-08-25T00:10:10","guid":{"rendered":"https:\/\/www.europesays.com\/fr\/341673\/"},"modified":"2025-08-25T00:10:10","modified_gmt":"2025-08-25T00:10:10","slug":"lorient-4-0-rennes-jen-ai-marre-des-cartons-rouges-les-arbitres-trop-severes-rmc-sport","status":"publish","type":"post","link":"https:\/\/www.europesays.com\/fr\/341673\/","title":{"rendered":"Lorient 4-0 Rennes : &quot;J&#039;en ai marre des cartons rouges&quot;, les arbitres trop s\u00e9v\u00e8res ? &#8211; RMC Sport"},"content":{"rendered":"<ol>\n<li><a href=\"https:\/\/news.google.com\/rss\/articles\/CBMi8AFBVV95cUxOSDF3bXpkWkpnMGRMd0gtV1h4WVE5UG9vb0xubFVSNjVvSTdMa3d6eEZOSUJjdlZCN3cwanVHN2trdFZwOWpHTXhMQjBuTmw3VnE1NGpEcFRGNEYyWXNIaVk0eVJaNlpJNXJkclNYTXIzQl9CMzdSRjdfTXF0SU9TOV82b3pKX0dSQXkyQm9Sb2hXNW5UMWI3TkUtT181MUt0UlJVWnlLUGN4OERrOHhkVUx4N0NUcXJ1WGk1ZVlRR080d3lLdm14bnZXQ2tGMGpoWVJaMUw4eFd5aWdMNXZjOWF1cGZFeVVSRFpwTER3eVI?oc=5\" target=\"_blank\" rel=\"nofollow noopener\">Lorient 4-0 Rennes : \u00ab\u00a0J&rsquo;en ai marre des cartons rouges\u00a0\u00bb, les arbitres trop s\u00e9v\u00e8res ?<\/a>&nbsp;&nbsp;RMC Sport<\/li>\n<li><a href=\"https:\/\/news.google.com\/rss\/articles\/CBMioAJBVV95cUxQbUtYLWp3T1gyVVNCZk5wdlFWQnRfVVhwT0RFZmhSNUhaalNZeWxXSTNSdXdpeG1rNjZUWkh5UXFBdk1hMk1OOE8tel8wZ3lyUkJXcUJHZnhRYjdjRk1iWGVsMVk1T2FpYmprXzlGQlRCUjkzTFFFODlSQ0F0ZWJrU2luVEhOSzhtSW00dmdlYzZ5TUVVdktPckx5di0xcWRFaHF6SC05MFFxcWNUVmxHZlVWcVlNcU5wcTVUQzQ4UFUwZEN4cWZSWnd5bm9fX2VOODdVdmUxdG9ReHNxRER5NEtoSUE4OTRTMTZOTEhwUzhjSjFINWd6UW82OTNZOHV0LWFNUWNBRVIzZDNEcW1WaUNWMko0MVpDbjExVFZkZ0k?oc=5\" target=\"_blank\" rel=\"nofollow noopener\">Apr\u00e8s son exclusion, Wooh aurait fini \u00e0 l&rsquo;h\u00f4pital<\/a>&nbsp;&nbsp;Eurosport<\/li>\n<li><a href=\"https:\/\/news.google.com\/rss\/articles\/CBMilwJBVV95cUxNVm1MbnVQZ2FHV1o5VVdrcFBlS1NoNDFKWjFCTFQ4TlItTHRlWGVWc1kwc19pZGoteXFtYmxuaWdZa0p6cjhRaEJESVkwejdtTER2U3VRSUZ4UlRYVVAwQV84OHVQN083dEtlN1l6eFJqd2NDNW9tQzQxWGNQU0tEaEFnX2xNZHBoYWV6dDc0V0ptU1FzTHdHZlF1R2RfamttRC0zX01zQWp1QkQ0SUJMUXJuU0E4Nk85NlZxNW9EVjlVUTR3SnNZaXJuWjhXRHlNRXVJYmZWNlJyMkI5ekpUNmJzY3pBUWZRc3dPaGhPUFY5Tnh3SXRVNnZSb3U5S3AtMER1bHlGX1VCdGd3WWJTeFZJdVI3VEU?oc=5\" target=\"_blank\" rel=\"nofollow noopener\">FC Lorient &#8211; Stade Rennais. Les notes des Rennais: deux expulsions express et des erreurs en cascade<\/a>&nbsp;&nbsp;Ouest-France<\/li>\n<li><a href=\"https:\/\/news.google.com\/rss\/articles\/CBMi0gFBVV95cUxPOVh5WHQxeG52OVFuSXpUaG9lTnBNdHVHUEdJWTNSM3dZWEdaZTRvR2tEa2UwcW9fZUlMVDFRSFlzVVR0RnlIc1Nma2tDZzRxUUZ3SlM5Y3pRT29aRHJrRDQ5MmxuQUhuSzRKUnpoSEJRZ2E2ZEQybVVpY2dXanBQalR0Y3haOW1EaFZNbDltUTR0TFVfa2p5Tk1lMWNsSENIU0JTc01uclo0MDAtU0FlcXpiaWtuZ0ZQelpFbzh0NkhjM1V5NjhLbzVzbk91c3ZrbXc?oc=5\" target=\"_blank\" rel=\"nofollow noopener\">Rennes vit le pire derby possible \u00e0 Lorient<\/a>&nbsp;&nbsp;20 Minutes<\/li>\n<li><a href=\"https:\/\/news.google.com\/rss\/articles\/CBMi2gFBVV95cUxPOFFzTURXQnI5YjBDR2o0RTg0cmhhdnBQdzR5T1BoeUVxV0JuT0RhSklrdkwxcVFJTW5aV0tPb0p2WWhOTW1LdmRfdVNaVDB3QTNtNDVhRTZGYS1MWmVpcEJJb2VmTTBlM1RjcUdiXzNSR25fWGppcGdQcmkteWVBVlNyMzdWOS1rT0ZrQUQ4NlJ6QUVWTko2V083b2F2VjVMZlJkZGFCdmE0X0o4RGdWOVoxMVp0UUx5dWt1LVRyTEZSTEM2emhhZHg4N2ZtaTRCNm12WHpxWWJSUQ?oc=5\" target=\"_blank\" rel=\"nofollow noopener\">Lorient &#8211; Rennes : une victoire presque inesp\u00e9r\u00e9e dans le derby pour les Merlus<\/a>&nbsp;&nbsp;Le T\u00e9l\u00e9gramme<\/li>\n<\/ol>\n","protected":false},"excerpt":{"rendered":"Lorient 4-0 Rennes : \u00ab\u00a0J&rsquo;en ai marre des cartons rouges\u00a0\u00bb, les arbitres trop s\u00e9v\u00e8res ?&nbsp;&nbsp;RMC Sport Apr\u00e8s son&hellip;\n","protected":false},"author":2,"featured_media":341674,"comment_status":"","ping_status":"","sticky":false,"template":"","format":"standard","meta":{"footnotes":""},"categories":[1410],"tags":[63,1011,27,60],"class_list":{"0":"post-341673","1":"post","2":"type-post","3":"status-publish","4":"format-standard","5":"has-post-thumbnail","7":"category-football","8":"tag-football","9":"tag-fr","10":"tag-france","11":"tag-sports"},"share_on_mastodon":{"url":"https:\/\/pubeurope.com\/@fr\/115086506465705705","error":""},"_links":{"self":[{"href":"https:\/\/www.europesays.com\/fr\/wp-json\/wp\/v2\/posts\/341673","targetHints":{"allow":["GET"]}}],"collection":[{"href":"https:\/\/www.europesays.com\/fr\/wp-json\/wp\/v2\/posts"}],"about":[{"href":"https:\/\/www.europesays.com\/fr\/wp-json\/wp\/v2\/types\/post"}],"author":[{"embeddable":true,"href":"https:\/\/www.europesays.com\/fr\/wp-json\/wp\/v2\/users\/2"}],"replies":[{"embeddable":true,"href":"https:\/\/www.europesays.com\/fr\/wp-json\/wp\/v2\/comments?post=341673"}],"version-history":[{"count":0,"href":"https:\/\/www.europesays.com\/fr\/wp-json\/wp\/v2\/posts\/341673\/revisions"}],"wp:featuredmedia":[{"embeddable":true,"href":"https:\/\/www.europesays.com\/fr\/wp-json\/wp\/v2\/media\/341674"}],"wp:attachment":[{"href":"https:\/\/www.europesays.com\/fr\/wp-json\/wp\/v2\/media?parent=341673"}],"wp:term":[{"taxonomy":"category","embeddable":true,"href":"https:\/\/www.europesays.com\/fr\/wp-json\/wp\/v2\/categories?post=341673"},{"taxonomy":"post_tag","embeddable":true,"href":"https:\/\/www.europesays.com\/fr\/wp-json\/wp\/v2\/tags?post=341673"}],"curies":[{"name":"wp","href":"https:\/\/api.w.org\/{rel}","templated":true}]}}