{"id":341675,"date":"2025-08-25T00:11:10","date_gmt":"2025-08-25T00:11:10","guid":{"rendered":"https:\/\/www.europesays.com\/fr\/341675\/"},"modified":"2025-08-25T00:11:10","modified_gmt":"2025-08-25T00:11:10","slug":"amelie-nothomb-un-an-et-demi-que-je-mens-lecrivaine-a-succes-cache-la-mort-dun-de-ses-proches-depuis-de-longs-mois","status":"publish","type":"post","link":"https:\/\/www.europesays.com\/fr\/341675\/","title":{"rendered":"Am\u00e9lie Nothomb : \u00ab\u00a0Un an et demi que je mens\u2026\u00a0\u00bb, l\u2019\u00e9crivaine \u00e0 succ\u00e8s cache la mort d\u2019un de ses proches depuis de longs mois"},"content":{"rendered":"<p>Avec plus de trente livres parus depuis le d\u00e9but de sa carri\u00e8re,<br \/>\nAm\u00e9lie Nothomb est une des \u00e9crivaines les plus connues de France.<br \/>\nElle suit le m\u00eame rythme de publication depuis toujours, avec un<br \/>\nroman par an en librairie. Au fil des ann\u00e9es, son style,<br \/>\nreconnaissable par sa langue vive et son m\u00e9lange d\u2019humour noir, de<br \/>\nr\u00e9f\u00e9rences litt\u00e9raires et d\u2019\u00e9l\u00e9ments autobiographiques, s\u00e9duit un<br \/>\nlarge lectorat. Parmi ses \u0153uvres les plus connues figurent \u00ab\u00a0Stupeur<br \/>\net tremblements\u00a0\u00bb, inspir\u00e9 de son exp\u00e9rience dans une entreprise<br \/>\njaponaise, laur\u00e9ate du Grand Prix du roman de l\u2019Acad\u00e9mie fran\u00e7aise,<br \/>\n\u00ab\u00a0M\u00e9taphysique des tubes\u00a0\u00bb (2000), qui revient sur son enfance au<br \/>\nJapon ou encore \u00ab\u00a0Ni d\u2019\u00c8ve ni d\u2019Adam\u00a0\u00bb (2007), qui lui vaut le prix<br \/>\nde Flore.<\/p>\n<p>Le 20 ao\u00fbt 2025, l\u2019\u00e9crivaine \u00e0 succ\u00e8s revient avec son nouvel<br \/>\nouvrage \u201cTant mieux\u201d, qui para\u00eet comme toujours aux \u00e9ditions Albin<br \/>\nMichel. Mais il s\u2019agit d\u2019un livre particulier, qui <strong>cache un<br \/>\nlourd secret<\/strong> qu\u2019elle a gard\u00e9 pendant plusieurs mois.<\/p>\n<p>Am\u00e9lie Nothomb annonce le d\u00e9c\u00e8s de sa m\u00e8re<\/p>\n<p>Pendant plus d\u2019un an, Am\u00e9lie Nothomb a menti. Non pas parce<br \/>\nqu\u2019elle avait envie de cacher la v\u00e9rit\u00e9, mais parce qu\u2019elle \u00e9tait<br \/>\ntrop dure \u00e0 affronter. Le 23 ao\u00fbt, c\u2019est dans une interview donn\u00e9e<br \/>\n\u00e0 Brut qu\u2019elle l\u00e8ve enfin le voile sur ce qui la ronge<br \/>\ndepuis des mois : la mort de sa maman. \u201cCe livre est un livre<br \/>\nsur ma m\u00e8re. <strong>Il se trouve que ma m\u00e8re est morte le 11<br \/>\nf\u00e9vrier 2024,<\/strong> et que \u00e7a a \u00e9t\u00e9 pour moi, \u00e9videmment,<br \/>\n<strong>un choc terrible<\/strong>\u2026\u201d, d\u00e9voile-t-elle. Suite \u00e0<br \/>\ncette confession, on la sent saisi par l\u2019\u00e9motion. Elle poursuit, en<br \/>\nexpliquant qu\u2019elle ment depuis tout ce temps : \u201cCela fait un an<br \/>\net demi que je mens aux gens qui me demandent : \u00ab\u00a0Comment va votre<br \/>\nm\u00e8re ?\u00a0\u00bb Je dis : \u00ab\u00a0Ah, tr\u00e8s bien !\u00a0\u00bb<\/p>\n<p>Formuler les choses \u00e0 haute voix oblige \u00e0 se confronter \u00e0 la<br \/>\nv\u00e9rit\u00e9, et cela est parfois trop difficile. L\u2019\u00e9crivaine, qui<br \/>\n<a href=\"https:\/\/www.closermag.fr\/people\/il-a-passe-mon-enfance-a-me-persecuter-les-etonnantes-confidences-d-amelie-nothomb-sur-son-frere-aine-1634606#item=1\" rel=\"nofollow noopener\" target=\"_blank\"><br \/>\ns\u00a0\u00bbexprime rarement sur sa vie priv\u00e9e<\/a>, poursuit : \u201cJ\u2019ai<br \/>\nhonte et je pr\u00e9sente mes excuses \u00e0 toutes les personnes \u00e0 qui j\u2019ai<br \/>\nmenti, mais ce n\u2019\u00e9tait vraiment pas par perversit\u00e9\u2026\u201d Parler ?<br \/>\nElle en \u00e9tait incapable : <strong>\u201c<\/strong><strong>J\u2019ai<br \/>\nl\u2019impression de faire mon coming out,<\/strong> mon coming out<br \/>\nd\u2019orpheline, parce que je n\u2019avais pas encore os\u00e9 dire que ma m\u00e8re<br \/>\n\u00e9tait morte.\u201d<\/p>\n<blockquote class=\"twitter-tweet\"><p><a class=\"twitter-link\" rel=\"noindex, nofollow noopener\" href=\"https:\/\/twitter.com\/brutofficiel\/status\/1959232334579843336\" target=\"_blank\"><\/p><\/blockquote>\n<p>Am\u00e9lie Nothomb : son nouveau livre en<br \/>\nhommage \u00e0 sa maman<\/p>\n<p>Tout au long de sa vie, Am\u00e9lie Nothomb a travers\u00e9 de nombreuses<br \/>\n\u00e9preuves. Elle a <a href=\"https:\/\/www.closermag.fr\/people\/amelie-nothomb-ancienne-anorexique-l-auteure-se-confie-sur-cette-maladie-qui-a-marque-son-adolescence-1634168#item=1\" rel=\"nofollow noopener\" target=\"_blank\"><br \/>\nsouffert de troubles alimentaires dans son enfance<\/a>, <a href=\"https:\/\/www.closermag.fr\/people\/quatre-jeunes-hommes-qui-amelie-nothomb-trouve-enfin-la-force-de-se-confier-sur-le-viol-collectif-impuni-quelle-a-subi-3255668\" rel=\"nofollow noopener\" target=\"_blank\"><br \/>\nsubi un viol collectif<\/a> et elle a \u00e9galement <a href=\"https:\/\/www.closermag.fr\/people\/amelie-nothomb-de-quoi-est-mort-son-pere-1389428#item=1\" rel=\"nofollow noopener\" target=\"_blank\"><br \/>\nperdu son p\u00e8re en 2020<\/a>. Elle n\u2019\u00e9tait d\u2019ailleurs <a href=\"https:\/\/www.closermag.fr\/people\/amelie-nothomb-pourquoi-elle-n-est-pas-allee-aux-obseques-de-son-pere-1435324#item=1\" rel=\"nofollow noopener\" target=\"_blank\"><br \/>\npas all\u00e9e \u00e0 l\u2019enterrement.<\/a><\/p>\n<p>Si l\u2019\u00e9crivaine a du mal \u00e0 faire part de son v\u00e9cu \u00e0 l\u2019oral, tous<br \/>\nses livres sont inspir\u00e9s de sa propre histoire. Ainsi, dans \u201cTant<br \/>\nmieux\u201d, elle \u00e9voque le souvenir de sa maman. Un livre-hommage, pour<br \/>\ncelle qu\u2019elle aimait tant.<\/p>\n<p><script async src=\"https:\/\/platform.twitter.com\/widgets.js\" charset=\"utf-8\"><\/script><\/p>\n","protected":false},"excerpt":{"rendered":"Avec plus de trente livres parus depuis le d\u00e9but de sa carri\u00e8re, Am\u00e9lie Nothomb est une des \u00e9crivaines&hellip;\n","protected":false},"author":2,"featured_media":341676,"comment_status":"","ping_status":"","sticky":false,"template":"","format":"standard","meta":{"footnotes":""},"categories":[1359],"tags":[548,1362,58,59,1011,27,973],"class_list":{"0":"post-341675","1":"post","2":"type-post","3":"status-publish","4":"format-standard","5":"has-post-thumbnail","7":"category-people","8":"tag-article-simple","9":"tag-deuil","10":"tag-divertissement","11":"tag-entertainment","12":"tag-fr","13":"tag-france","14":"tag-people"},"share_on_mastodon":{"url":"https:\/\/pubeurope.com\/@fr\/115086510208461625","error":""},"_links":{"self":[{"href":"https:\/\/www.europesays.com\/fr\/wp-json\/wp\/v2\/posts\/341675","targetHints":{"allow":["GET"]}}],"collection":[{"href":"https:\/\/www.europesays.com\/fr\/wp-json\/wp\/v2\/posts"}],"about":[{"href":"https:\/\/www.europesays.com\/fr\/wp-json\/wp\/v2\/types\/post"}],"author":[{"embeddable":true,"href":"https:\/\/www.europesays.com\/fr\/wp-json\/wp\/v2\/users\/2"}],"replies":[{"embeddable":true,"href":"https:\/\/www.europesays.com\/fr\/wp-json\/wp\/v2\/comments?post=341675"}],"version-history":[{"count":0,"href":"https:\/\/www.europesays.com\/fr\/wp-json\/wp\/v2\/posts\/341675\/revisions"}],"wp:featuredmedia":[{"embeddable":true,"href":"https:\/\/www.europesays.com\/fr\/wp-json\/wp\/v2\/media\/341676"}],"wp:attachment":[{"href":"https:\/\/www.europesays.com\/fr\/wp-json\/wp\/v2\/media?parent=341675"}],"wp:term":[{"taxonomy":"category","embeddable":true,"href":"https:\/\/www.europesays.com\/fr\/wp-json\/wp\/v2\/categories?post=341675"},{"taxonomy":"post_tag","embeddable":true,"href":"https:\/\/www.europesays.com\/fr\/wp-json\/wp\/v2\/tags?post=341675"}],"curies":[{"name":"wp","href":"https:\/\/api.w.org\/{rel}","templated":true}]}}