{"id":341677,"date":"2025-08-25T00:12:27","date_gmt":"2025-08-25T00:12:27","guid":{"rendered":"https:\/\/www.europesays.com\/fr\/341677\/"},"modified":"2025-08-25T00:12:27","modified_gmt":"2025-08-25T00:12:27","slug":"saint-sernin-du-plain-marie-rodet-veut-aussi-photographier-des-professionnels-au-travail","status":"publish","type":"post","link":"https:\/\/www.europesays.com\/fr\/341677\/","title":{"rendered":"Saint-Sernin-du-Plain. Marie Rodet veut aussi photographier des professionnels au travail"},"content":{"rendered":"<p>Aux c\u00f4t\u00e9s de son p\u00e8re, Marie Rodet a d\u00e9couvert la photo avec des appareils argentiques d\u00e8s l\u2019\u00e2ge de 8 ans. \u00ab\u00a0\u00c0 la maison, nous avions un laboratoire et une chambre noire. Nous pouvions ainsi d\u00e9velopper nos photos. \u00c0 un moment, mon p\u00e8re a arr\u00eat\u00e9 et j\u2019ai continu\u00e9 seule. Avec un Minolta, je faisais des portraits de mes amies lorsque j\u2019\u00e9tais au coll\u00e8ge\u00a0\u00bb, raconte la photographe.<\/p>\n<p>\u00c0 cette \u00e9poque, elle ne pensait pas en faire son m\u00e9tier, car elle dessinait, peignait et&#8230;<\/p>\n","protected":false},"excerpt":{"rendered":"Aux c\u00f4t\u00e9s de son p\u00e8re, Marie Rodet a d\u00e9couvert la photo avec des appareils argentiques d\u00e8s l\u2019\u00e2ge de&hellip;\n","protected":false},"author":2,"featured_media":341678,"comment_status":"","ping_status":"","sticky":false,"template":"","format":"standard","meta":{"footnotes":""},"categories":[1358],"tags":[1348,1384,1385,4406,47810,1386,58,33,22717,59,107,1011,27,47809],"class_list":{"0":"post-341677","1":"post","2":"type-post","3":"status-publish","4":"format-standard","5":"has-post-thumbnail","7":"category-arts-et-design","8":"tag-arts","9":"tag-arts-and-design","10":"tag-arts-et-design","11":"tag-commerce-et-services","12":"tag-couches-bassin","13":"tag-design","14":"tag-divertissement","15":"tag-economie","16":"tag-edition-le-creusot","17":"tag-entertainment","18":"tag-fil-info","19":"tag-fr","20":"tag-france","21":"tag-saint-sernin-du-plain"},"share_on_mastodon":{"url":"https:\/\/pubeurope.com\/@fr\/115086514206090015","error":""},"_links":{"self":[{"href":"https:\/\/www.europesays.com\/fr\/wp-json\/wp\/v2\/posts\/341677","targetHints":{"allow":["GET"]}}],"collection":[{"href":"https:\/\/www.europesays.com\/fr\/wp-json\/wp\/v2\/posts"}],"about":[{"href":"https:\/\/www.europesays.com\/fr\/wp-json\/wp\/v2\/types\/post"}],"author":[{"embeddable":true,"href":"https:\/\/www.europesays.com\/fr\/wp-json\/wp\/v2\/users\/2"}],"replies":[{"embeddable":true,"href":"https:\/\/www.europesays.com\/fr\/wp-json\/wp\/v2\/comments?post=341677"}],"version-history":[{"count":0,"href":"https:\/\/www.europesays.com\/fr\/wp-json\/wp\/v2\/posts\/341677\/revisions"}],"wp:featuredmedia":[{"embeddable":true,"href":"https:\/\/www.europesays.com\/fr\/wp-json\/wp\/v2\/media\/341678"}],"wp:attachment":[{"href":"https:\/\/www.europesays.com\/fr\/wp-json\/wp\/v2\/media?parent=341677"}],"wp:term":[{"taxonomy":"category","embeddable":true,"href":"https:\/\/www.europesays.com\/fr\/wp-json\/wp\/v2\/categories?post=341677"},{"taxonomy":"post_tag","embeddable":true,"href":"https:\/\/www.europesays.com\/fr\/wp-json\/wp\/v2\/tags?post=341677"}],"curies":[{"name":"wp","href":"https:\/\/api.w.org\/{rel}","templated":true}]}}