{"id":341679,"date":"2025-08-25T00:13:16","date_gmt":"2025-08-25T00:13:16","guid":{"rendered":"https:\/\/www.europesays.com\/fr\/341679\/"},"modified":"2025-08-25T00:13:16","modified_gmt":"2025-08-25T00:13:16","slug":"le-dialogue-inedit-entre-amelie-nothomb-et-catherine-millet-qui-ont-ecrit-sur-leurs-meres","status":"publish","type":"post","link":"https:\/\/www.europesays.com\/fr\/341679\/","title":{"rendered":"le dialogue in\u00e9dit entre Am\u00e9lie Nothomb\u00a0et Catherine Millet qui ont \u00e9crit sur leurs m\u00e8res"},"content":{"rendered":"<p>        Lire\u00a0plus\u00a0tard      <\/p>\n<p><a aria-label=\"Nous suivre sur Google News\" href=\"https:\/\/news.google.com\/publications\/CAAqBwgKMJe4nQkw3dFs?hl=fr&amp;gl=FR&amp;ceid=FR%3Afr\" target=\"_blank\" data-piano=\"Page_Article,Sous_date_publi,Nous_suivre_sur_google_news,1er_clic,action\" class=\"btn btn--small btn--tertiary btn--icon-only\" rel=\"noopener\"><\/p>\n<p>      Google Actualit\u00e9s<br \/>\n  <\/a><\/p>\n<p>  Partager<\/p>\n<p>        Facebook<\/p>\n<p>        Bluesky<\/p>\n<p>        E-mail<\/p>\n<p>        Copier le lien<\/p>\n<p>      Envoyer<\/p>\n<p>      S\u2019abonner pour lire    <\/p>\n<p class=\"article__description latino-800m my-24\" data-oncrawl-chapo-length=\"206\">\n  \t  Entretien\u00a0<br \/>\n    L\u2019autrice de \u00ab\u00a0la Vie sexuelle de Catherine\u00a0M.\u00a0\u00bb et l\u2019\u00e9crivaine belge de \u00ab\u00a0Stupeur et Tremblements\u00a0\u00bb publient chacune un livre consacr\u00e9 \u00e0 leur m\u00e8re d\u00e9funte et dialoguent ici pour la premi\u00e8re fois.<\/p>\n<p class=\"latino-500b text-grey-600\">Pour aller plus loin<\/p>\n<p class=\"node__paragraphe antonia-750r text-grey-800 pb-24 pb-md-30\">\nMidi pile au Bar Aristide, H\u00f4tel Lutetia, Paris. Toute de noir v\u00eatue, Am\u00e9lie Nothomb arrive la premi\u00e8re. Catherine Millet la suit, remarquant aussit\u00f4t que, si elles se sont d\u00e9j\u00e0 crois\u00e9es, les deux \u00e9crivaines n\u2019ont jamais eu l\u2019occasion de faire vraiment connaissance. Elles ont pourtant en commun d\u2019avoir consacr\u00e9 \u00e0 la mort de leur m\u00e8re deux des textes les plus forts <a href=\"https:\/\/www.nouvelobs.com\/bibliobs\/20250817.OBS106796\/tout-ce-que-vous-devez-savoir-sur-la-rentree-litteraire-sans-oser-le-demander.html\" target=\"_blank\" rel=\"noopener\">de cette rentr\u00e9e<\/a>.<\/p>\n<p class=\"node__paragraphe antonia-750r text-grey-800 pb-8\">\nSimone Emonet s\u2019est suicid\u00e9e il y a une quarantaine d\u2019ann\u00e9es. Sa fille, l\u2019\u00e9crivaine Catherine Millet, raconte dans un r\u00e9cit port\u00e9 par une intelligence et un humour omnipr\u00e9sents comment la vie pesa d\u2019un poids \u00e9crasant sur cette femme dont elle retrace l\u2019existence. Dani\u00e8le, la m\u00e8re d\u2019Am\u00e9lie Nothomb, s\u2026<\/p>\n<p>  <img loading=\"lazy\" decoding=\"async\" class=\"floating-img\" src=\"https:\/\/www.europesays.com\/fr\/wp-content\/uploads\/2025\/07\/img-paywall@2x.png\" width=\"142\" height=\"91\" alt=\"\"\/><\/p>\n<p class=\"latino-100m text-blue-400\">Article r\u00e9serv\u00e9 aux abonn\u00e9s.<\/p>\n<p>          Se connecter<\/p>\n<p class=\"pb-16 text-center antonia-1850c\">Offre d\u2019\u00e9t\u00e9\u00a0:<br \/>1\u20ac\/mois pendant 6\u00a0mois<\/p>\n<p>\n        S&rsquo;abonner\n      <\/p>\n<p>          D\u00e9couvrir toutes nos offres<\/p>\n","protected":false},"excerpt":{"rendered":"Lire\u00a0plus\u00a0tard Google Actualit\u00e9s Partager Facebook Bluesky E-mail Copier le lien Envoyer S\u2019abonner pour lire Entretien\u00a0 L\u2019autrice de \u00ab\u00a0la&hellip;\n","protected":false},"author":2,"featured_media":341680,"comment_status":"","ping_status":"","sticky":false,"template":"","format":"standard","meta":{"footnotes":""},"categories":[1357],"tags":[17,9822,6473,1379,8617,58,47811,59,33963,1011,27,17677,2003,1380,47812,37338],"class_list":{"0":"post-341679","1":"post","2":"type-post","3":"status-publish","4":"format-standard","5":"has-post-thumbnail","7":"category-livres","8":"tag-17","9":"tag-acte","10":"tag-bibliobs","11":"tag-books","12":"tag-dialogue","13":"tag-divertissement","14":"tag-ecrit","15":"tag-entertainment","16":"tag-etais","17":"tag-fr","18":"tag-france","19":"tag-inedit","20":"tag-livre","21":"tag-livres","22":"tag-orpheline","23":"tag-rentree-litteraire"},"share_on_mastodon":{"url":"https:\/\/pubeurope.com\/@fr\/115086518157943176","error":""},"_links":{"self":[{"href":"https:\/\/www.europesays.com\/fr\/wp-json\/wp\/v2\/posts\/341679","targetHints":{"allow":["GET"]}}],"collection":[{"href":"https:\/\/www.europesays.com\/fr\/wp-json\/wp\/v2\/posts"}],"about":[{"href":"https:\/\/www.europesays.com\/fr\/wp-json\/wp\/v2\/types\/post"}],"author":[{"embeddable":true,"href":"https:\/\/www.europesays.com\/fr\/wp-json\/wp\/v2\/users\/2"}],"replies":[{"embeddable":true,"href":"https:\/\/www.europesays.com\/fr\/wp-json\/wp\/v2\/comments?post=341679"}],"version-history":[{"count":0,"href":"https:\/\/www.europesays.com\/fr\/wp-json\/wp\/v2\/posts\/341679\/revisions"}],"wp:featuredmedia":[{"embeddable":true,"href":"https:\/\/www.europesays.com\/fr\/wp-json\/wp\/v2\/media\/341680"}],"wp:attachment":[{"href":"https:\/\/www.europesays.com\/fr\/wp-json\/wp\/v2\/media?parent=341679"}],"wp:term":[{"taxonomy":"category","embeddable":true,"href":"https:\/\/www.europesays.com\/fr\/wp-json\/wp\/v2\/categories?post=341679"},{"taxonomy":"post_tag","embeddable":true,"href":"https:\/\/www.europesays.com\/fr\/wp-json\/wp\/v2\/tags?post=341679"}],"curies":[{"name":"wp","href":"https:\/\/api.w.org\/{rel}","templated":true}]}}