{"id":341681,"date":"2025-08-25T00:14:20","date_gmt":"2025-08-25T00:14:20","guid":{"rendered":"https:\/\/www.europesays.com\/fr\/341681\/"},"modified":"2025-08-25T00:14:20","modified_gmt":"2025-08-25T00:14:20","slug":"ce-detail-a-propos-de-michael-landon-charles-ingalls-qui-saute-aux-yeux-en-revoyant-la-serie","status":"publish","type":"post","link":"https:\/\/www.europesays.com\/fr\/341681\/","title":{"rendered":"Ce d\u00e9tail \u00e0 propos de Michael Landon (Charles Ingalls) qui saute aux yeux en revoyant la s\u00e9rie"},"content":{"rendered":"<p>En regardant La Petite Maison dans la prairie, un d\u00e9tail saute aux yeux, alors qu&rsquo;\u00e0 l&rsquo;\u00e9poque, personne ne l&rsquo;avait vu ! Cela concerne Michael Landon, l\u2019interpr\u00e8te de Charles Ingalls. Avec du recul, il est vrai que ce n\u2019\u00e9tait pas vraiment tr\u00e8s discret\u2026\u00a0<\/p>\n<p>S\u00e9rie des ann\u00e9es 1970 et 1980, La Petite Maison dans la prairie fait partie de ces fiction qui marchent encore malgr\u00e9 le temps qui passe. Tr\u00e8s r\u00e9guli\u00e8rement, elle est d&rsquo;ailleurs rediffus\u00e9e \u00e0 la t\u00e9l\u00e9vision fran\u00e7aise. <a href=\"https:\/\/www.programme-tv.net\/news\/series-tv\/378627-la-petite-maison-dans-la-prairie-ce-que-l-on-sait-deja-sur-le-reboot-de-netflix\/\" data-api-deeplink=\"teleloisirs:\/\/news\/378627\" target=\"_blank\" rel=\"noopener\">La nostalgie est telle qu&rsquo;un reboot va m\u00eame voir le jour !<\/a> Les fans de la s\u00e9rie d&rsquo;origine ont alors fait <a href=\"https:\/\/www.programme-tv.net\/news\/series-tv\/381171-la-petite-maison-dans-la-prairie-les-fans-ont-une-demande-particuliere-pour-le-reboot-de-netflix\/\" data-api-deeplink=\"teleloisirs:\/\/news\/381171\" target=\"_blank\" rel=\"noopener\">une demande sp\u00e9ciale pour cette nouvelle version,<\/a> actuellement en tournage pour Netflix. Mais s&rsquo;il vous arrive de revoir des \u00e9pisodes de La Petite Maison dans la prairie, peut-\u00eatre remarquerez-vous ce d\u00e9tail \u00e0 propos du personnage de Charles Ingalls.<\/p>\n<p>Michael Landon (Charles Ingalls) jouait-il du violon pour de vrai dans La Petite Maison dans la prairie ?<\/p>\n<p>Dans diff\u00e9rents \u00e9pisodes de La Petite Maison dans la prairie, le patriarche Charles Ingalls joue du violon, notamment lors de r\u00e9unions de famille, pour c\u00e9l\u00e9brer un mariage ou simplement au cours d&rsquo;une f\u00eate. Mais<a href=\"https:\/\/www.programme-tv.net\/news\/series-tv\/382431-la-petite-maison-dans-la-prairie-il-y-a-34-ans-mourait-michael-landon-un-pere-un-conteur-d-histoires-et-un-reveur\/\" data-api-deeplink=\"teleloisirs:\/\/news\/382431\" target=\"_blank\" rel=\"noopener\"> l&rsquo;acteur regrett\u00e9 Michael Landon<\/a>, qui incarnait Charles Ingalls, jouait-il r\u00e9ellement du violon ? La r\u00e9ponse est non.<b> <\/b>Pour faire croire que le com\u00e9dien \u00e9tait bien aux commandes de son instrument de musique, la m\u00e9lodie \u00e9tait ajout\u00e9e apr\u00e8s en postproduction, et non en direct pendant le tournage. <b>Les plus attentifs des t\u00e9l\u00e9spectateurs ont d&rsquo;ailleurs remarqu\u00e9 que les mouvements de l&rsquo;archet ne correspondaient souvent pas au son diffus\u00e9.<\/b> Sur la page Facebook des fans de La Petite Maison dans la prairie, les internautes ont justement comment\u00e9 : \u00ab\u00a0Si vous le regardez jouer du violon, vous pouvez voir qu&rsquo;il n&rsquo;en joue pas. Son archet ne bouge pas au m\u00eame rythme que la chanson\u00a0\u00bb ou encore \u00ab\u00a0Regardez attentivement, car l&rsquo;archet ne touche pas souvent les cordes.\u00a0\u00bb<\/p>\n<p>                        La Petite Maison dans la prairie : Melissa Gilbert a achet\u00e9 le violon pour l&rsquo;offrir \u00e0 un mus\u00e9e<\/p>\n<p>M\u00eame si Michael Landon ne jouait pas vraiment du violon, cet instrument de musique est devenu un vrai souvenir de la s\u00e9rie, au point que <a href=\"https:\/\/www.programme-tv.net\/biographie\/1163-gilbert-melissa\/\" data-link-people=\"c17d5789-f960-4e61-b99f-86becc851efb\" target=\"_blank\" rel=\"noopener\">Melissa Gilbert<\/a>, l&rsquo;interpr\u00e8te de Laura, a d\u00e9cid\u00e9 de l&rsquo;acheter. <b>La com\u00e9dienne en a ensuite fait don au Laura Ingalls Wilder Museum de Walnut Grove situ\u00e9 dans le Minnesota. <\/b>Un mus\u00e9e qui rend hommage \u00e0 la famille Ingalls et qui pr\u00e9sente notamment des accessoires, des costumes et des \u00e9l\u00e9ments de d\u00e9cor originaux de la s\u00e9rie \u00e0 succ\u00e8s.<\/p>\n<p>Article \u00e9crit avec la collaboration de 6m\u00e9dias.<\/p>\n","protected":false},"excerpt":{"rendered":"En regardant La Petite Maison dans la prairie, un d\u00e9tail saute aux yeux, alors qu&rsquo;\u00e0 l&rsquo;\u00e9poque, personne ne&hellip;\n","protected":false},"author":2,"featured_media":341682,"comment_status":"","ping_status":"","sticky":false,"template":"","format":"standard","meta":{"footnotes":""},"categories":[1356],"tags":[244,58,59,1011,27,42067,42066,5249,10395,4496,129,252,1364],"class_list":{"0":"post-341681","1":"post","2":"type-post","3":"status-publish","4":"format-standard","5":"has-post-thumbnail","7":"category-television","8":"tag-commentaire","9":"tag-divertissement","10":"tag-entertainment","11":"tag-fr","12":"tag-france","13":"tag-la-petite-maison-dans-la-prairie","14":"tag-michael-landon","15":"tag-mytf1-max","16":"tag-pub-streaming","17":"tag-superstream","18":"tag-svod","19":"tag-television","20":"tag-tv"},"share_on_mastodon":{"url":"https:\/\/pubeurope.com\/@fr\/115086522062371985","error":""},"_links":{"self":[{"href":"https:\/\/www.europesays.com\/fr\/wp-json\/wp\/v2\/posts\/341681","targetHints":{"allow":["GET"]}}],"collection":[{"href":"https:\/\/www.europesays.com\/fr\/wp-json\/wp\/v2\/posts"}],"about":[{"href":"https:\/\/www.europesays.com\/fr\/wp-json\/wp\/v2\/types\/post"}],"author":[{"embeddable":true,"href":"https:\/\/www.europesays.com\/fr\/wp-json\/wp\/v2\/users\/2"}],"replies":[{"embeddable":true,"href":"https:\/\/www.europesays.com\/fr\/wp-json\/wp\/v2\/comments?post=341681"}],"version-history":[{"count":0,"href":"https:\/\/www.europesays.com\/fr\/wp-json\/wp\/v2\/posts\/341681\/revisions"}],"wp:featuredmedia":[{"embeddable":true,"href":"https:\/\/www.europesays.com\/fr\/wp-json\/wp\/v2\/media\/341682"}],"wp:attachment":[{"href":"https:\/\/www.europesays.com\/fr\/wp-json\/wp\/v2\/media?parent=341681"}],"wp:term":[{"taxonomy":"category","embeddable":true,"href":"https:\/\/www.europesays.com\/fr\/wp-json\/wp\/v2\/categories?post=341681"},{"taxonomy":"post_tag","embeddable":true,"href":"https:\/\/www.europesays.com\/fr\/wp-json\/wp\/v2\/tags?post=341681"}],"curies":[{"name":"wp","href":"https:\/\/api.w.org\/{rel}","templated":true}]}}