{"id":341683,"date":"2025-08-25T00:15:11","date_gmt":"2025-08-25T00:15:11","guid":{"rendered":"https:\/\/www.europesays.com\/fr\/341683\/"},"modified":"2025-08-25T00:15:11","modified_gmt":"2025-08-25T00:15:11","slug":"je-pense-que-je-vais-vraiment-minstaller-la-bas","status":"publish","type":"post","link":"https:\/\/www.europesays.com\/fr\/341683\/","title":{"rendered":"je pense que je vais vraiment m&rsquo;installer l\u00e0-bas"},"content":{"rendered":"<p><strong>Bonheurs simples.<\/strong> Tr\u00e8s attach\u00e9 \u00e0 la Corse comme son p\u00e8re Jacques, <a href=\"https:\/\/www.journaldesfemmes.fr\/people\/thomas-dutronc\/\" title=\"Thomas Dutronc\" rel=\"nofollow noopener\" target=\"_blank\">Thomas Dutronc<\/a> y passe r\u00e9guli\u00e8rement ses vacances dans la maison de sa m\u00e8re, Fran\u00e7oise Hardy, et a d\u00e9sormais l&rsquo;intention d&rsquo;y poser d\u00e9finitivement ses valises ! \u00ab\u00a0Apr\u00e8s cette tourn\u00e9e (Il n&rsquo;est Jamais Trop Tard), je pense que je vais vraiment m&rsquo;installer l\u00e0-bas et prendre le temps de vivre (&#8230;) L\u00e0 j&rsquo;y ai pass\u00e9 un mois et j&rsquo;\u00e9tais tellement bien dans ma peau. J&rsquo;\u00e9tais heureux, j&rsquo;ai march\u00e9 dans ma montagne, il y avait des odeurs, on se couchait t\u00f4t, on mangeait bien, on \u00e9tait \u00e0 la cool\u00a0\u00bb, a expliqu\u00e9 le chanteur de 52 ans \u00e0 Ici.\u00a0<\/p>\n","protected":false},"excerpt":{"rendered":"Bonheurs simples. Tr\u00e8s attach\u00e9 \u00e0 la Corse comme son p\u00e8re Jacques, Thomas Dutronc y passe r\u00e9guli\u00e8rement ses vacances&hellip;\n","protected":false},"author":2,"featured_media":341684,"comment_status":"","ping_status":"","sticky":false,"template":"","format":"standard","meta":{"footnotes":""},"categories":[1355],"tags":[58,59,1011,27,1361,873],"class_list":{"0":"post-341683","1":"post","2":"type-post","3":"status-publish","4":"format-standard","5":"has-post-thumbnail","7":"category-musique","8":"tag-divertissement","9":"tag-entertainment","10":"tag-fr","11":"tag-france","12":"tag-music","13":"tag-musique"},"share_on_mastodon":{"url":"https:\/\/pubeurope.com\/@fr\/115086525976344603","error":""},"_links":{"self":[{"href":"https:\/\/www.europesays.com\/fr\/wp-json\/wp\/v2\/posts\/341683","targetHints":{"allow":["GET"]}}],"collection":[{"href":"https:\/\/www.europesays.com\/fr\/wp-json\/wp\/v2\/posts"}],"about":[{"href":"https:\/\/www.europesays.com\/fr\/wp-json\/wp\/v2\/types\/post"}],"author":[{"embeddable":true,"href":"https:\/\/www.europesays.com\/fr\/wp-json\/wp\/v2\/users\/2"}],"replies":[{"embeddable":true,"href":"https:\/\/www.europesays.com\/fr\/wp-json\/wp\/v2\/comments?post=341683"}],"version-history":[{"count":0,"href":"https:\/\/www.europesays.com\/fr\/wp-json\/wp\/v2\/posts\/341683\/revisions"}],"wp:featuredmedia":[{"embeddable":true,"href":"https:\/\/www.europesays.com\/fr\/wp-json\/wp\/v2\/media\/341684"}],"wp:attachment":[{"href":"https:\/\/www.europesays.com\/fr\/wp-json\/wp\/v2\/media?parent=341683"}],"wp:term":[{"taxonomy":"category","embeddable":true,"href":"https:\/\/www.europesays.com\/fr\/wp-json\/wp\/v2\/categories?post=341683"},{"taxonomy":"post_tag","embeddable":true,"href":"https:\/\/www.europesays.com\/fr\/wp-json\/wp\/v2\/tags?post=341683"}],"curies":[{"name":"wp","href":"https:\/\/api.w.org\/{rel}","templated":true}]}}