{"id":341697,"date":"2025-08-25T00:23:12","date_gmt":"2025-08-25T00:23:12","guid":{"rendered":"https:\/\/www.europesays.com\/fr\/341697\/"},"modified":"2025-08-25T00:23:12","modified_gmt":"2025-08-25T00:23:12","slug":"rachida-dati-avantagee-la-candidate-ps-a-la-legislative-partielle-a-paris-reclame-un-report-du-scrutin","status":"publish","type":"post","link":"https:\/\/www.europesays.com\/fr\/341697\/","title":{"rendered":"Rachida Dati avantag\u00e9e\u00a0? La candidate PS \u00e0 la l\u00e9gislative partielle \u00e0 Paris r\u00e9clame un report du scrutin"},"content":{"rendered":"<p>        <img decoding=\"async\" loading=\"lazy\" src=\"https:\/\/www.europesays.com\/fr\/wp-content\/uploads\/2025\/08\/7903298_upload-1-5bmsl8rrm6oc-000-par8271044.jpg\"  width=\"728\" height=\"409\" alt=\"Fr\u00e9d\u00e9rique\u00a0Bredin, candidate PS \u00e0 l\u2019\u00e9lection l\u00e9gislative partielle de Paris, demande \u00e0 Fran\u00e7ois Bayrou un report du scrutin.\"\/>  <\/p>\n<p>XAVIER LEOTY \/ AFP<\/p>\n<p>Fr\u00e9d\u00e9rique\u00a0Bredin, candidate PS \u00e0 l\u2019\u00e9lection l\u00e9gislative partielle de Paris, demande \u00e0 Fran\u00e7ois Bayrou un report du scrutin.<\/p>\n<p class=\"asset asset-text\">POLITIQUE &#8211; Apr\u00e8s la prise de bec entre<a href=\"https:\/\/www.huffingtonpost.fr\/politique\/article\/la-nouvelle-tentative-de-barnier-pour-eviter-un-duel-face-a-dati-a-la-legislative-a-paris_253225.html\" target=\"_blank\" rel=\"noopener\"> Michel Barnier et Rachida Dati<\/a>, une pol\u00e9mique de plus vient ternir cette \u00e9lection. Fr\u00e9d\u00e9rique\u00a0Bredin, candidate PS \u00e0 l\u2019\u00e9lection l\u00e9gislative partielle de Paris, demande \u00e0 Fran\u00e7ois Bayrou un report du scrutin, pr\u00e9vu les 21 et 28\u00a0septembre, \u00e0 d\u00e9but octobre. L\u2019ex-ministre \u00e9voque des d\u00e9lais trop serr\u00e9s, un t\u00e9lescopage avec les Journ\u00e9es du patrimoine et le calendrier judiciaire de <a href=\"https:\/\/www.huffingtonpost.fr\/politique\/article\/francois-bayrou-sur-youtube-loi-duplomb-les-5-infos-politiques-de-l-ete-a-rattraper-si-vous-n-avez-rien-suivi_253884.html\" target=\"_blank\" rel=\"noopener\">Rachida Dati.<\/a><\/p>\n<p class=\"asset asset-text\">\u00ab\u00a0J\u2019en appelle \u00e0 vous pour vous demander de bien vouloir modifier le d\u00e9cret initial par lequel vous avez arr\u00eat\u00e9 les dates de l\u2019\u00e9lection l\u00e9gislative partielle de la 2e circonscription de Paris, afin de les aligner sur celles retenues pour la 1re circonscription du Tarn-et-Garonne\u00a0: les 5 et 12\u00a0octobre\u00a0\u00bb, \u00e9crit l\u2019ancienne ministre de Fran\u00e7ois Mitterrand dans un courrier au Premier ministre, dat\u00e9 du 18\u00a0ao\u00fbt et r\u00e9v\u00e9l\u00e9e par l\u2019AFP ce dimanche 24\u00a0ao\u00fbt.<\/p>\n<p class=\"asset asset-text\">Fr\u00e9d\u00e9rique\u00a0Bredin est candidate au si\u00e8ge de d\u00e9put\u00e9 de la 2e circonscription, \u00e0 cheval sur les Ve, VIe et VIIe arrondissements, o\u00f9\u00a0l\u2019\u00e9lection du d\u00e9put\u00e9 macroniste Jean Laussucq a \u00e9t\u00e9 invalid\u00e9e le 11\u00a0juillet par le Conseil constitutionnel pour irr\u00e9gularit\u00e9s dans ses comptes de campagne.<\/p>\n<p>    D\u00e9lai trop \u00ab\u00a0court\u00a0\u00bb    <\/p>\n<p class=\"asset asset-text\">Le code \u00e9lectoral pr\u00e9voit un d\u00e9lai de trois mois pour convoquer de nouvelles \u00e9lections. S\u2019\u00e9tonnant d\u2019un d\u00e9lai retenu \u00ab\u00a0aussi court et cela pour la seule circonscription parisienne\u00a0\u00bb, la socialiste rappelle aussi que l\u2019\u00e9lection l\u00e9gislative partielle pr\u00e9vue dans la 5e circonscription des Fran\u00e7ais de l\u2019\u00e9tranger est elle pr\u00e9vue les 28\u00a0septembre et 12\u00a0octobre.<\/p>\n<p class=\"asset asset-text\">\u00ab\u00a0Compte tenu des dates que vous avez fix\u00e9es (&#8230;), les habitants et les candidats de la 2e circonscription parisienne disposent, de ce fait, de deux semaines de campagne de moins (&#8230;), ce qui signifie moins de temps d\u2019information, de rencontres et de d\u00e9bats\u00a0\u00bb, plaide-t-elle.<\/p>\n<p class=\"asset asset-text\">Pour cette \u00e9lection, Fr\u00e9d\u00e9rique Bredin, 68\u00a0ans, sera oppos\u00e9e \u00e0 l\u2019\u00e9ph\u00e9m\u00e8re ex-Premier ministre Michel Barnier, investi par LR, et \u00e0 la candidature dissidente de Rachida Dati, qui brigue la mairie de Paris en 2026.<\/p>\n<p>    Rachida Dati sera \u00ab\u00a0amen\u00e9e \u00e0 s\u2019engager publiquement \u00bb lors des JEP    <\/p>\n<p class=\"asset asset-text\">Fr\u00e9d\u00e9rique Bredin pointe \u00e9galement le calendrier des Journ\u00e9es europ\u00e9ennes du patrimoine, qui se d\u00e9rouleront le week-end du 1er tour. En tant que ministre de la Culture, Rachida Dati sera \u00ab\u00a0amen\u00e9e \u00e0 s\u2019engager publiquement dans le lancement et l\u2019accompagnement, dans les m\u00e9dias et devant les cam\u00e9ras, de cet \u00e9v\u00e9nement majeur de son minist\u00e8re durant les deux jours (&#8230;) o\u00f9 la cl\u00f4ture de la campagne officielle pour le premier tour fera en revanche obligation aux autres candidats de ne plus s\u2019exprimer\u00a0\u00bb, rel\u00e8ve Fr\u00e9d\u00e9rique Bredin.<\/p>\n<p class=\"asset asset-text\">L\u2019ex-ministre rappelle enfin que la date du proc\u00e8s de Rachida Dati, renvoy\u00e9e pour corruption et trafic d\u2019influence, devrait \u00eatre connue le 29\u00a0septembre, soit le lendemain du second tour. \u00ab\u00a0Je tiens par ailleurs \u00e0 m\u2019assurer (&#8230;) que le choix des dates retenues (&#8230;) est sans lien avec les \u00e9ch\u00e9ances judiciaires du 29\u00a0septembre concernant Madame Rachida Dati\u00a0\u00bb, ironise-t-elle.<\/p>\n<p class=\"asset asset-text\">Dans le m\u00eame temps, la ministre de la Culture\u00a0Rachida Dati a, quant \u00e0 elle, annonc\u00e9 samedi le maintien de sa candidature \u00e0 la\u00a0l\u00e9gislative partielle dans la 2e circonscription\u00a0de Paris, malgr\u00e9 l\u2019opposition de l\u2019ex-Premier ministre\u00a0Michel Barnier, investi par son parti Les R\u00e9publicains.<\/p>\n","protected":false},"excerpt":{"rendered":"XAVIER LEOTY \/ AFP Fr\u00e9d\u00e9rique\u00a0Bredin, candidate PS \u00e0 l\u2019\u00e9lection l\u00e9gislative partielle de Paris, demande \u00e0 Fran\u00e7ois Bayrou un&hellip;\n","protected":false},"author":2,"featured_media":341698,"comment_status":"","ping_status":"","sticky":false,"template":"","format":"standard","meta":{"footnotes":""},"categories":[4],"tags":[11,1011,27,431,39207,12,4484,316,417,25],"class_list":{"0":"post-341697","1":"post","2":"type-post","3":"status-publish","4":"format-standard","5":"has-post-thumbnail","7":"category-france","8":"tag-actualites","9":"tag-fr","10":"tag-france","11":"tag-francois-bayrou","12":"tag-legislative-partielle","13":"tag-news","14":"tag-parti-socialiste-ps","15":"tag-politique","16":"tag-rachida-dati","17":"tag-republique-francaise"},"share_on_mastodon":{"url":"https:\/\/pubeurope.com\/@fr\/115086557452336197","error":""},"_links":{"self":[{"href":"https:\/\/www.europesays.com\/fr\/wp-json\/wp\/v2\/posts\/341697","targetHints":{"allow":["GET"]}}],"collection":[{"href":"https:\/\/www.europesays.com\/fr\/wp-json\/wp\/v2\/posts"}],"about":[{"href":"https:\/\/www.europesays.com\/fr\/wp-json\/wp\/v2\/types\/post"}],"author":[{"embeddable":true,"href":"https:\/\/www.europesays.com\/fr\/wp-json\/wp\/v2\/users\/2"}],"replies":[{"embeddable":true,"href":"https:\/\/www.europesays.com\/fr\/wp-json\/wp\/v2\/comments?post=341697"}],"version-history":[{"count":0,"href":"https:\/\/www.europesays.com\/fr\/wp-json\/wp\/v2\/posts\/341697\/revisions"}],"wp:featuredmedia":[{"embeddable":true,"href":"https:\/\/www.europesays.com\/fr\/wp-json\/wp\/v2\/media\/341698"}],"wp:attachment":[{"href":"https:\/\/www.europesays.com\/fr\/wp-json\/wp\/v2\/media?parent=341697"}],"wp:term":[{"taxonomy":"category","embeddable":true,"href":"https:\/\/www.europesays.com\/fr\/wp-json\/wp\/v2\/categories?post=341697"},{"taxonomy":"post_tag","embeddable":true,"href":"https:\/\/www.europesays.com\/fr\/wp-json\/wp\/v2\/tags?post=341697"}],"curies":[{"name":"wp","href":"https:\/\/api.w.org\/{rel}","templated":true}]}}