{"id":341704,"date":"2025-08-25T00:32:15","date_gmt":"2025-08-25T00:32:15","guid":{"rendered":"https:\/\/www.europesays.com\/fr\/341704\/"},"modified":"2025-08-25T00:32:15","modified_gmt":"2025-08-25T00:32:15","slug":"top-14-matchs-amicaux-en-matant-toulon-perpignan-engrange-des-croyances-avant-la-saison","status":"publish","type":"post","link":"https:\/\/www.europesays.com\/fr\/341704\/","title":{"rendered":"Top 14. Matchs amicaux &#8211; En matant Toulon, Perpignan engrange des croyances avant la saison"},"content":{"rendered":"<p>\n                Face \u00e0 des Varois ayant fait confiance \u00e0 leur jeunesse, les Catalans ont pass\u00e9 la vitesse sup\u00e9rieure dans le deuxi\u00e8me acte avec plusieurs comportements qui seront utiles pour la suite.\n            <\/p>\n<p>Le degr\u00e9 de pr\u00e9paration n\u2019\u00e9tait pas le m\u00eame, avec des Varois d\u00e9butant une pr\u00e9paration estivale plus tardivement que celle des Catalans. Un contexte qui a saut\u00e9 aux yeux avec une composition plus mixte propos\u00e9e par Pierre Mignoni dans le deuxi\u00e8me acte, alors que Franck Az\u00e9ma et son staff pouvaient aligner encore un effectif de bonne facture. Le manager de l\u2019Usap ne voulait pas tirer de plan sur la com\u00e8te et expliquait qu\u2019un tel r\u00e9sultat \u00ab\u00a0ne donnait acc\u00e8s \u00e0 rien du tout\u00a0\u00bb. \u00ab\u00a0Par contre pour la t\u00eate, c\u2019est toujours bon, reprenait-il. On valide certaines choses toutefois que les gar\u00e7ons ont boss\u00e9es depuis plusieurs semaines. Il n\u2019y a pas d\u2019enflammade par rapport \u00e0 ce match, eux, ils ont repris tr\u00e8s tard. On sait o\u00f9 nous en sommes.\u00a0\u00bb<\/p>\n<p>Alors que l\u2019alignement fut imp\u00e9rial dans son ensemble, avec de l\u2019autorit\u00e9 dans les airs et une conduite de ballons port\u00e9s \u00e0 la hauteur, les Usapistes ont r\u00e9cit\u00e9 quelques gammes qui ne demandent qu\u2019\u00e0 \u00eatre confirm\u00e9es pour maintenir ce degr\u00e9 de confiance. Humble, le technicien rajoute : \u00ab\u00a0C\u2019\u00e9tait un match de reprise et il faut le remettre \u00e0 sa place. Ce qui m\u2019int\u00e9resse, c\u2019est de voir la concurrence qui s\u2019exprime dans notre groupe, pas pour sa carte personnelle, mais pour l\u2019\u00e9quipe. C\u2019est ce que je retiens de cette confrontation.\u00a0\u00bb Apr\u00e8s un premier acte tout en rodage, les Perpignanais ont augment\u00e9 le curseur \u00e0 tous les niveaux et les changements apport\u00e9s furent suivis d\u2019effets.<\/p>\n<p><strong>L\u2019arrosage de l\u2019\u00e9chauffement<\/strong><\/p>\n<p>Du c\u00f4t\u00e9 du RCT, avec deux compositions bien distinctes, la seconde offrant la part belle \u00e0 une jeunesse qui s\u2019est comport\u00e9e longtemps avec brio, la d\u00e9faite ne pouvait rien remettre en question. Pierre Mignoni en convenait : \u00ab\u00a0Le score est quand m\u00eame lourd. On s\u2019attendait \u00e0 souffrir et on avait pr\u00e9vu une telle rotation. On a laiss\u00e9 17 joueurs \u00e0 la maison, mais sur cette rencontre, nous tombons dans l\u2019indiscipline qui nous tue.\u00a0\u00bb Dans le sillage d\u2019un Ga\u00ebl Dr\u00e9an d\u00e9j\u00e0 aff\u00fbt\u00e9 et d\u2019un premier acte remport\u00e9 avec de nombreuses actions positives vers les ext\u00e9rieurs, le manager des Rouge et Noir voyait d\u00e9j\u00e0 plus loin dans son analyse : \u00ab\u00a0Plusieurs \u00e9l\u00e9ments ont eu ce temps de jeu n\u00e9cessaire, comme Zach Mercer qui en avait besoin apr\u00e8s plusieurs mois sans pouvoir jouer. On peut revoir des choses sur le rythme, mais j\u2019ai aussi vu des s\u00e9quences positives.\u00a0\u00bb<\/p>\n<p>De quoi aussi retrouver son ancien adjoint, Franck Az\u00e9ma, et comme \u00e0 l\u2019accoutum\u00e9e glisser une malicieuse anecdote \u00e0 son sujet : \u00ab\u00a0On s\u2019\u00e9tait appel\u00e9 dans la semaine, c\u2019est un plaisir de le revoir. Il m\u2019a allum\u00e9 l\u2019arrosage pendant l\u2019\u00e9chauffement, cela avait donc mal commenc\u00e9 ! Non, tr\u00e8s content de le croiser, bien s\u00fbr.\u00a0\u00bb Il flottait un air tranquille \u00e0 Aim\u00e9-Giral, celui du devoir accompli du c\u00f4t\u00e9 de Perpignan et d\u2019une marche \u00e0 suivre. Plut\u00f4t celui d\u2019un accroissement de l\u2019intensit\u00e9 \u00e0 pr\u00e9voir \u00e0 destination de Toulon. Le Top 14 n\u2019est plus tr\u00e8s loin.<\/p>\n","protected":false},"excerpt":{"rendered":"Face \u00e0 des Varois ayant fait confiance \u00e0 leur jeunesse, les Catalans ont pass\u00e9 la vitesse sup\u00e9rieure dans&hellip;\n","protected":false},"author":2,"featured_media":341705,"comment_status":"","ping_status":"","sticky":false,"template":"","format":"standard","meta":{"footnotes":""},"categories":[9619],"tags":[1111,11,1777,674,1011,27,12,882,25,2310],"class_list":{"0":"post-341704","1":"post","2":"type-post","3":"status-publish","4":"format-standard","5":"has-post-thumbnail","7":"category-toulon","8":"tag-actu","9":"tag-actualites","10":"tag-eu","11":"tag-europe","12":"tag-fr","13":"tag-france","14":"tag-news","15":"tag-provence-alpes-cote-dazur","16":"tag-republique-francaise","17":"tag-toulon"},"share_on_mastodon":{"url":"https:\/\/pubeurope.com\/@fr\/115086592764455845","error":""},"_links":{"self":[{"href":"https:\/\/www.europesays.com\/fr\/wp-json\/wp\/v2\/posts\/341704","targetHints":{"allow":["GET"]}}],"collection":[{"href":"https:\/\/www.europesays.com\/fr\/wp-json\/wp\/v2\/posts"}],"about":[{"href":"https:\/\/www.europesays.com\/fr\/wp-json\/wp\/v2\/types\/post"}],"author":[{"embeddable":true,"href":"https:\/\/www.europesays.com\/fr\/wp-json\/wp\/v2\/users\/2"}],"replies":[{"embeddable":true,"href":"https:\/\/www.europesays.com\/fr\/wp-json\/wp\/v2\/comments?post=341704"}],"version-history":[{"count":0,"href":"https:\/\/www.europesays.com\/fr\/wp-json\/wp\/v2\/posts\/341704\/revisions"}],"wp:featuredmedia":[{"embeddable":true,"href":"https:\/\/www.europesays.com\/fr\/wp-json\/wp\/v2\/media\/341705"}],"wp:attachment":[{"href":"https:\/\/www.europesays.com\/fr\/wp-json\/wp\/v2\/media?parent=341704"}],"wp:term":[{"taxonomy":"category","embeddable":true,"href":"https:\/\/www.europesays.com\/fr\/wp-json\/wp\/v2\/categories?post=341704"},{"taxonomy":"post_tag","embeddable":true,"href":"https:\/\/www.europesays.com\/fr\/wp-json\/wp\/v2\/tags?post=341704"}],"curies":[{"name":"wp","href":"https:\/\/api.w.org\/{rel}","templated":true}]}}