{"id":341708,"date":"2025-08-25T00:34:51","date_gmt":"2025-08-25T00:34:51","guid":{"rendered":"https:\/\/www.europesays.com\/fr\/341708\/"},"modified":"2025-08-25T00:34:51","modified_gmt":"2025-08-25T00:34:51","slug":"tournoi-montpellier-sempare-de-la-premiere-europa-cup","status":"publish","type":"post","link":"https:\/\/www.europesays.com\/fr\/341708\/","title":{"rendered":"Tournoi | Montpellier s&#8217;empare de la premi\u00e8re Europ&rsquo;A Cup"},"content":{"rendered":"<p>                <img loading=\"lazy\" decoding=\"async\" class=\"size-large wp-image-326949\" src=\"https:\/\/www.europesays.com\/fr\/wp-content\/uploads\/2025\/08\/Bryan-MONTE-Montpellier-HB-Credit-Mylene-CASADO-1024x678.jpg\" alt=\"\" width=\"1024\" height=\"678\"\/>Bryan MONTE &#8211; Montpellier HB &#8211; Cre\u0301dit Myle\u0300ne CASADO<\/p>\n<p style=\"text-align: justify;\"><strong>Le handball europ\u00e9en a fait un retour remarqu\u00e9 \u00e0 Strasbourg, avec l&rsquo;Europ&rsquo;A Cup prenant brillamment le relais de l&#8217;embl\u00e9matique EuroTournoi. Cette comp\u00e9tition, qui a rassembl\u00e9 l&rsquo;\u00e9lite du handball continental chaque \u00e9t\u00e9 en Alsace entre 1994 et 2023, avait \u00e9t\u00e9 mise en pause en 2020 et avait repris en 2022 avant de tirer d\u00e9finitivement sa r\u00e9v\u00e9rence apr\u00e8s l&rsquo;\u00e9dition 2023. Ce 24 ao\u00fbt 2025, le Rhenus de Strasbourg a vibr\u00e9 au rythme d&rsquo;une finale attendue pour cette premi\u00e8re \u00e9dition de l&rsquo;Europ&rsquo;A Cup, opposant le Montpellier Handball au HBC Nantes. Pour Montpellier, premier vainqueur de l&rsquo;EuroTournoi en 1994, l&rsquo;enjeu \u00e9tait symbolique : \u00eatre le premier \u00e0 soulever le nouveau troph\u00e9e et conclure de la meilleure des mani\u00e8res sa phase de matchs amicaux avant le Troph\u00e9e des champions. Nantes, de son c\u00f4t\u00e9, cherchait \u00e0 marquer les esprits dans ce tournoi de pr\u00e9paration.<\/strong><\/p>\n<p>Hugo Bryan Monte sur sc\u00e8ne&#8230;<\/p>\n<p style=\"text-align: justify;\">Le coup d&rsquo;envoi a vu les d\u00e9fenses prendre le pas sur les attaques, avec un score de 1-1 apr\u00e8s huit minutes de jeu. Le gardien montpelli\u00e9rain, <strong>Charles Bolzinger<\/strong>, s&rsquo;est montr\u00e9 imp\u00e9rial d\u00e8s les premi\u00e8res minutes, r\u00e9alisant plusieurs arr\u00eats d\u00e9cisifs, dont un sur un jet de sept m\u00e8tres de <strong>Valero Rivera<\/strong>, pour maintenir son \u00e9quipe en t\u00eate.<\/p>\n<p style=\"text-align: justify;\">Le tournant de la premi\u00e8re p\u00e9riode est survenu lorsque le MHB est devenu \u00ab\u00a0irr\u00e9sistible\u00a0\u00bb. Une succession d&rsquo;attaques bien men\u00e9es, notamment par <strong>Diego Simonet<\/strong> \u00e0 la m\u00e8ne avec les recrues <strong>David Balaguer<\/strong> et <strong>Jack Thurin<\/strong> \u00e0 la finition, a permis \u00e0 Montpellier de creuser un premier \u00e9cart. Puis le show <strong>Hugo Bryan Monte<\/strong> a commenc\u00e9. L&rsquo;arri\u00e8re gauche br\u00e9silien de Montpellier \u00e9tait au four et au moulin, inscrivant 6 buts et d\u00e9livrant 3 passes d\u00e9cisives en 20 minutes contre une \u00e9quipe de Nantes un peu perdue sans <strong>Thibaud Briet<\/strong>, laiss\u00e9 au repos, et se reposant quasi uniquement sur son ailier <strong>Noam Leopold<\/strong> pour tenter d&rsquo;exister dans cette premi\u00e8re mi temps (<strong>17-10 \u00e0 la mi temps<\/strong>).<\/p>\n<p>&#8230; et la quitte pr\u00e9matur\u00e9ment<\/p>\n<p style=\"text-align: justify;\">La seconde p\u00e9riode reprend avec la m\u00eame intensit\u00e9, <strong>R\u00e9mi Desbonnet<\/strong> et <strong>Ignacio Biosca<\/strong> prenant le relais de <strong>Charles Bolzinger<\/strong> et <strong>Ivan Pesic<\/strong> dans les buts des deux \u00e9quipes. <strong>Hugo Bryan Monte<\/strong> continue de son c\u00f4t\u00e9 son r\u00e9cital offensif, atteignant les dix buts \u00e0 la 39\u00e8me minute (23-16), mais un contact quelques minutes plus tard avec <strong>O&rsquo;Bryan Nyateu<\/strong> l&rsquo;oblige \u00e0 quitter le terrain port\u00e9 par ses co\u00e9quipiers, vraisemblablement touch\u00e9 \u00e0 la jambe. Le diagnostic fait dans les prochaines heures sera \u00e0 suivre tant l&rsquo;arri\u00e8re gauche br\u00e9silien a sembl\u00e9 \u00eatre l&rsquo;homme fort de Montpellier sur ce d\u00e9but de saison.<\/p>\n<p style=\"text-align: justify;\">Malgr\u00e9 les efforts de Nantes pour revenir au score par l&rsquo;interm\u00e9diaire d&rsquo;un <strong>Ian Tarrafeta<\/strong> plu\u00f4t efficace au tir, Montpellier a su ma\u00eetriser la situation dans les 15 derni\u00e8res minutes. <strong>Erick Math\u00e9<\/strong> en a profit\u00e9 pour donner du temps de jeu \u00e0 <strong>Zvonimir Srna<\/strong> en attaque, la recrue croate \u00e9tant utilis\u00e9e principalement en d\u00e9fense jusqu&rsquo;alors, et l&rsquo;arri\u00e8re gauche s&rsquo;est illustr\u00e9 avec 3 buts, tout comme <strong>Kylian Prat<\/strong>, tr\u00e8s efficace \u00e0 l&rsquo;aile gauche. Montpellier s&rsquo;impose finalement 32-28 sans avoir jamais v\u00e9ritablement trembl\u00e9 dans cette finale de la premi\u00e8re \u00e9dition de l&rsquo;Europ&rsquo;A Cup, mais il y a fort \u00e0 parier que les prochaines rencontres entre les deux \u00e9quipes dans les prochains mois auront une toute autre physionomie.<\/p>\n<p style=\"text-align: justify;\">Place maintenant au prochain grand rendez-vous pour Montpellier : le Troph\u00e9e des champions qui les opposera au Paris Saint-Germain le samedi 30 ao\u00fbt \u00e0 20h \u00e0 l&rsquo;Arena Futuroscope. Pour Nantes, malgr\u00e9 la d\u00e9faite en finale, ce tournoi aura offert des enseignements importants pour la suite de la saison et la pr\u00e9paration continue avec un dernier match contre Zagreb (battu largement 32-19 en demi finale de l&rsquo;Europ&rsquo;A Cup) le mercredi 27 ao\u00fbt \u00e0 20h \u00e0 la H Arena.<\/p>\n<p style=\"text-align: justify;\"><strong>Montpellier<\/strong>\u00a0&#8211;\u00a0Gardiens\u00a0: Bolzinger (8\/18\u00a0arr\u00eats), Desbonnet (4\/22\u00a0arr\u00eats).\u00a0Joueurs de champs : Villeminot (3\/3), Simonet (1\/3), Balaguer (3\/5 dt 0\/1 pen.), Lenne (2\/3), Srna (2\/3), Prat (3\/4), Moraes (2\/2), Dubois, Guigon, Monte (10\/12), Plantin (1\/1), Porte (1\/2), Thurin (4\/6 dt 2\/2 pen.), Caille.<\/p>\n<p style=\"text-align: justify;\"><strong>Nantes<\/strong> &#8211; Gardiens : Pesic (6\/23 arr\u00eats), Biosca (3\/17 arr\u00eats). Joueurs de champs : Lagarde (1\/4), Minne(5\/7), Yoshida, Tarrafeta (5\/6), Rivera (2\/6 dt 0\/1 pen.), Nyateu, Avelange-Demouge, Ovnicek, Tournat (4\/6), Bos (3\/4), Gaber (1\/1), Leopold (5\/5 dt 2\/2 pen.), Abdi (2\/2)<\/p>\n","protected":false},"excerpt":{"rendered":"Bryan MONTE &#8211; Montpellier HB &#8211; Cre\u0301dit Myle\u0300ne CASADO Le handball europ\u00e9en a fait un retour remarqu\u00e9 \u00e0&hellip;\n","protected":false},"author":2,"featured_media":341709,"comment_status":"","ping_status":"","sticky":false,"template":"","format":"standard","meta":{"footnotes":""},"categories":[9599],"tags":[1111,11,4340,47815,47816,1777,47817,674,1011,27,47818,2208,766,12,47819,45965,2680,25],"class_list":{"0":"post-341708","1":"post","2":"type-post","3":"status-publish","4":"format-standard","5":"has-post-thumbnail","7":"category-montpellier","8":"tag-actu","9":"tag-actualites","10":"tag-aymeric-minne","11":"tag-bryan-monte","12":"tag-charles-bolzinger","13":"tag-eu","14":"tag-europa-cup","15":"tag-europe","16":"tag-fr","17":"tag-france","18":"tag-julien-bos","19":"tag-montpellier","20":"tag-nantes","21":"tag-news","22":"tag-nicolas-tournat","23":"tag-noam-leopold","24":"tag-occitanie","25":"tag-republique-francaise"},"share_on_mastodon":{"url":"https:\/\/pubeurope.com\/@fr\/115086604995183256","error":""},"_links":{"self":[{"href":"https:\/\/www.europesays.com\/fr\/wp-json\/wp\/v2\/posts\/341708","targetHints":{"allow":["GET"]}}],"collection":[{"href":"https:\/\/www.europesays.com\/fr\/wp-json\/wp\/v2\/posts"}],"about":[{"href":"https:\/\/www.europesays.com\/fr\/wp-json\/wp\/v2\/types\/post"}],"author":[{"embeddable":true,"href":"https:\/\/www.europesays.com\/fr\/wp-json\/wp\/v2\/users\/2"}],"replies":[{"embeddable":true,"href":"https:\/\/www.europesays.com\/fr\/wp-json\/wp\/v2\/comments?post=341708"}],"version-history":[{"count":0,"href":"https:\/\/www.europesays.com\/fr\/wp-json\/wp\/v2\/posts\/341708\/revisions"}],"wp:featuredmedia":[{"embeddable":true,"href":"https:\/\/www.europesays.com\/fr\/wp-json\/wp\/v2\/media\/341709"}],"wp:attachment":[{"href":"https:\/\/www.europesays.com\/fr\/wp-json\/wp\/v2\/media?parent=341708"}],"wp:term":[{"taxonomy":"category","embeddable":true,"href":"https:\/\/www.europesays.com\/fr\/wp-json\/wp\/v2\/categories?post=341708"},{"taxonomy":"post_tag","embeddable":true,"href":"https:\/\/www.europesays.com\/fr\/wp-json\/wp\/v2\/tags?post=341708"}],"curies":[{"name":"wp","href":"https:\/\/api.w.org\/{rel}","templated":true}]}}