{"id":341710,"date":"2025-08-25T00:37:34","date_gmt":"2025-08-25T00:37:34","guid":{"rendered":"https:\/\/www.europesays.com\/fr\/341710\/"},"modified":"2025-08-25T00:37:34","modified_gmt":"2025-08-25T00:37:34","slug":"national-stade-arbitre-meteo-les-infos-autour-du-deplacement-de-sochaux-a-rouen","status":"publish","type":"post","link":"https:\/\/www.europesays.com\/fr\/341710\/","title":{"rendered":"National. Stade, arbitre, m\u00e9t\u00e9o\u00a0: les infos autour du d\u00e9placement de Sochaux \u00e0 Rouen"},"content":{"rendered":"<p>  Un stade Diochon vide<\/p>\n<p>Comme nous vous le rappelions en milieu de semaine, la rencontre de ce soir (19h30) se jouera dans un stade vide. A <a href=\"https:\/\/www.estrepublicain.fr\/sport\/2025\/08\/20\/la-rencontre-qui-opposera-le-fc-sochaux-a-rouen-se-jouera-a-huis-clos-en-normandie\" target=\"_blank\" rel=\"noopener\">ucun supporter ne prendra place \u00e0 Robert-Diochon<\/a> (8\u00a0372 places) en raison d\u2019une sanction prononc\u00e9e pour \u00ab\u00a0l\u2019utilisation d\u2019engins pyrotechniques et le jet d\u2019un projectile atteignant un officiel\u00a0\u00bb lors du derby contre QRM en avril. Ce sera le dernier huis clos purg\u00e9 par le FCR.<\/p>\n<p>Pour rappel, le 23\u00a0octobre dernier 2024, des dizaines de personnes encagoul\u00e9es et arm\u00e9s de barres de fer avaient p\u00e9n\u00e9tr\u00e9 dans le parcage r\u00e9serv\u00e9 aux supporters de Sochaux.<\/p>\n<p>  Des conditions m\u00e9t\u00e9o parfaites<\/p>\n<p>L\u2018\u00e9pisode caniculaire qui a touch\u00e9 l\u2019Hexagone \u00e9tant termin\u00e9, les joueurs ont pu souffler cette semaine. Les Sochaliens se sont m\u00eame entra\u00een\u00e9s parfois sous des trombes d\u2019eau jeudi, sur Wembley, avant de prendre la route pour la Normandie o\u00f9 ils sont arriv\u00e9s en d\u00e9but de soir\u00e9e. Ils vont y \u00e9voluer pour cette troisi\u00e8me journ\u00e9e dans des conditions m\u00e9t\u00e9o vraisemblablement id\u00e9ales. Il fera une vingtaine de degr\u00e9s tout au long de la soir\u00e9e, avec un ciel d\u00e9gag\u00e9.<\/p>\n<p>  Jean-Guillaume Dasque au sifflet<\/p>\n<p>C\u2019est Jean-Guillaume Dasque qui dirigera la rencontre. L\u2019homme \u00e2g\u00e9 de\u00a027 ans arbitrera pour la premi\u00e8re fois les Jaune et Bleu.<\/p>\n","protected":false},"excerpt":{"rendered":"Un stade Diochon vide Comme nous vous le rappelions en milieu de semaine, la rencontre de ce soir&hellip;\n","protected":false},"author":2,"featured_media":341711,"comment_status":"","ping_status":"","sticky":false,"template":"","format":"standard","meta":{"footnotes":""},"categories":[9587],"tags":[1111,11,10332,1777,674,14186,63,1011,27,8027,18279,12,5161,25,9590,517,14185],"class_list":{"0":"post-341710","1":"post","2":"type-post","3":"status-publish","4":"format-standard","5":"has-post-thumbnail","7":"category-rouen","8":"tag-actu","9":"tag-actualites","10":"tag-edition-belfort-hericourt-montbeliard","11":"tag-eu","12":"tag-europe","13":"tag-fc-sochaux-montbeliard","14":"tag-football","15":"tag-fr","16":"tag-france","17":"tag-montbeliard","18":"tag-montbeliard-ville-25b","19":"tag-news","20":"tag-normandie","21":"tag-republique-francaise","22":"tag-rouen","23":"tag-sport","24":"tag-sport-franc-comtois"},"share_on_mastodon":{"url":"https:\/\/pubeurope.com\/@fr\/115086612424945235","error":""},"_links":{"self":[{"href":"https:\/\/www.europesays.com\/fr\/wp-json\/wp\/v2\/posts\/341710","targetHints":{"allow":["GET"]}}],"collection":[{"href":"https:\/\/www.europesays.com\/fr\/wp-json\/wp\/v2\/posts"}],"about":[{"href":"https:\/\/www.europesays.com\/fr\/wp-json\/wp\/v2\/types\/post"}],"author":[{"embeddable":true,"href":"https:\/\/www.europesays.com\/fr\/wp-json\/wp\/v2\/users\/2"}],"replies":[{"embeddable":true,"href":"https:\/\/www.europesays.com\/fr\/wp-json\/wp\/v2\/comments?post=341710"}],"version-history":[{"count":0,"href":"https:\/\/www.europesays.com\/fr\/wp-json\/wp\/v2\/posts\/341710\/revisions"}],"wp:featuredmedia":[{"embeddable":true,"href":"https:\/\/www.europesays.com\/fr\/wp-json\/wp\/v2\/media\/341711"}],"wp:attachment":[{"href":"https:\/\/www.europesays.com\/fr\/wp-json\/wp\/v2\/media?parent=341710"}],"wp:term":[{"taxonomy":"category","embeddable":true,"href":"https:\/\/www.europesays.com\/fr\/wp-json\/wp\/v2\/categories?post=341710"},{"taxonomy":"post_tag","embeddable":true,"href":"https:\/\/www.europesays.com\/fr\/wp-json\/wp\/v2\/tags?post=341710"}],"curies":[{"name":"wp","href":"https:\/\/api.w.org\/{rel}","templated":true}]}}