{"id":341714,"date":"2025-08-25T00:41:14","date_gmt":"2025-08-25T00:41:14","guid":{"rendered":"https:\/\/www.europesays.com\/fr\/341714\/"},"modified":"2025-08-25T00:41:14","modified_gmt":"2025-08-25T00:41:14","slug":"giroud-croque-monaco-sur-le-gong-rennes-implose-2","status":"publish","type":"post","link":"https:\/\/www.europesays.com\/fr\/341714\/","title":{"rendered":"Giroud croque Monaco sur le gong, Rennes implose"},"content":{"rendered":"<p class=\"mb-4 text-lg md:leading-8 break-words\">Olivier Giroud a offert une victoire sur le fil \u00e0 Lille contre Monaco et Rennes a \u00e9t\u00e9 plomb\u00e9 par deux exclusions en d\u00e9but de match avant de couler 4-0 dans le derby breton \u00e0 Lorient, dimanche lors de la deuxi\u00e8me journ\u00e9e de Ligue 1.<\/p>\n<p class=\"mb-4 text-lg md:leading-8 break-words\">On joue le d\u00e9but des arr\u00eats de jeu lorsque le stade Pierre-Mauroy peut enfin exploser: Olivier Giroud vient de marquer son deuxi\u00e8me but en deux matches. Le champion du monde fran\u00e7ais a marqu\u00e9 d&rsquo;une frappe puissante en pivot, \u00e0 l&rsquo;issue d&rsquo;un match anim\u00e9 et \u00e9quilibr\u00e9.<\/p>\n<p class=\"mb-4 text-lg md:leading-8 break-words\">Giroud a ensuite rat\u00e9 un p\u00e9nalty, ce qui n&rsquo;aurait pas \u00e9t\u00e9 anecdotique si le Mon\u00e9gasque Mika Biereth avait ensuite su convertir un bon centre \u00e0 bout portant.<\/p>\n<p class=\"mb-4 text-lg md:leading-8 break-words\">Lille, seule \u00e9quipe \u00e0 quatre points, passe cinqui\u00e8me de Ligue 1, et laisse Monaco huiti\u00e8me avec trois points.<\/p>\n<p class=\"mb-4 text-lg md:leading-8 break-words\">Pour sa part, Strasbourg a poursuivi sur sa lanc\u00e9e de la saison derni\u00e8re, termin\u00e9e en trombe. Emanuel Emegha a permis au RCSA de s&rsquo;imposer 1-0 contre Nantes \u00e0 la Meinau, d&rsquo;une t\u00eate crois\u00e9e sur un service impeccable de Dilane Bakwa, en fin de match. L&rsquo;attaquant n\u00e9erlandais venait pourtant de rater une reprise \u00e0 bout portant devant le but vide. Strasbourg rejoint en t\u00eate du classement le PSG, Lyon, mais aussi Toulouse.<\/p>\n<p class=\"mb-4 text-lg md:leading-8 break-words\">Les hommes de Carles Martinez Novell ont en effet \u00e0 nouveau gagn\u00e9 dimanche, contre Brest cette fois (2-0) sur un doubl\u00e9 au retour des vestiaires de Frank Magri. Les Brestois se pr\u00e9parent peut-\u00eatre \u00e0 une saison difficile apr\u00e8s les deux derniers exercices glorieux (troisi\u00e8me place puis participation r\u00e9ussie \u00e0 la Ligue des champions). Comme un symbole, l&rsquo;entra\u00eeneur Eric Roy a remplac\u00e9 au cours du match le capitaine d\u00e9fenseur Brendan Chardonnet.<\/p>\n<p class=\"mb-4 text-lg md:leading-8 break-words\">De son c\u00f4t\u00e9, Rennes a manqu\u00e9 l&rsquo;occasion de surfer sur sa victoire en inf\u00e9riorit\u00e9 num\u00e9rique face \u00e0 Marseille la semaine derni\u00e8re. L&rsquo;\u00e9quipe entra\u00een\u00e9e par Habib Beye a \u00e9t\u00e9 affaiblie par les deux exclusions successives, lors des 11 premi\u00e8res minutes, de la recrue Mahdi Camara puis de Christopher Wooh.<\/p>\n<p class=\"mb-4 text-lg md:leading-8 break-words\">Apr\u00e8s avoir but\u00e9 sur une d\u00e9fense regroup\u00e9e, Lorient a d\u00e9roul\u00e9 et inscrit quatre buts. Les deux \u00e9quipes comptent trois points.<\/p>\n<p class=\"mb-4 text-lg md:leading-8 break-words\">Lens s&rsquo;est pour sa part bien repris de sa d\u00e9faite cruelle contre Lyon le weekend dernier en allant s&rsquo;imposer au stade Oc\u00e9ane du Havre (2-1) gr\u00e2ce notamment au premier but en L1 du jeune Rayan Fofana, 19 ans.<\/p>\n<p class=\"mb-4 text-lg md:leading-8 break-words\">bap\/lle<\/p>\n","protected":false},"excerpt":{"rendered":"Olivier Giroud a offert une victoire sur le fil \u00e0 Lille contre Monaco et Rennes a \u00e9t\u00e9 plomb\u00e9&hellip;\n","protected":false},"author":2,"featured_media":341715,"comment_status":"","ping_status":"","sticky":false,"template":"","format":"standard","meta":{"footnotes":""},"categories":[2821],"tags":[1111,11,47822,3450,829,47710,44695,11787,1777,674,32016,1011,27,47821,17173,17306,447,1307,1781,2428,45531,47820,3127,766,12,5959,93,584,25,640,6564,2312],"class_list":{"0":"post-341714","1":"post","2":"type-post","3":"status-publish","4":"format-standard","5":"has-post-thumbnail","7":"category-rennes","8":"tag-actu","9":"tag-actualites","10":"tag-brendan-chardonnet","11":"tag-brest","12":"tag-bretagne","13":"tag-christopher-wooh","14":"tag-dilane-bakwa","15":"tag-emanuel-emegha","16":"tag-eu","17":"tag-europe","18":"tag-fofana","19":"tag-fr","20":"tag-france","21":"tag-frank-magri","22":"tag-habib-beye","23":"tag-les-deux","24":"tag-ligue-des-champions","25":"tag-lille","26":"tag-lorient","27":"tag-lyon","28":"tag-mahdi-camara","29":"tag-mika-biereth","30":"tag-monaco","31":"tag-nantes","32":"tag-news","33":"tag-olivier-giroud","34":"tag-psg","35":"tag-rennes","36":"tag-republique-francaise","37":"tag-strasbourg","38":"tag-su","39":"tag-toulouse"},"share_on_mastodon":{"url":"https:\/\/pubeurope.com\/@fr\/115086628310814638","error":""},"_links":{"self":[{"href":"https:\/\/www.europesays.com\/fr\/wp-json\/wp\/v2\/posts\/341714","targetHints":{"allow":["GET"]}}],"collection":[{"href":"https:\/\/www.europesays.com\/fr\/wp-json\/wp\/v2\/posts"}],"about":[{"href":"https:\/\/www.europesays.com\/fr\/wp-json\/wp\/v2\/types\/post"}],"author":[{"embeddable":true,"href":"https:\/\/www.europesays.com\/fr\/wp-json\/wp\/v2\/users\/2"}],"replies":[{"embeddable":true,"href":"https:\/\/www.europesays.com\/fr\/wp-json\/wp\/v2\/comments?post=341714"}],"version-history":[{"count":0,"href":"https:\/\/www.europesays.com\/fr\/wp-json\/wp\/v2\/posts\/341714\/revisions"}],"wp:featuredmedia":[{"embeddable":true,"href":"https:\/\/www.europesays.com\/fr\/wp-json\/wp\/v2\/media\/341715"}],"wp:attachment":[{"href":"https:\/\/www.europesays.com\/fr\/wp-json\/wp\/v2\/media?parent=341714"}],"wp:term":[{"taxonomy":"category","embeddable":true,"href":"https:\/\/www.europesays.com\/fr\/wp-json\/wp\/v2\/categories?post=341714"},{"taxonomy":"post_tag","embeddable":true,"href":"https:\/\/www.europesays.com\/fr\/wp-json\/wp\/v2\/tags?post=341714"}],"curies":[{"name":"wp","href":"https:\/\/api.w.org\/{rel}","templated":true}]}}