{"id":341716,"date":"2025-08-25T00:42:18","date_gmt":"2025-08-25T00:42:18","guid":{"rendered":"https:\/\/www.europesays.com\/fr\/341716\/"},"modified":"2025-08-25T00:42:18","modified_gmt":"2025-08-25T00:42:18","slug":"on-fait-quoi-ce-week-end-a-strasbourg-5-idees-du-22-au-24-aout-2025","status":"publish","type":"post","link":"https:\/\/www.europesays.com\/fr\/341716\/","title":{"rendered":"On fait quoi ce week-end \u00e0 Strasbourg ? 5 id\u00e9es du 22 au 24 ao\u00fbt 2025"},"content":{"rendered":"<p class=\"intro\">\nCe week-end du 22 au 24 ao\u00fbt s&rsquo;annonce comme un d\u00e9licieux cocktail de d\u00e9tente urbaine et de festivit\u00e9s traditionnelles\u00a0! Entre plage \u00e9ph\u00e9m\u00e8re en centre-ville, cin\u00e9ma sous les \u00e9toiles et f\u00eates de village authentiques, l&rsquo;Alsace nous prouve encore une fois qu&rsquo;elle sait recevoir. Alors, pr\u00eats \u00e0 troquer votre canap\u00e9 contre des aventures \u00e0 quelques pas de chez vous\u00a0? Sortez vos agendas et pr\u00e9parez-vous \u00e0 d\u00e9couvrir pourquoi ce week-end promet d&rsquo;\u00eatre tout sauf ordinaire\u00a0!\n<\/p>\n<p class=\"mise_en_avant\">\n<strong>Pr\u00e9visions m\u00e9t\u00e9o ce week-end\u00a0:<\/strong> Le ciel nous fait un clin d&rsquo;\u0153il avec 21\u00b0C et peu de nuages vendredi, 22\u00b0C sous un ciel d\u00e9gag\u00e9 samedi, et 25\u00b0C avec quelques nuages dimanche &#8211; parfait pour alterner entre farniente et balades\u00a0!\n<\/p>\n<p>1\/ [Coup de \u2764\ufe0f JDS] Les Docks Malraux\u00a0: votre plage urbaine pr\u00e9f\u00e9r\u00e9e<\/p>\n<p>Impossible de r\u00e9sister au charme de cette <a href=\"https:\/\/www.jds.fr\/strasbourg\/manifestations\/docks-ete-strasbourg-108778_A\" rel=\"nofollow noopener\" target=\"_blank\">plage \u00e9ph\u00e9m\u00e8re aux Docks Malraux \u00e0 Strasbourg<\/a> qui transforme la presqu&rsquo;\u00eele en v\u00e9ritable oasis urbaine\u00a0! \ud83c\udfd6\ufe0f Sable fin, transats, base nautique avec kayaks et paddles &#8211; tout y est pour faire oublier qu&rsquo;on est en pleine ville. Cette s\u00e9lection s&rsquo;impose d&rsquo;elle-m\u00eame\u00a0: o\u00f9 d&rsquo;autre pourrez-vous bronzer en centre-ville tout en admirant l&rsquo;architecture contemporaine\u00a0?<\/p>\n<p>\ud83d\udca1 <strong>Notre conseil\u00a0:<\/strong> Profitez des horaires \u00e9tendus de la base nautique le week-end (jusqu&rsquo;\u00e0 21h vendredi et samedi) pour une session paddle au coucher du soleil &#8211; magique et rafra\u00eechissant\u00a0!<\/p>\n<p>\ud83d\udccd Presqu&rsquo;\u00cele Malraux | Strasbourg<br \/>\ud83d\udcc5 Jusqu&rsquo;au 31\/08\/2025<\/p>\n<p class=\"mise_en_avant\">\ud83d\udc49 <a href=\"https:\/\/www.jds.fr\/strasbourg\/manifestations\/docks-ete-strasbourg-108778_A\" rel=\"nofollow noopener\" target=\"_blank\">[Coup de \u2764\ufe0f JDS] Les Docks Malraux \u00e0 Strasbourg\u00a0: plage \u00e9ph\u00e9m\u00e8re de l&rsquo;\u00e9t\u00e9 2025\u00a0: toutes les informations<\/a><\/p>\n<p><a data-lightbox=\"article\" data-title=\" DR\" class=\"image detail fullwidth\" href=\"https:\/\/www.jds.fr\/medias\/image\/les-docks-malraux-plage-ephemere-a-strasbourg_1-386972-1200-0-F.webp\" title=\" DR\" rel=\"nofollow noopener\" target=\"_blank\"><br \/>\n<img decoding=\"async\" loading=\"lazy\" src=\"https:\/\/www.europesays.com\/fr\/wp-content\/uploads\/2025\/07\/les-docks-malraux-plage-ephemere-a-strasbourg_1-386972-1200-0.webp.webp\"   alt=\"Les Docks Malraux \u00e0 Strasbourg : plage \u00e9ph\u00e9m\u00e8re de l'\u00e9t\u00e9 2025\" class=\"shortcode_image border\"\/><br \/>\n\u00a9 DR<br \/>\n<\/a><\/p>\n<p>2\/ Cin\u00e9ma en plein air\u00a0: Le Comte de Monte-Cristo au clair de lune<\/p>\n<p>Vendredi soir, direction le <a href=\"https:\/\/www.jds.fr\/strasbourg\/spectacles\/cinema\/projection-de-film-en-plein-air-128733_A\" rel=\"nofollow noopener\" target=\"_blank\">cin\u00e9ma en plein air \u00e0 Strasbourg<\/a> pour une soir\u00e9e m\u00e9morable\u00a0! \ud83c\udfac Au Parc Albert Schweitzer, l&rsquo;adaptation r\u00e9cente du Comte de Monte-Cristo avec Pierre Niney vous attend pour pr\u00e8s de 3 heures d&rsquo;aventures et de vengeance. Cette s\u00e9lection s&rsquo;impose pour allier culture et fra\u00eecheur estivale dans un cadre bucolique.<\/p>\n<p>\ud83d\udca1 <strong>Notre conseil\u00a0:<\/strong> Arrivez vers 21h avec plaids et coussins pour vous installer confortablement &#8211; et pr\u00e9voyez des en-cas car 2h58 de film, \u00e7a creuse\u00a0!<\/p>\n<p>\ud83d\udccd Dans les parcs de la ville | Strasbourg<br \/>\ud83d\udcc5 Jusqu&rsquo;au 06\/09\/2025<\/p>\n<p class=\"mise_en_avant\">\ud83d\udc49 <a href=\"https:\/\/www.jds.fr\/strasbourg\/spectacles\/cinema\/projection-de-film-en-plein-air-128733_A\" rel=\"nofollow noopener\" target=\"_blank\">Cin\u00e9ma en plein air \u00e0 Strasbourg en 2025\u00a0: toutes les informations<\/a><\/p>\n<p><a data-lightbox=\"article\" data-title=\"Cin\u00e9 en plein air \u00e0 Strasbourg DR\" class=\"image detail fullwidth\" href=\"https:\/\/www.jds.fr\/medias\/image\/cine-en-plein-air-a-strasbourg-247116-1200-0-F.webp\" title=\"Cin\u00e9 en plein air \u00e0 Strasbourg DR\" rel=\"nofollow noopener\" target=\"_blank\"><br \/>\n<img decoding=\"async\" loading=\"lazy\" src=\"https:\/\/www.europesays.com\/fr\/wp-content\/uploads\/2025\/07\/cine-en-plein-air-a-strasbourg-247116-1200-0.webp.webp\"   alt=\"Cin\u00e9 en plein air \u00e0 Strasbourg\" class=\"shortcode_image border\"\/><br \/>\n\u00a9 DR<br \/>\nCin\u00e9 en plein air \u00e0 Strasbourg<br \/>\n<\/a><\/p>\n<p>3\/ Illuminations de la Cath\u00e9drale\u00a0: Der Wald vous fait voir la vie en vert<\/p>\n<p>Chaque soir, la <a href=\"https:\/\/www.jds.fr\/strasbourg\/manifestations\/illuminations-cathedrale-strasbourg-108611_A\" rel=\"nofollow noopener\" target=\"_blank\">Cath\u00e9drale de Strasbourg s&rsquo;illumine<\/a> dans le cadre de l&rsquo;\u00e9v\u00e9nement\u00a0\u00ab\u00a0Der Wald &#8211; La For\u00eat\u00a0\u00bb\u00a0! \ud83c\udf19 Une for\u00eat immersive transforme la place du Ch\u00e2teau en parcours f\u00e9erique m\u00ealant v\u00e9g\u00e9tation, sons et lumi\u00e8res. Cette s\u00e9lection s&rsquo;impose pour red\u00e9couvrir notre patrimoine sous un angle totalement in\u00e9dit et po\u00e9tique.<\/p>\n<p>\ud83d\udca1 <strong>Notre conseil\u00a0:<\/strong> Arrivez avant 22h30 pour profiter des animations de la for\u00eat urbaine et trouvez votre spot id\u00e9al avant que le spectacle lumineux ne commence\u00a0!<\/p>\n<p>\ud83d\udccd Cath\u00e9drale Notre-Dame de Strasbourg | Strasbourg<br \/>\ud83d\udcc5 Jusqu&rsquo;au 31\/08\/2025<\/p>\n<p class=\"mise_en_avant\">\ud83d\udc49 <a href=\"https:\/\/www.jds.fr\/strasbourg\/manifestations\/illuminations-cathedrale-strasbourg-108611_A\" rel=\"nofollow noopener\" target=\"_blank\">Illuminations de la Cath\u00e9drale de Strasbourg 2025\u00a0: toutes les informations<\/a><\/p>\n<p><a data-lightbox=\"article\" data-title=\"Illuminations de la Cath\u00e9drale de Strasbourg DR\" class=\"image detail fullwidth\" href=\"https:\/\/www.jds.fr\/medias\/image\/jeu-de-lumiere-de-la-cathedrale-379485-1200-0-F.webp\" title=\"Illuminations de la Cath\u00e9drale de Strasbourg DR\" rel=\"nofollow noopener\" target=\"_blank\"><br \/>\n<img decoding=\"async\" loading=\"lazy\" src=\"https:\/\/www.europesays.com\/fr\/wp-content\/uploads\/2025\/07\/jeu-de-lumiere-de-la-cathedrale-379485-1200-0.webp.webp\"   alt=\"Illuminations de la Cath\u00e9drale de Strasbourg\" class=\"shortcode_image border\"\/><br \/>\n\u00a9 DR<br \/>\nIlluminations de la Cath\u00e9drale de Strasbourg<br \/>\n<\/a><\/p>\n<p>4\/ F\u00eate de la Mirabelle \u00e0 Dorlisheim\u00a0: hymne au fruit dor\u00e9<\/p>\n<p>Dimanche, cap sur <a href=\"https:\/\/www.jds.fr\/strasbourg\/manifestations\/fetes\/fete-de-la-mirabelle-dorlisheim-36785_A\" rel=\"nofollow noopener\" target=\"_blank\">la F\u00eate de la Mirabelle \u00e0 Dorlisheim<\/a> pour c\u00e9l\u00e9brer ce petit fruit qui fait la fiert\u00e9 alsacienne\u00a0! \ud83d\udfe1 Corso fleuri, concours de tartes, march\u00e9 artisanal et d\u00e9gustation de sp\u00e9cialit\u00e9s locales &#8211; l&rsquo;authenticit\u00e9 village \u00e0 l&rsquo;\u00e9tat pur. Cette s\u00e9lection ravira les amateurs de traditions et de gourmandises.<\/p>\n<p>\ud83d\udca1 <strong>Notre conseil\u00a0:<\/strong> Ne manquez pas le corso fleuri sur le th\u00e8me\u00a0\u00ab\u00a0Les Monuments Europ\u00e9ens\u00a0\u00bb et participez au concours de la meilleure tarte \u00e0 la mirabelle &#8211; m\u00eame si vous n&rsquo;\u00eates pas s\u00fbr de gagner\u00a0!<\/p>\n<p>\ud83d\udccd Dorlisheim<br \/>\ud83d\udcc5 Le 24\/08\/2025<\/p>\n<p class=\"mise_en_avant\">\ud83d\udc49 <a href=\"https:\/\/www.jds.fr\/strasbourg\/manifestations\/fetes\/fete-de-la-mirabelle-dorlisheim-36785_A\" rel=\"nofollow noopener\" target=\"_blank\">F\u00eate de la Mirabelle \u00e0 Dorlisheim en 2025\u00a0: toutes les informations<\/a><\/p>\n<p><a data-lightbox=\"article\" data-title=\"Les chars fleuris font la r\u00e9putation de la F\u00eate de la Mirabelle \u00e0 Dorlisheim DR\" class=\"image detail fullwidth\" href=\"https:\/\/www.jds.fr\/medias\/image\/fete-de-la-mirabelle-et-corso-fleuri-a-dorlisheim-_1-77508-1200-0-F.webp\" title=\"Les chars fleuris font la r\u00e9putation de la F\u00eate de la Mirabelle \u00e0 Dorlisheim DR\" rel=\"nofollow noopener\" target=\"_blank\"><br \/>\n<img decoding=\"async\" loading=\"lazy\" src=\"https:\/\/www.europesays.com\/fr\/wp-content\/uploads\/2025\/08\/fete-de-la-mirabelle-et-corso-fleuri-a-dorlisheim-_1-77508-1200-0.webp.webp\"   alt=\"Les chars fleuris font la r\u00e9putation de la F\u00eate de la Mirabelle \u00e0 Dorlisheim\" class=\"shortcode_image border\"\/><br \/>\n\u00a9 DR<br \/>\nLes chars fleuris font la r\u00e9putation de la F\u00eate de la Mirabelle \u00e0 Dorlisheim<br \/>\n<\/a><\/p>\n<p>5\/ Les Estivales \u00e0 Haguenau\u00a0: 130 fa\u00e7ons de d\u00e9couvrir l&rsquo;Alsace<\/p>\n<p>Plus de 130 animations vous attendent dans le cadre des <a href=\"https:\/\/www.jds.fr\/haguenau\/manifestations\/les-estivales-a-haguenau-1042489_A\" rel=\"nofollow noopener\" target=\"_blank\">Estivales \u00e0 Haguenau<\/a>\u00a0! \ud83c\udf3f Visites de microbrasseries, rencontres avec les artisans locaux, balades en for\u00eat d&rsquo;Exception &#8211; un programme \u00e9clectique qui valorise le patrimoine et les savoir-faire r\u00e9gionaux. Cette s\u00e9lection s&rsquo;impose pour les curieux qui veulent d\u00e9couvrir l&rsquo;Alsace autrement.<\/p>\n<p>\ud83d\udca1 <strong>Notre conseil\u00a0:<\/strong> Consultez le programme d\u00e9taill\u00e9 pour choisir vos animations pr\u00e9f\u00e9r\u00e9es &#8211; entre distillerie traditionnelle et atelier de facteur d&rsquo;orgues, vous avez l&#8217;embarras du choix\u00a0!<\/p>\n<p>\ud83d\udccd Dans toute la r\u00e9gion | Haguenau<br \/>\ud83d\udcc5 Jusqu&rsquo;au 13\/09\/2025<\/p>\n<p class=\"mise_en_avant\">\ud83d\udc49 <a href=\"https:\/\/www.jds.fr\/haguenau\/manifestations\/les-estivales-a-haguenau-1042489_A\" rel=\"nofollow noopener\" target=\"_blank\">Les Estivales \u00e0 Haguenau\u00a0: toutes les informations<\/a><\/p>\n<p><a data-lightbox=\"article\" data-title=\" DR\" class=\"image detail fullwidth\" href=\"https:\/\/www.jds.fr\/medias\/image\/les-estivales-a-haguenau-17-650071-1200-0-F.webp\" title=\" DR\" rel=\"nofollow noopener\" target=\"_blank\"><br \/>\n<img decoding=\"async\" loading=\"lazy\" src=\"https:\/\/www.europesays.com\/fr\/wp-content\/uploads\/2025\/08\/les-estivales-a-haguenau-17-650071-1200-0.webp.webp\"   alt=\"Les Estivales \u00e0 Haguenau\" class=\"shortcode_image border\"\/><br \/>\n\u00a9 DR<br \/>\n<\/a><\/p>\n<p>Date de publication : le 20\/08\/2025.<\/p>\n<p class=\"font-size-30 fw-bold lh-1 mt-0 mb-4\">Je trouve les meilleures sorties dans ma ville<\/p>\n","protected":false},"excerpt":{"rendered":"Ce week-end du 22 au 24 ao\u00fbt s&rsquo;annonce comme un d\u00e9licieux cocktail de d\u00e9tente urbaine et de festivit\u00e9s&hellip;\n","protected":false},"author":2,"featured_media":341717,"comment_status":"","ping_status":"","sticky":false,"template":"","format":"standard","meta":{"footnotes":""},"categories":[2820],"tags":[1111,11,1777,674,1011,27,775,12,25,640],"class_list":{"0":"post-341716","1":"post","2":"type-post","3":"status-publish","4":"format-standard","5":"has-post-thumbnail","7":"category-strasbourg","8":"tag-actu","9":"tag-actualites","10":"tag-eu","11":"tag-europe","12":"tag-fr","13":"tag-france","14":"tag-grand-est","15":"tag-news","16":"tag-republique-francaise","17":"tag-strasbourg"},"share_on_mastodon":{"url":"https:\/\/pubeurope.com\/@fr\/115086632270280583","error":""},"_links":{"self":[{"href":"https:\/\/www.europesays.com\/fr\/wp-json\/wp\/v2\/posts\/341716","targetHints":{"allow":["GET"]}}],"collection":[{"href":"https:\/\/www.europesays.com\/fr\/wp-json\/wp\/v2\/posts"}],"about":[{"href":"https:\/\/www.europesays.com\/fr\/wp-json\/wp\/v2\/types\/post"}],"author":[{"embeddable":true,"href":"https:\/\/www.europesays.com\/fr\/wp-json\/wp\/v2\/users\/2"}],"replies":[{"embeddable":true,"href":"https:\/\/www.europesays.com\/fr\/wp-json\/wp\/v2\/comments?post=341716"}],"version-history":[{"count":0,"href":"https:\/\/www.europesays.com\/fr\/wp-json\/wp\/v2\/posts\/341716\/revisions"}],"wp:featuredmedia":[{"embeddable":true,"href":"https:\/\/www.europesays.com\/fr\/wp-json\/wp\/v2\/media\/341717"}],"wp:attachment":[{"href":"https:\/\/www.europesays.com\/fr\/wp-json\/wp\/v2\/media?parent=341716"}],"wp:term":[{"taxonomy":"category","embeddable":true,"href":"https:\/\/www.europesays.com\/fr\/wp-json\/wp\/v2\/categories?post=341716"},{"taxonomy":"post_tag","embeddable":true,"href":"https:\/\/www.europesays.com\/fr\/wp-json\/wp\/v2\/tags?post=341716"}],"curies":[{"name":"wp","href":"https:\/\/api.w.org\/{rel}","templated":true}]}}