{"id":341720,"date":"2025-08-25T00:45:37","date_gmt":"2025-08-25T00:45:37","guid":{"rendered":"https:\/\/www.europesays.com\/fr\/341720\/"},"modified":"2025-08-25T00:45:37","modified_gmt":"2025-08-25T00:45:37","slug":"ligue-1-logc-nice-remporte-son-premier-match-de-la-saison-face-a-laj-auxerre-3-1","status":"publish","type":"post","link":"https:\/\/www.europesays.com\/fr\/341720\/","title":{"rendered":"Ligue 1 : L&rsquo;OGC Nice remporte son premier match de la saison face \u00e0 l&rsquo;AJ Auxerre (3-1) !"},"content":{"rendered":"<p>L&rsquo;OGC Nice tient ses trois premiers points de la saison. J\u00e9r\u00e9mie Boga et Terem Moffi permettent au Gym de s&rsquo;imposer trois buts \u00e0 un face \u00e0 l&rsquo;AJ Auxerre. Les Aiglons ont montr\u00e9 un beau visage avant d&rsquo;affronter Le Havre, la semaine prochaine.<\/p>\n<p>Au terme d&rsquo;un match plaisant, <strong>l&rsquo;OGC Nice remporte son premier match de la saison, 3-1 \u00e0 l&rsquo;Allianz Riviera face \u00e0 l&rsquo;AJ Auxerre<\/strong>. Apr\u00e8s trois d\u00e9faites en d\u00e9but de saison, <strong>il fallait r\u00e9agir pour les hommes de Franck Haise<\/strong>, qui a d\u00e9cid\u00e9 d&rsquo;aligner Kevin Carlos (tout juste arriv\u00e9) et J\u00e9r\u00e9mie Boga \u00e0 la place de Terem Moffi et Badredine Bouanani. Et <strong>les Aiglons ont bien r\u00e9agi<\/strong>. Une premi\u00e8re mi-temps int\u00e9ressante et une deuxi\u00e8me satisfaisante permettent \u00e0 Nice de prendre 3 points.<\/p>\n<p>D\u00e8s le d\u00e9but du match, le Gym se rassure. Sur un centre pr\u00e9cis et parfaitement dos\u00e9 de Louchet, venu de la droite, <strong>Boga, bien plac\u00e9 au second poteau<\/strong>, reprend le ballon d\u2019un <strong>int\u00e9rieur du pied gauche qui ne laisse aucune chance au gardien<\/strong> (1-0, 3&prime;).<\/p>\n<p>D\u00e9cri\u00e9 apr\u00e8s trois premiers matchs difficiles, Yehvann Diouf se montre d\u00e9cisif.\u00a0Sur une frappe puissante de Casimir dans la surface, le gardien ni\u00e7ois repousse d&rsquo;une main autoritaire, puis, dans la foul\u00e9e, voit le ballon revenir sur Danois qui tente une t\u00eate. Diouf, parfaitement plac\u00e9, r\u00e9agit rapidement et <strong>emp\u00eache une nouvelle fois le ballon de franchir sa ligne<\/strong> (13&prime;).<\/p>\n<p>Le gardien s\u00e9n\u00e9galais s&rsquo;illustre \u00e0 nouveau et emp\u00eache l&rsquo;AJA de revenir dans le match. <strong>Diouf d\u00e9vie en corner la frappe en premi\u00e8re intention de Sinayoko \u00e0 bout portant<\/strong>. Melvin Bard perdait quelques instants plus t\u00f4t le ballon pr\u00e8s de sa surface (19&prime;).<\/p>\n<p><strong>Sinayoko inscrit le but de l&rsquo;\u00e9galisation<\/strong> en reprenant du pied gauche un centre \u00e0 ras de terre parfaitement ajust\u00e9 d&rsquo;Osman. Sur la droite, l&rsquo;ailier a eu tout le temps de centrer (1-1, 22&prime;).<\/p>\n<p>Mais Nice r\u00e9agit vite, malgr\u00e9 le temps fort auxerrois. Kojo Peprah Oppong sort haut pour r\u00e9cup\u00e9rer le ballon d&rsquo;un super tacle. Bard centre pour la recrue Kevin Carlos, mais <strong>Akpa passe devant&#8230; pour marquer dans son propre but<\/strong> (2-1, 25&prime;) !<\/p>\n<p>Diouf s&#8217;emploie \u00e0 nouveau avec <strong>une double parade sublime<\/strong>. Le ballon est proche de rentrer, glisse sur le bras du portier mais ne rentre pas (37&prime;).<\/p>\n<p>Peu avant la pause, Jansson est lanc\u00e9 dans la profondeur. Le gardien de but Donovan L\u00e9on sort sur le Su\u00e9dois et le fauche. <strong>Carton rouge pour l&rsquo;AJA<\/strong> (45&prime;).<\/p>\n<p>Le rythme redescend eu d\u00e9but de deuxi\u00e8me p\u00e9riode.\u00a0Sur un superbe ballon en profondeur sign\u00e9 Tom Louchet, Kevin Carlos se retrouve en bonne position dans la surface. <strong>L&rsquo;attaquant espagnol frappe du pied droit, mais son tir passe juste au-dessus de la barre transversale de la cage de l&rsquo;AJA<\/strong>\u00a0(52&prime;).<\/p>\n<p>Le match retombe dans un faux rythme. Mais ce faux rythme profite aux Ni\u00e7ois. Apr\u00e8s une action bien men\u00e9e, Nice porte le score \u00e0 3-1.\u00a0De Percin (entr\u00e9 en jeu \u00e0 la place de L\u00e9on) d\u00e9tourne de la main une frappe puissante de Rosario, mais Louchet, bien plac\u00e9, suit parfaitement l\u2019action. Il tente un centre lob\u00e9 pour <strong>Moffi, qui, au second poteau, pousse le ballon au fond des filets de la t\u00eate<\/strong> (3-1, 75&prime;).<\/p>\n<p><strong>Le Gym s&rsquo;impose trois buts \u00e0 un face aux Auxerrois<\/strong> et prend ses premiers points de la saison. Prochains rendez-vous pour l&rsquo;OGC Nice\u00a0: <strong>vendredi 29 ao\u00fbt pour le tirage au sort de la Ligue Europa, et dimanche 31 ao\u00fbt pour le match face au Havre.<\/strong><\/p>\n<p>loading<\/p>\n<p><strong>Rendez-vous \u00e9galement ce lundi 25 ao\u00fbt 2025 pour le retour de 100% Aiglons<\/strong> avec Maxime Bacqui\u00e9, Romain Genevois et Benjamin Pierson.<\/p>\n","protected":false},"excerpt":{"rendered":"L&rsquo;OGC Nice tient ses trois premiers points de la saison. J\u00e9r\u00e9mie Boga et Terem Moffi permettent au Gym&hellip;\n","protected":false},"author":2,"featured_media":341721,"comment_status":"","ping_status":"","sticky":false,"template":"","format":"standard","meta":{"footnotes":""},"categories":[2819],"tags":[1111,11,1777,674,1011,27,12,2401,882,25],"class_list":{"0":"post-341720","1":"post","2":"type-post","3":"status-publish","4":"format-standard","5":"has-post-thumbnail","7":"category-nice","8":"tag-actu","9":"tag-actualites","10":"tag-eu","11":"tag-europe","12":"tag-fr","13":"tag-france","14":"tag-news","15":"tag-nice","16":"tag-provence-alpes-cote-dazur","17":"tag-republique-francaise"},"share_on_mastodon":{"url":"https:\/\/pubeurope.com\/@fr\/115086643851607512","error":""},"_links":{"self":[{"href":"https:\/\/www.europesays.com\/fr\/wp-json\/wp\/v2\/posts\/341720","targetHints":{"allow":["GET"]}}],"collection":[{"href":"https:\/\/www.europesays.com\/fr\/wp-json\/wp\/v2\/posts"}],"about":[{"href":"https:\/\/www.europesays.com\/fr\/wp-json\/wp\/v2\/types\/post"}],"author":[{"embeddable":true,"href":"https:\/\/www.europesays.com\/fr\/wp-json\/wp\/v2\/users\/2"}],"replies":[{"embeddable":true,"href":"https:\/\/www.europesays.com\/fr\/wp-json\/wp\/v2\/comments?post=341720"}],"version-history":[{"count":0,"href":"https:\/\/www.europesays.com\/fr\/wp-json\/wp\/v2\/posts\/341720\/revisions"}],"wp:featuredmedia":[{"embeddable":true,"href":"https:\/\/www.europesays.com\/fr\/wp-json\/wp\/v2\/media\/341721"}],"wp:attachment":[{"href":"https:\/\/www.europesays.com\/fr\/wp-json\/wp\/v2\/media?parent=341720"}],"wp:term":[{"taxonomy":"category","embeddable":true,"href":"https:\/\/www.europesays.com\/fr\/wp-json\/wp\/v2\/categories?post=341720"},{"taxonomy":"post_tag","embeddable":true,"href":"https:\/\/www.europesays.com\/fr\/wp-json\/wp\/v2\/tags?post=341720"}],"curies":[{"name":"wp","href":"https:\/\/api.w.org\/{rel}","templated":true}]}}