{"id":341722,"date":"2025-08-25T00:47:17","date_gmt":"2025-08-25T00:47:17","guid":{"rendered":"https:\/\/www.europesays.com\/fr\/341722\/"},"modified":"2025-08-25T00:47:17","modified_gmt":"2025-08-25T00:47:17","slug":"renaud-a-quoi-ressemble-sa-maison-coup-de-coeur-dans-un-village-de-pecheurs-pres-de-nantes","status":"publish","type":"post","link":"https:\/\/www.europesays.com\/fr\/341722\/","title":{"rendered":"Renaud : \u00e0 quoi ressemble sa maison coup de c\u0153ur dans un village de p\u00eacheurs pr\u00e8s de Nantes ?"},"content":{"rendered":"<p>Rien de tel qu\u2019un pied-\u00e0-terre au bord de l\u2019eau pour se<br \/>\nressourcer. C\u2019est la raison pour laquelle <a href=\"https:\/\/www.closermag.fr\/people\/jai-gagne-pas-mal-dargent-renaud-mal-a-laise-sur-ses-finances-dorees-3539761\" rel=\"nofollow noopener\" target=\"_blank\"><br \/>\nRenaud<\/a> et sa compagne, Cerise, ont jet\u00e9 leur d\u00e9volu sur le<br \/>\nvillage de <strong>Trentemoult<\/strong>, une ancienne commune de<br \/>\np\u00eacheurs qui borde la Loire, au sud de Nantes.\u00a0<\/p>\n<p>Le lieu n\u2019est pas inconnu des esth\u00e8tes puisqu\u2019avec ses<br \/>\n<strong>maisons color\u00e9es<\/strong>, Trentemoult attire de nombreux<br \/>\ntouristes et instagrammeurs en qu\u00eate de contenu. On ignore<br \/>\ncependant si la maison de Renaud se situe dans les rues les plus<br \/>\npassantes du village o\u00f9 si elle jouit d\u2019une localisation un peu<br \/>\nplus isol\u00e9e.\u00a0<\/p>\n<p>\u201cJe suis heureux\u201d : Renaud ultra \u00e9panoui avec sa<br \/>\nmoiti\u00e9\u00a0<\/p>\n<p>En tout cas, le chanteur de 73 ans et sa compagne de 42 ans<br \/>\nsemblent s\u2019y plaire. \u201cOn y vit avec mes beaux-fils et le chat<br \/>\nCajou\u201d, confiait Renaud en 2023. Tr\u00e8s amoureux de <a href=\"https:\/\/www.closermag.fr\/people\/cerise-me-fait-la-guerre-renaud-pas-debarrasse-de-ses-exces-son-epouse-veille-au-grain-3539239\" rel=\"nofollow noopener\" target=\"_blank\"><br \/>\nCerise<\/a>, ce dernier profite pleinement de sa relation. \u201cL\u00e0,<br \/>\n<strong>j&rsquo;ai arr\u00eat\u00e9 la clope<\/strong> depuis huit mois. Et je suis<br \/>\namoureux. Il faut assurer. Je suis heureux. Je l&rsquo;aime, on est<br \/>\ncomplices. C&rsquo;est une force, cela me porte\u201d, avouait Renaud au<br \/>\nParisien.\u00a0<\/p>\n<p>Et puis quand vient l\u2019envie de changer d\u2019air, le couple est<br \/>\nservi. En effet, Renaud poss\u00e8de \u00e9galement une maison \u00e0 <a href=\"https:\/\/www.closermag.fr\/people\/dave-a-quoi-ressemble-sa-charmante-maison-en-provence-dans-un-village-a-tomber-par-terre-3549635\" rel=\"nofollow noopener\" target=\"_blank\"><br \/>\nL&rsquo;Isle-sur-la-Sorgue<\/a>, dans le <a href=\"https:\/\/www.closermag.fr\/vecu\/vaucluse-cauchemar-sur-lautoroute-3538935\" rel=\"nofollow noopener\" target=\"_blank\"><br \/>\nVaucluse<\/a>. Demeure qu\u2019il a rachet\u00e9e \u00e0 son oncle puis agrandie<br \/>\navec l\u2019aide de son ancienne compagne <a href=\"https:\/\/www.closermag.fr\/people\/lapres-romane-serda-une-periode-trouble-pour-renaud-ses-tres-proches-racontent-3539462\" rel=\"nofollow noopener\" target=\"_blank\"><br \/>\nRomane Serda<\/a>, et dans laquelle il a pass\u00e9 le confinement en<br \/>\n2020. <strong>Un cocon proven\u00e7al<\/strong> qui permet \u00e0 Renaud et<br \/>\nCerise de profiter des beaux jours quand la m\u00e9t\u00e9o se montre<br \/>\ncapricieuse dans le massif armoricain.\u00a0<\/p>\n<p>Renaud : sa rencontre inoubliable avec<br \/>\nCerise\u00a0<\/p>\n<p>\u201cElle me suit depuis trente ans, mais on s\u2019est rencontr\u00e9 la<br \/>\npremi\u00e8re fois il y a six ans sur un plateau t\u00e9l\u00e9. Elle portait des<br \/>\nboucles d\u2019oreilles avec des cerises, inoubliables ! C\u2019est pour cela<br \/>\nque <strong>je l\u2019appelle Cerise<\/strong>\u201d, confiait Renaud en<br \/>\n2023 \u00e0 propos de sa compagne.\u00a0<\/p>\n<p>\u201cOn s\u2019est retrouv\u00e9 le 12 mai 2022, le lendemain de mes 70<br \/>\nans. Elle avait demand\u00e9 mon contact pour m\u2019offrir un cadeau. Elle<br \/>\nest couturi\u00e8re et m\u2019a fait une chemise en bandanas\u00a0\u00bb, avait pr\u00e9cis\u00e9<br \/>\nle chanteur au Parisien. \u201cJe l\u2019ai invit\u00e9e \u00e0 prendre le caf\u00e9 \u00e0 la<br \/>\nmaison \u00e0 Paris, puis en Provence, puis en vacances au Cap-Ferret.<br \/>\n<strong>Cela me donne envie de voyager<\/strong>, de l\u2019emmener \u00e0<br \/>\nVenise, en Gr\u00e8ce, sur l\u2019\u00eele de Patmos, o\u00f9 j\u2019ai pass\u00e9 les plus<br \/>\nbelles vacances de ma vie quand j\u2019\u00e9tais <a href=\"https:\/\/www.closermag.fr\/people\/renaud-abime-ses-demons-ont-mis-a-rude-epreuve-ses-amities-on-en-avait-marre-3539193\" rel=\"nofollow noopener\" target=\"_blank\"><br \/>\njeune<\/a>.\u201d<\/p>\n","protected":false},"excerpt":{"rendered":"Rien de tel qu\u2019un pied-\u00e0-terre au bord de l\u2019eau pour se ressourcer. C\u2019est la raison pour laquelle Renaud&hellip;\n","protected":false},"author":2,"featured_media":341723,"comment_status":"","ping_status":"","sticky":false,"template":"","format":"standard","meta":{"footnotes":""},"categories":[2818],"tags":[1111,11,548,47823,1777,674,1011,27,766,12,2636,1628,25,18021],"class_list":{"0":"post-341722","1":"post","2":"type-post","3":"status-publish","4":"format-standard","5":"has-post-thumbnail","7":"category-nantes","8":"tag-actu","9":"tag-actualites","10":"tag-article-simple","11":"tag-cerise","12":"tag-eu","13":"tag-europe","14":"tag-fr","15":"tag-france","16":"tag-nantes","17":"tag-news","18":"tag-pays-de-la-loire","19":"tag-renaud","20":"tag-republique-francaise","21":"tag-trentemoult"},"share_on_mastodon":{"url":"https:\/\/pubeurope.com\/@fr\/115086651826189098","error":""},"_links":{"self":[{"href":"https:\/\/www.europesays.com\/fr\/wp-json\/wp\/v2\/posts\/341722","targetHints":{"allow":["GET"]}}],"collection":[{"href":"https:\/\/www.europesays.com\/fr\/wp-json\/wp\/v2\/posts"}],"about":[{"href":"https:\/\/www.europesays.com\/fr\/wp-json\/wp\/v2\/types\/post"}],"author":[{"embeddable":true,"href":"https:\/\/www.europesays.com\/fr\/wp-json\/wp\/v2\/users\/2"}],"replies":[{"embeddable":true,"href":"https:\/\/www.europesays.com\/fr\/wp-json\/wp\/v2\/comments?post=341722"}],"version-history":[{"count":0,"href":"https:\/\/www.europesays.com\/fr\/wp-json\/wp\/v2\/posts\/341722\/revisions"}],"wp:featuredmedia":[{"embeddable":true,"href":"https:\/\/www.europesays.com\/fr\/wp-json\/wp\/v2\/media\/341723"}],"wp:attachment":[{"href":"https:\/\/www.europesays.com\/fr\/wp-json\/wp\/v2\/media?parent=341722"}],"wp:term":[{"taxonomy":"category","embeddable":true,"href":"https:\/\/www.europesays.com\/fr\/wp-json\/wp\/v2\/categories?post=341722"},{"taxonomy":"post_tag","embeddable":true,"href":"https:\/\/www.europesays.com\/fr\/wp-json\/wp\/v2\/tags?post=341722"}],"curies":[{"name":"wp","href":"https:\/\/api.w.org\/{rel}","templated":true}]}}