{"id":341727,"date":"2025-08-25T00:51:18","date_gmt":"2025-08-25T00:51:18","guid":{"rendered":"https:\/\/www.europesays.com\/fr\/341727\/"},"modified":"2025-08-25T00:51:18","modified_gmt":"2025-08-25T00:51:18","slug":"meteo-une-fin-de-week-end-sous-le-soleil-pour-toulouse-et-loccitanie","status":"publish","type":"post","link":"https:\/\/www.europesays.com\/fr\/341727\/","title":{"rendered":"M\u00e9t\u00e9o. Une fin de week-end sous le soleil pour Toulouse et l&rsquo;Occitanie"},"content":{"rendered":"<p>            Par<br \/>\n        <strong><br \/>\n            <a href=\"https:\/\/actu.fr\/auteur\/lea-afonso\" title=\"Consulter tous les articles de L\u00e9a Afonso\" target=\"_blank\" rel=\"noopener\">L\u00e9a Afonso<\/a><br \/>\n        <\/strong><\/p>\n<p>        Publi\u00e9 le<\/p>\n<p>            24 ao\u00fbt 2025 \u00e0 6h02        <\/p>\n<p>Sortez, profitez et faites le plein de vitamine D\u2026 Ce dimanche 24\u00a0ao\u00fbt 2025 sera plac\u00e9 sous le signe du <strong>soleil<\/strong> et de la <strong>chaleur<\/strong> \u00e0 <a href=\"https:\/\/actu.fr\/toulouse\/\" target=\"_blank\" rel=\"noopener\">Toulouse<\/a> et en <a href=\"https:\/\/actu.fr\/occitanie\/\" target=\"_blank\" rel=\"noopener\">Occitanie<\/a>. Un grand plein de soleil avant le retour des nuages la semaine prochaine. Voici les pr\u00e9visions de M\u00e9t\u00e9o France.<\/p>\n<p>Des temp\u00e9ratures de saison \u00e0 Toulouse<br \/>\n    <img   decoding=\"async\" loading=\"lazy\" src=\"https:\/\/www.europesays.com\/fr\/wp-content\/uploads\/2025\/08\/capture-decran-2025-08-23-a-092011-960x445.png\" alt=\"Une journ\u00e9e tout en douceur \u00e0 Toulouse. \" width=\"960\" height=\"445\"\/><br \/>\n    Une journ\u00e9e tout en douceur \u00e0 Toulouse. (\u00a9Capture d\u2019\u00e9cran M\u00e9t\u00e9o France)<\/p>\n<p class=\" wall-content\">Place au grand <strong>ciel bleu et au soleil<\/strong> pour Toulouse en cette fin de semaine. Le temps sera effectivement au beau fixe, avec des temp\u00e9ratures assez douces, quoique fra\u00eeche le matin. Il fera <strong>14\u00b0C au minimum et 30\u00b0C au maximum<\/strong>. Comptez ainsi <strong>en moyenne 22\u00b0C le matin et 29\u00b0C l\u2019apr\u00e8s-midi<\/strong> avec un mercure qui baisser aux alentours de 18\u00b0C durant la nuit.<\/p>\n<p>Une belle fin de semaine en Occitanie<br \/>\n    <img   decoding=\"async\" loading=\"lazy\" src=\"https:\/\/www.europesays.com\/fr\/wp-content\/uploads\/2025\/08\/capture-decran-2025-08-23-a-092332-960x640.png\" alt=\"Un grand ciel bleu pour l'Occitanie avec une exception.\" width=\"960\" height=\"640\"\/><br \/>\n    Un grand ciel bleu pour l\u2019Occitanie avec une exception. (\u00a9Capture d\u2019\u00e9cran M\u00e9t\u00e9o France)<\/p>\n<p class=\" wall-content\">C\u00f4t\u00e9 <strong>r\u00e9gion<\/strong>, le temps sera tout aussi flamboyant qu\u2019\u00e0 Toulouse avec du <strong>soleil<\/strong> sur tous les d\u00e9partements, <strong>exception faite pour Font-Romeu<\/strong> o\u00f9 des <strong>orages<\/strong> sont annonc\u00e9s dans l\u2019apr\u00e8s-midi.<\/p>\n<p>Vid\u00e9os : en ce moment sur Actu<\/p>\n<p class=\" wall-content\">Pour les temp\u00e9ratures, il fera <strong>12\u00b0C \u00e0 Auch, 8\u00b0C \u00e0 Rodez, 15\u00b0C \u00e0 Albi et 13\u00b0C \u00e0 Castres<\/strong> au petit matin. Au maximum, comptez<strong> 30\u00b0C \u00e0 Saint-Gaudens, 33\u00b0C \u00e0 Cahors, 27\u00b0C \u00e0 Perpignan et 31\u00b0C \u00e0 Montpellier.<\/strong><\/p>\n<p class=\" wall-content\">Personnalisez votre actualit\u00e9 en ajoutant vos villes et m\u00e9dias en favori avec <a href=\"https:\/\/moncompte.actu.fr\" title=\"D\u00e9couvez Mon Actu\" rel=\"nofollow noopener\" data-trk=\"{&quot;cta&quot;:{&quot;action&quot;:&quot;https:\\\/\\\/moncompte.actu.fr&quot;,&quot;category&quot;:&quot;mon compte&quot;,&quot;from&quot;:&quot;article footer&quot;,&quot;name&quot;:&quot;Mon actu&quot;,&quot;type&quot;:&quot;cta&quot;}}\" target=\"_blank\">Mon Actu<\/a>.<\/p>\n","protected":false},"excerpt":{"rendered":"Par L\u00e9a Afonso Publi\u00e9 le 24 ao\u00fbt 2025 \u00e0 6h02 Sortez, profitez et faites le plein de vitamine&hellip;\n","protected":false},"author":2,"featured_media":341728,"comment_status":"","ping_status":"","sticky":false,"template":"","format":"standard","meta":{"footnotes":""},"categories":[2816],"tags":[1111,11,1777,674,1011,27,2487,2357,12,2680,25,2312],"class_list":{"0":"post-341727","1":"post","2":"type-post","3":"status-publish","4":"format-standard","5":"has-post-thumbnail","7":"category-toulouse","8":"tag-actu","9":"tag-actualites","10":"tag-eu","11":"tag-europe","12":"tag-fr","13":"tag-france","14":"tag-meteo","15":"tag-meteo-france","16":"tag-news","17":"tag-occitanie","18":"tag-republique-francaise","19":"tag-toulouse"},"share_on_mastodon":{"url":"https:\/\/pubeurope.com\/@fr\/115086667740444747","error":""},"_links":{"self":[{"href":"https:\/\/www.europesays.com\/fr\/wp-json\/wp\/v2\/posts\/341727","targetHints":{"allow":["GET"]}}],"collection":[{"href":"https:\/\/www.europesays.com\/fr\/wp-json\/wp\/v2\/posts"}],"about":[{"href":"https:\/\/www.europesays.com\/fr\/wp-json\/wp\/v2\/types\/post"}],"author":[{"embeddable":true,"href":"https:\/\/www.europesays.com\/fr\/wp-json\/wp\/v2\/users\/2"}],"replies":[{"embeddable":true,"href":"https:\/\/www.europesays.com\/fr\/wp-json\/wp\/v2\/comments?post=341727"}],"version-history":[{"count":0,"href":"https:\/\/www.europesays.com\/fr\/wp-json\/wp\/v2\/posts\/341727\/revisions"}],"wp:featuredmedia":[{"embeddable":true,"href":"https:\/\/www.europesays.com\/fr\/wp-json\/wp\/v2\/media\/341728"}],"wp:attachment":[{"href":"https:\/\/www.europesays.com\/fr\/wp-json\/wp\/v2\/media?parent=341727"}],"wp:term":[{"taxonomy":"category","embeddable":true,"href":"https:\/\/www.europesays.com\/fr\/wp-json\/wp\/v2\/categories?post=341727"},{"taxonomy":"post_tag","embeddable":true,"href":"https:\/\/www.europesays.com\/fr\/wp-json\/wp\/v2\/tags?post=341727"}],"curies":[{"name":"wp","href":"https:\/\/api.w.org\/{rel}","templated":true}]}}