{"id":341733,"date":"2025-08-25T00:55:12","date_gmt":"2025-08-25T00:55:12","guid":{"rendered":"https:\/\/www.europesays.com\/fr\/341733\/"},"modified":"2025-08-25T00:55:12","modified_gmt":"2025-08-25T00:55:12","slug":"les-petits-debrouillards-entre-astronomie-et-planete-bleue-au-centre-social-bernard-dubois","status":"publish","type":"post","link":"https:\/\/www.europesays.com\/fr\/341733\/","title":{"rendered":"[Les Petits D\u00e9brouillards] entre astronomie et plan\u00e8te bleue au centre social Bernard-Dubois"},"content":{"rendered":"\n<p>C\u2019est au centre social Bernard- Dubois dans le centre-villede Marseille que les Petits D\u00e9brouillards ont anim\u00e9 une double animation sur le th\u00e8me de l\u2019astronomie, avec enfants et parents. La premi\u00e8re visait \u00e0 faire d\u00e9couvrir notre syst\u00e8me solaire\u00e0 travers des jeux et des exp\u00e9rimentations sur la gravit\u00e9, l\u2019expansion de l\u2019univers ou encore la notion d\u2019orbite. Pour la seconde, c\u2019est un focus sur notre plan\u00e8te bleue, la Terre, qui a \u00e9t\u00e9 d\u00e9cid\u00e9. Des th\u00e8mes vastes et complexes que les Petits D\u00e9brouillards cherchent \u00e0 explorer avec un angle ludique, mission r\u00e9ussie !<\/p>\n","protected":false},"excerpt":{"rendered":"C\u2019est au centre social Bernard- Dubois dans le centre-villede Marseille que les Petits D\u00e9brouillards ont anim\u00e9 une double&hellip;\n","protected":false},"author":2,"featured_media":341734,"comment_status":"","ping_status":"","sticky":false,"template":"","format":"standard","meta":{"footnotes":""},"categories":[2814],"tags":[1111,11,1777,674,1011,27,884,12,882,25],"class_list":{"0":"post-341733","1":"post","2":"type-post","3":"status-publish","4":"format-standard","5":"has-post-thumbnail","7":"category-marseille","8":"tag-actu","9":"tag-actualites","10":"tag-eu","11":"tag-europe","12":"tag-fr","13":"tag-france","14":"tag-marseille","15":"tag-news","16":"tag-provence-alpes-cote-dazur","17":"tag-republique-francaise"},"share_on_mastodon":{"url":"https:\/\/pubeurope.com\/@fr\/115086683293590358","error":""},"_links":{"self":[{"href":"https:\/\/www.europesays.com\/fr\/wp-json\/wp\/v2\/posts\/341733","targetHints":{"allow":["GET"]}}],"collection":[{"href":"https:\/\/www.europesays.com\/fr\/wp-json\/wp\/v2\/posts"}],"about":[{"href":"https:\/\/www.europesays.com\/fr\/wp-json\/wp\/v2\/types\/post"}],"author":[{"embeddable":true,"href":"https:\/\/www.europesays.com\/fr\/wp-json\/wp\/v2\/users\/2"}],"replies":[{"embeddable":true,"href":"https:\/\/www.europesays.com\/fr\/wp-json\/wp\/v2\/comments?post=341733"}],"version-history":[{"count":0,"href":"https:\/\/www.europesays.com\/fr\/wp-json\/wp\/v2\/posts\/341733\/revisions"}],"wp:featuredmedia":[{"embeddable":true,"href":"https:\/\/www.europesays.com\/fr\/wp-json\/wp\/v2\/media\/341734"}],"wp:attachment":[{"href":"https:\/\/www.europesays.com\/fr\/wp-json\/wp\/v2\/media?parent=341733"}],"wp:term":[{"taxonomy":"category","embeddable":true,"href":"https:\/\/www.europesays.com\/fr\/wp-json\/wp\/v2\/categories?post=341733"},{"taxonomy":"post_tag","embeddable":true,"href":"https:\/\/www.europesays.com\/fr\/wp-json\/wp\/v2\/tags?post=341733"}],"curies":[{"name":"wp","href":"https:\/\/api.w.org\/{rel}","templated":true}]}}