{"id":341735,"date":"2025-08-25T00:56:12","date_gmt":"2025-08-25T00:56:12","guid":{"rendered":"https:\/\/www.europesays.com\/fr\/341735\/"},"modified":"2025-08-25T00:56:12","modified_gmt":"2025-08-25T00:56:12","slug":"supprimer-le-8-mai-ferie-cest-effacer-la-memoire-a-marseille-indignation-sur-le-vieux-port-martyrise-en-1943","status":"publish","type":"post","link":"https:\/\/www.europesays.com\/fr\/341735\/","title":{"rendered":"\u00ab\u00a0Supprimer le 8 mai f\u00e9ri\u00e9, c&rsquo;est effacer la m\u00e9moire\u00a0\u00bb : \u00e0 Marseille indignation sur le Vieux-Port martyris\u00e9 en 1943"},"content":{"rendered":"<p>Comme le lundi de P\u00e2ques, le 8 mai f\u00e9ri\u00e9 est dans le viseur du premier ministre qui souhaite le supprimer pour r\u00e9aliser plus de 4 milliards d&rsquo;euros d&rsquo;\u00e9conomie dans le budget 2026. Un mesure vivement critiqu\u00e9e \u00e0 Marseille, notamment autour du Vieux-Port, martyris\u00e9 en 1943 par les nazis. <\/p>\n<p>\u00ab\u00a0C&rsquo;est scandaleux\u00a0\u00bb. Antoine Mignemi n&rsquo;y va pas par quatre chemins. Le Marseillais est l&rsquo;un des derniers t\u00e9moins directs de la destruction du quartier Saint-Jean et des rafles du Vieux-Port de 1943. Pour lui la proposition de supprimer le 8 mai comme jour f\u00e9ri\u00e9 est \u00ab\u00a0un effacement de l&rsquo;histoire. Moi quand je vais raconter mon histoire aux jeunes g\u00e9n\u00e9rations, je finis toujours par leur dire\u00a0: <strong>un pays qui oublie son histoire est condamn\u00e9 \u00e0 la revivre<\/strong>. C&rsquo;est un tr\u00e8s mauvais signal pour le devoir le m\u00e9moire\u00a0\u00bb.<\/p>\n<p>Le pr\u00e9sident du collectif \u00ab\u00a0Saint-Jean 24 janvier 1943\u00a0\u00bb n&rsquo;est pas le seul \u00e0 s&rsquo;indigner sur le Vieux-Port. \u00ab\u00a0Le quartier qui a \u00e9t\u00e9 ras\u00e9, je ne l&rsquo;ai pas connu, je n&rsquo;\u00e9tais pas n\u00e9. Mais mes parents et mes grands-parents l&rsquo;ont v\u00e9cu. Et je peux vous dire que si ils \u00e9taient vivants ils auraient ru\u00e9 dans les brancards contre cette mesure. <strong>Pour la m\u00e9moire, \u00e7a ne se fait pas<\/strong>. Ils n&rsquo;ont qu&rsquo;\u00e0 aller prendre l&rsquo;argent ailleurs. Chez tous les anciens dirigeants qui ont encore des chauffeurs et des gardes du corps par exemple\u00a0\u00bb temp\u00eate Yves, habitant du quartier Saint-Jean.<\/p>\n<p>Le f\u00e9ri\u00e9 du 8 mai d\u00e9j\u00e0 supprim\u00e9 sous Giscard D&rsquo;estaing entre 1975 et 1981<\/p>\n<p>Alors que l&rsquo;on s&rsquo;appr\u00eate \u00e0 c\u00e9l\u00e9brer les c\u00e9r\u00e9monies en m\u00e9moire de la lib\u00e9ration de Marseille, l&rsquo;association marseillaise \u00ab\u00a0R\u00e9sister aujourd&rsquo;hui\u00a0\u00bb s&rsquo;oppose \u00e9galement \u00e0 la suppression du 8 mai comme jour f\u00e9ri\u00e9\u00a0: \u00a0\u00bb\u00a0Supprimer le 8 mai, c\u2019est effacer peu \u00e0 peu la comm\u00e9moration de la victoire sur le nazisme, de la lib\u00e9ration, de la paix et du retour des libert\u00e9s. C\u2019est <strong>priver les jeunes g\u00e9n\u00e9rations d\u2019un rep\u00e8re essentiel de notre histoire commune<\/strong>\u00a0\u00bb\u00a0estime Serge Vial, son pr\u00e9sident qui l&rsquo;\u00e9crit dans un courrier qu&rsquo;il va adresser, entre autres,\u00a0 au Premier Ministre.<\/p>\n<p>Jennyfer Juv\u00e9nal, avocate, petite fille du r\u00e9sistant Max Juv\u00e9nal, participe depuis une semaine\u00a0 \u00e0 quasiment toutes les c\u00e9r\u00e9monies en m\u00e9moire de la Lib\u00e9ration de la Provence. Elle sera \u00e0 Marseille dans quelques jours pour le 81\u00e8 anniversaire de la lib\u00e9ration de la ville. Elle rappelle que son grand-p\u00e8re, ancien chef r\u00e9gional des mouvements unis de la r\u00e9sistance, \u00e9tait oppos\u00e9 \u00e0 cette suppression du 8 mai f\u00e9ri\u00e9\u00a0: \u00ab\u00a0Il s&rsquo;\u00e9tait oppos\u00e9 \u00e0 la d\u00e9cision de Val\u00e9ry Giscard D&rsquo;Estaing en 1975. Car <strong>pour lui c\u00e9l\u00e9brer le 8 mai n&rsquo;\u00e9tait pas une \u00ab\u00a0revanche\u00a0\u00bb sur l&rsquo;Allemagne<\/strong>, mais un appel \u00e0 la communaut\u00e9 international \u00e0 s\u00a0\u00bbunir contre toute forme de r\u00e9gime d&rsquo;oppression\u00a0\u00bb.<\/p>\n<p>\u00ab\u00a0Cette date est universelle, elle concerne tout le monde\u00a0\u00bb<\/p>\n<p>Si la suppression du lundi de P\u00e2ques f\u00e9ri\u00e9 n&rsquo;a pas soulev\u00e9 outre mesure, le 8 mai reste une date \u00ab\u00a0sacr\u00e9e\u00a0\u00bb pour de nombreux proven\u00e7aux. \u00ab\u00a0Pour honorer la m\u00e9moire des morts, et pour le devoir de m\u00e9moire\u00a0\u00bb selon Yves. \u00ab\u00a0Cette date est universelle. Elle concerne toutes les religions, et tous les pays. <strong>La capitulation du nazisme fait date dans l&rsquo;histoire mondiale<\/strong>\u00a0\u00bb estime de son cot\u00e9 Chantal. \u00ab\u00a0On pourrait supprimer le 1er novembre \u00e0 la place, \u00e7a ne changerait pas grand chose pour les morts\u00a0\u00bb propose de son c\u00f4t\u00e9, ironique, Sylvie.<\/p>\n<p>\u25baMarseille comm\u00e9more les 81 ans de sa lib\u00e9ration samedi 30 ao\u00fbt, avec <a target=\"_blank\" rel=\"nofollow noopener noreferrer\" class=\"IciLink ici-link IciArticleLink g-ici-body-regular-1 underline brand svelte-lu7k6w\" href=\"https:\/\/www.marseille.fr\/mairie\/actualites\/commemoration-liberation\">un grand bal populaire au Pharo<\/a>.<\/p>\n<p>\u00c0 lire aussi   <img decoding=\"async\" src=\"https:\/\/www.europesays.com\/fr\/wp-content\/uploads\/2025\/08\/1756083371_204_560x315\" alt=\"Un succ\u00e8s m\u00e9rit\u00e9 !\" style=\"--_image-preview:url('data:image\/jpeg;base64,\/9j\/2wBDACgcHiMeGSgjISMtKygwPGRBPDc3PHtYXUlkkYCZlo+AjIqgtObDoKrarYqMyP\/L2u71\/\/\/\/m8H\/\/\/\/6\/+b9\/\/j\/2wBDASstLTw1PHZBQXb4pYyl+Pj4+Pj4+Pj4+Pj4+Pj4+Pj4+Pj4+Pj4+Pj4+Pj4+Pj4+Pj4+Pj4+Pj4+Pj4+Pj4+Pj\/wAARCAAXACoDASIAAhEBAxEB\/8QAGAABAQEBAQAAAAAAAAAAAAAAAgABAwX\/xAAVEAEBAAAAAAAAAAAAAAAAAAAAAf\/EABUBAQEAAAAAAAAAAAAAAAAAAAEA\/8QAFBEBAAAAAAAAAAAAAAAAAAAAAP\/aAAwDAQACEQMRAD8A81NQI0adGlBWFRSd41IFlCpIDRSKf\/\/Z');\" loading=\"lazy\" fetchpriority=\"low\" aria-hidden=\"true\" class=\"svelte-1pnmlwx rounded\" onload=\"this.__e=event\" onerror=\"this.__e=event\"\/>\u00c0 lire aussi   <img decoding=\"async\" src=\"https:\/\/www.europesays.com\/fr\/wp-content\/uploads\/2025\/08\/1756083372_226_560x315\" alt=\"Fran\u00e7ois Bayou qui sort du Conseil des ministres, \u00e0 l'\u00c9lys\u00e9e, le 16 juillet 2025.\" style=\"--_image-preview:url('data:image\/jpeg;base64,\/9j\/2wBDACgcHiMeGSgjISMtKygwPGRBPDc3PHtYXUlkkYCZlo+AjIqgtObDoKrarYqMyP\/L2u71\/\/\/\/m8H\/\/\/\/6\/+b9\/\/j\/2wBDASstLTw1PHZBQXb4pYyl+Pj4+Pj4+Pj4+Pj4+Pj4+Pj4+Pj4+Pj4+Pj4+Pj4+Pj4+Pj4+Pj4+Pj4+Pj4+Pj4+Pj\/wAARCAAXACoDASIAAhEBAxEB\/8QAGAABAQEBAQAAAAAAAAAAAAAAAwACAQT\/xAAXEAEBAQEAAAAAAAAAAAAAAAAAAgER\/8QAFgEBAQEAAAAAAAAAAAAAAAAAAAIB\/8QAFREBAQAAAAAAAAAAAAAAAAAAAAH\/2gAMAwEAAhEDEQA\/AErR1rVaOtILrcizSQNNJByRI81CpJQ5hISFHhtJLH\/\/2Q==');\" loading=\"lazy\" fetchpriority=\"low\" aria-hidden=\"true\" class=\"svelte-1pnmlwx rounded\" onload=\"this.__e=event\" onerror=\"this.__e=event\"\/><\/p>\n","protected":false},"excerpt":{"rendered":"Comme le lundi de P\u00e2ques, le 8 mai f\u00e9ri\u00e9 est dans le viseur du premier ministre qui souhaite&hellip;\n","protected":false},"author":2,"featured_media":341736,"comment_status":"","ping_status":"","sticky":false,"template":"","format":"standard","meta":{"footnotes":""},"categories":[2814],"tags":[1111,11,1777,674,1011,27,884,12,882,25],"class_list":{"0":"post-341735","1":"post","2":"type-post","3":"status-publish","4":"format-standard","5":"has-post-thumbnail","7":"category-marseille","8":"tag-actu","9":"tag-actualites","10":"tag-eu","11":"tag-europe","12":"tag-fr","13":"tag-france","14":"tag-marseille","15":"tag-news","16":"tag-provence-alpes-cote-dazur","17":"tag-republique-francaise"},"share_on_mastodon":{"url":"https:\/\/pubeurope.com\/@fr\/115086687943710909","error":""},"_links":{"self":[{"href":"https:\/\/www.europesays.com\/fr\/wp-json\/wp\/v2\/posts\/341735","targetHints":{"allow":["GET"]}}],"collection":[{"href":"https:\/\/www.europesays.com\/fr\/wp-json\/wp\/v2\/posts"}],"about":[{"href":"https:\/\/www.europesays.com\/fr\/wp-json\/wp\/v2\/types\/post"}],"author":[{"embeddable":true,"href":"https:\/\/www.europesays.com\/fr\/wp-json\/wp\/v2\/users\/2"}],"replies":[{"embeddable":true,"href":"https:\/\/www.europesays.com\/fr\/wp-json\/wp\/v2\/comments?post=341735"}],"version-history":[{"count":0,"href":"https:\/\/www.europesays.com\/fr\/wp-json\/wp\/v2\/posts\/341735\/revisions"}],"wp:featuredmedia":[{"embeddable":true,"href":"https:\/\/www.europesays.com\/fr\/wp-json\/wp\/v2\/media\/341736"}],"wp:attachment":[{"href":"https:\/\/www.europesays.com\/fr\/wp-json\/wp\/v2\/media?parent=341735"}],"wp:term":[{"taxonomy":"category","embeddable":true,"href":"https:\/\/www.europesays.com\/fr\/wp-json\/wp\/v2\/categories?post=341735"},{"taxonomy":"post_tag","embeddable":true,"href":"https:\/\/www.europesays.com\/fr\/wp-json\/wp\/v2\/tags?post=341735"}],"curies":[{"name":"wp","href":"https:\/\/api.w.org\/{rel}","templated":true}]}}