{"id":341737,"date":"2025-08-25T00:57:15","date_gmt":"2025-08-25T00:57:15","guid":{"rendered":"https:\/\/www.europesays.com\/fr\/341737\/"},"modified":"2025-08-25T00:57:15","modified_gmt":"2025-08-25T00:57:15","slug":"lyon-8-un-nouveau-plan-de-circulation-mis-en-place-des-le-30-aout","status":"publish","type":"post","link":"https:\/\/www.europesays.com\/fr\/341737\/","title":{"rendered":"Lyon 8 : un nouveau plan de circulation mis en place d\u00e8s le 30 ao\u00fbt"},"content":{"rendered":"<p><img width=\"487\" height=\"293\" src=\"https:\/\/www.europesays.com\/fr\/wp-content\/uploads\/2025\/08\/Lyon8-freres-lumiere.jpg\" class=\"attachment-post-thumbnail size-post-thumbnail wp-post-image\" alt=\"\" decoding=\"async\" fetchpriority=\"high\" \/><\/p>\n<p>(SdH\/LPI)<\/p>\n<p><strong>La premi\u00e8re phase d\u2019am\u00e9nagement de la rue du Premier Film et de l\u2019avenue des Fr\u00e8res Lumi\u00e8re entre la place Ambroise Courtois et la rue Saint-Maurice sera termin\u00e9e \u00e0 la fin du mois d\u2019ao\u00fbt.<\/strong><\/p>\n<p>La M\u00e9tropole de Lyon a indiqu\u00e9 en fin de semaine derni\u00e8re que la premi\u00e8re phase d\u2019am\u00e9nagement de la rue du Premier Film et de l\u2019avenue des Fr\u00e8res Lumi\u00e8re entre la place Ambroise Courtois et la rue Saint-Maurice serait termin\u00e9e \u00e0 la fin du mois. Aussi, le nouveau plan de circulation d\u00e9finitif sera ainsi mis en place d\u00e8s samedi prochain, 30 ao\u00fbt. Il permettra de conserver le trafic local tout en offrant une meilleure s\u00e9curit\u00e9 pour les pi\u00e9tons tr\u00e8s nombreux sur cet axe commer\u00e7ant.<\/p>\n<p><img loading=\"lazy\" decoding=\"async\" width=\"487\" height=\"239\" src=\"https:\/\/www.europesays.com\/fr\/wp-content\/uploads\/2025\/08\/plan-circulation-Lyon8.jpg\" alt=\"\" class=\"wp-image-91876\" \/><\/p>\n<p>Parmi les principales \u00e9volutions, l\u2019avenue des Fr\u00e8res Lumi\u00e8re demeurera en sens unique avec une r\u00e9organisation des flux au niveau de la rue Saint-Maurice. Les rues perpendiculaires restent accessibles et circul\u00e9es en amont et en aval tout au long de l\u2019avenue. Le sens de circulation de la rue Saint-Nestor est, lui, invers\u00e9 de l\u2019Est vers l\u2019Ouest.<\/p>\n<p>Enfin, une partie de la rue Louis Jouvet entre la rue Santos Dumont et la rue Chapuy est mise en sens unique, de l\u2019Est vers l\u2019Ouest.<\/p>\n<p>La M\u00e9tropole souligne que ces changements r\u00e9pondent \u00e0 une r\u00e9organisation globale de la circulation dans le secteur, et que des places de stationnement sont conserv\u00e9es sur la section entre la rue Louis Jouvet et la rue Saint-Maurice. Pour leur part, les places de livraison sont maintenues et les places PMR seront plus nombreuses sur l\u2019ensemble de l\u2019avenue. La collectivit\u00e9 rappelle que plus de 1.000 places sont disponibles \u00e0 moins de 3 minutes \u00e0 pied de l\u2019avenue.<\/p>\n<p>Une seconde phase d\u2019am\u00e9nagement entre la rue Saint-Gervais et la rue Saint-Maurice a d\u00e9marr\u00e9 cet \u00e9t\u00e9 et se poursuivra jusqu\u2019\u00e0 l\u2019\u00e9t\u00e9 2026. \u00abLes travaux d\u00e9buteront c\u00f4t\u00e9 impair de l\u2019avenue, en demi-chauss\u00e9e afin de maintenir la circulation des v\u00e9hicules le plus longtemps possible\u00bb, note la M\u00e9tropole, qui indique que les interventions concernent la mise \u00e0 niveau des sols, la r\u00e9alisation des fosses pour les arbres, et le pavage des trottoirs.<\/p>\n<p><strong>Si vous avez appr\u00e9ci\u00e9 cet article, s&rsquo;il vous plait, prenez le temps de <a href=\"#comments\">laisser un commentaire<\/a> ou de <a href=\"http:\/\/www.lyonpoleimmo.com\/feed\/\" rel=\"nofollow noopener\" target=\"_blank\">souscrire au flux<\/a> afin de recevoir les futurs articles directement dans votre lecteur de flux.<br \/>\n    <\/strong><\/p>\n<p>\t<a href=\"http:\/\/www.lyonpoleimmo.com\/2025\/08\/06\/91827\/une-mission-de-prefiguration-sur-le-futur-de-la-renovation-urbaine\/\" rel=\"bookmark nofollow noopener\" title=\"Lien Permanent vers Une mission de pr\u00e9figuration sur le futur de la r\u00e9novation urbaine\" target=\"_blank\">Une mission de pr\u00e9figuration sur le futur de la r\u00e9novation urbaine<\/a><\/p>\n<p>\t<a href=\"http:\/\/www.lyonpoleimmo.com\/2025\/08\/06\/91827\/une-mission-de-prefiguration-sur-le-futur-de-la-renovation-urbaine\/\" rel=\"bookmark nofollow noopener\" title=\"Lien Permanent vers Une mission de pr\u00e9figuration sur le futur de la r\u00e9novation urbaine\" target=\"_blank\"><\/p>\n<p>La ministre charg\u00e9e du Logement, Val\u00e9rie L\u00e9tard, a indiqu\u00e9 avoir confi\u00e9 celle-ci \u00e0 Philippe Van De Maele.<\/p>\n<p><\/a><\/p>\n<p>\t<a href=\"http:\/\/www.lyonpoleimmo.com\/2025\/07\/21\/91711\/bel-air-930-nouvel-acte-de-la-massification-des-rehabilitations\/\" rel=\"bookmark nofollow noopener\" title=\"Lien Permanent vers Bel Air 930, nouvel acte de la massification des r\u00e9habilitations\" target=\"_blank\">Bel Air 930, nouvel acte de la massification des r\u00e9habilitations<\/a><\/p>\n<p>\t<a href=\"http:\/\/www.lyonpoleimmo.com\/2025\/07\/21\/91711\/bel-air-930-nouvel-acte-de-la-massification-des-rehabilitations\/\" rel=\"bookmark nofollow noopener\" title=\"Lien Permanent vers Bel Air 930, nouvel acte de la massification des r\u00e9habilitations\" target=\"_blank\"><\/p>\n<p>Est M\u00e9tropole Habitat a r\u00e9cemment inaugur\u00e9 la r\u00e9habilitation de 930 logements locatifs sociaux \u00e0 Saint-Priest, dans le quartier de Bel Air. Ceci fait suite \u00e0 une pr\u00e9c\u00e9dente exp\u00e9rience toute aussi massive r\u00e9alis\u00e9e \u00e0 Vaulx-en-Velin.<\/p>\n<p><\/a><\/p>\n<p>\t<a href=\"http:\/\/www.lyonpoleimmo.com\/2025\/07\/20\/91696\/la-rehabilitation-des-immeubles-f-et-r-nouvelle-etape-pour-les-coproprietes-bellevue\/\" rel=\"bookmark nofollow noopener\" title=\"Lien Permanent vers La r\u00e9habilitation des immeubles F et R, nouvelle \u00e9tape pour les copropri\u00e9t\u00e9s Bellevue\" target=\"_blank\">La r\u00e9habilitation des immeubles F et R, nouvelle \u00e9tape pour les copropri\u00e9t\u00e9s Bellevue<\/a><\/p>\n<p>\t<a href=\"http:\/\/www.lyonpoleimmo.com\/2025\/07\/20\/91696\/la-rehabilitation-des-immeubles-f-et-r-nouvelle-etape-pour-les-coproprietes-bellevue\/\" rel=\"bookmark nofollow noopener\" title=\"Lien Permanent vers La r\u00e9habilitation des immeubles F et R, nouvelle \u00e9tape pour les copropri\u00e9t\u00e9s Bellevue\" target=\"_blank\"><\/p>\n<p>Deux immeubles ont \u00e9t\u00e9 r\u00e9habilit\u00e9s avec le soutien des pouvoirs publics dans le cadre du plan de sauvegarde des copropri\u00e9t\u00e9s en difficult\u00e9s Bellevue. Ceux-ci ont \u00e9t\u00e9 inaugur\u00e9s jeudi 10 juillet \u00e0 Saint-Priest.<\/p>\n<p><\/a><\/p>\n<p>\t<a href=\"http:\/\/www.lyonpoleimmo.com\/2025\/07\/16\/91672\/les-travaux-damenagement-debutent-sur-la-place-de-la-paix-a-villeurbanne\/\" rel=\"bookmark nofollow noopener\" title=\"Lien Permanent vers Les travaux d\u2019am\u00e9nagement d\u00e9butent sur la place de la Paix \u00e0 Villeurbanne\" target=\"_blank\">Les travaux d\u2019am\u00e9nagement d\u00e9butent sur la place de la Paix \u00e0 Villeurbanne<\/a><\/p>\n<p>\t<a href=\"http:\/\/www.lyonpoleimmo.com\/2025\/07\/16\/91672\/les-travaux-damenagement-debutent-sur-la-place-de-la-paix-a-villeurbanne\/\" rel=\"bookmark nofollow noopener\" title=\"Lien Permanent vers Les travaux d\u2019am\u00e9nagement d\u00e9butent sur la place de la Paix \u00e0 Villeurbanne\" target=\"_blank\"><\/p>\n<p><img decoding=\"async\" src=\"https:\/\/www.europesays.com\/fr\/wp-content\/uploads\/2025\/08\/place-paix-brosses-villeurbanne.jpg\" \/><br \/>Ces travaux d\u2019am\u00e9nagement temporaire de la place, dans le quartier des Brosses, viennent de commencer.<\/p>\n<p><\/a><\/p>\n<p>\t<a href=\"http:\/\/www.lyonpoleimmo.com\/2025\/07\/15\/91655\/la-place-de-la-liberte-sengage-dans-une-requalification-majeure\/\" rel=\"bookmark nofollow noopener\" title=\"Lien Permanent vers La place de la Libert\u00e9 s\u2019engage dans une requalification majeure\" target=\"_blank\">La place de la Libert\u00e9 s\u2019engage dans une requalification majeure<\/a><\/p>\n<p>\t<a href=\"http:\/\/www.lyonpoleimmo.com\/2025\/07\/15\/91655\/la-place-de-la-liberte-sengage-dans-une-requalification-majeure\/\" rel=\"bookmark nofollow noopener\" title=\"Lien Permanent vers La place de la Libert\u00e9 s\u2019engage dans une requalification majeure\" target=\"_blank\"><\/p>\n<p><img decoding=\"async\" src=\"https:\/\/www.europesays.com\/fr\/wp-content\/uploads\/2025\/08\/place-liberte.jpg\" alt=\"null\" \/>La Ville de Bron et la M\u00e9tropole de Lyon ont pr\u00e9sent\u00e9 la semaine derni\u00e8re le r\u00e9am\u00e9nagement \u00e0 venir de cet espace public.<\/p>\n<p><\/a><\/p>\n<p>\t<a href=\"http:\/\/www.lyonpoleimmo.com\/2025\/07\/06\/91553\/inauguration-des-terrasses-de-presquile\/\" rel=\"bookmark nofollow noopener\" title=\"Lien Permanent vers Inauguration des Terrasses de presqu\u2019\u00eele\" target=\"_blank\">Inauguration des Terrasses de presqu\u2019\u00eele<\/a><\/p>\n<p>\t<a href=\"http:\/\/www.lyonpoleimmo.com\/2025\/07\/06\/91553\/inauguration-des-terrasses-de-presquile\/\" rel=\"bookmark nofollow noopener\" title=\"Lien Permanent vers Inauguration des Terrasses de presqu\u2019\u00eele\" target=\"_blank\"><\/p>\n<p>La Ville et la M\u00e9tropole de Lyon ont inaugur\u00e9 vendredi la premi\u00e8re partie de cet am\u00e9nagement, \u00e0 savoir le belv\u00e9d\u00e8re et les terrasses interm\u00e9diaires, avant la livraison en 2026 du quai bas.<\/p>\n<p><\/a><\/p>\n<p>\t<a href=\"http:\/\/www.lyonpoleimmo.com\/2025\/07\/02\/91523\/sabine-barles-grand-prix-de-lurbanisme-2025\/\" rel=\"bookmark nofollow noopener\" title=\"Lien Permanent vers Sabine Barles, grand prix de l\u2019urbanisme 2025\" target=\"_blank\">Sabine Barles, grand prix de l\u2019urbanisme 2025<\/a><\/p>\n<p>\t<a href=\"http:\/\/www.lyonpoleimmo.com\/2025\/07\/02\/91523\/sabine-barles-grand-prix-de-lurbanisme-2025\/\" rel=\"bookmark nofollow noopener\" title=\"Lien Permanent vers Sabine Barles, grand prix de l\u2019urbanisme 2025\" target=\"_blank\"><\/p>\n<p>Le prix a \u00e9t\u00e9 attribu\u00e9 \u00e0 cette enseignante-chercheuse, sp\u00e9cialiste du m\u00e9tabolisme urbain.<\/p>\n<p><\/a><\/p>\n<p>\t<a href=\"http:\/\/www.lyonpoleimmo.com\/2025\/07\/02\/91516\/la-fpi-a-organise-mardi-sa-matinale-de-printemps-a-zadiga-event\/\" rel=\"bookmark nofollow noopener\" title=\"Lien Permanent vers La FPI a organis\u00e9 mardi sa matinale de printemps \u00e0 Zadiga Event\" target=\"_blank\">La FPI a organis\u00e9 mardi sa matinale de printemps \u00e0 Zadiga Event<\/a><\/p>\n<p>\t<a href=\"http:\/\/www.lyonpoleimmo.com\/2025\/07\/02\/91516\/la-fpi-a-organise-mardi-sa-matinale-de-printemps-a-zadiga-event\/\" rel=\"bookmark nofollow noopener\" title=\"Lien Permanent vers La FPI a organis\u00e9 mardi sa matinale de printemps \u00e0 Zadiga Event\" target=\"_blank\"><\/p>\n<p>Cette matinale de printemps avait pour th\u00e8me \u00a0\u00bb Concours et consultations\u00a0: comment r\u00e9inventer leurs modalit\u00e9s pour faire mieux avec moins,\u00a0ensemble\u00a0?\u00a0\u00bb.<\/p>\n<p><\/a><\/p>\n<p>\t<a href=\"http:\/\/www.lyonpoleimmo.com\/2025\/07\/01\/91511\/florent-sainte-fare-garnot-devient-president-du-club-ville-amenagement\/\" rel=\"bookmark nofollow noopener\" title=\"Lien Permanent vers Florent Sainte Fare Garnot devient pr\u00e9sident du \u00abClub Ville Am\u00e9nagement\u00bb\" target=\"_blank\">Florent Sainte Fare Garnot devient pr\u00e9sident du \u00abClub Ville Am\u00e9nagement\u00bb<\/a><\/p>\n<p>\t<a href=\"http:\/\/www.lyonpoleimmo.com\/2025\/07\/01\/91511\/florent-sainte-fare-garnot-devient-president-du-club-ville-amenagement\/\" rel=\"bookmark nofollow noopener\" title=\"Lien Permanent vers Florent Sainte Fare Garnot devient pr\u00e9sident du \u00abClub Ville Am\u00e9nagement\u00bb\" target=\"_blank\"><\/p>\n<p>La 11e \u00e9dition des \u00abEntretiens de l\u2019am\u00e9nagement\u00bb a rassembl\u00e9 1.200 personnes \u00e0 Lyon la semaine derni\u00e8re. A cette occasion, le directeur de la SPL Lyon Part Dieu a \u00e9t\u00e9 \u00e9lu pr\u00e9sident de la structure organisatrice de l\u2019\u00e9v\u00e8nement.<\/p>\n<p><\/a><\/p>\n<p>\t<a href=\"http:\/\/www.lyonpoleimmo.com\/2025\/06\/27\/91461\/une-mixite-dusages-la-plus-totale-cest-notre-adn-chez-novaxia\/\" rel=\"bookmark nofollow noopener\" title=\"Lien Permanent vers \u00abUne mixit\u00e9 d\u2019usages la plus totale, c\u2019est notre ADN chez Novaxia\u00bb\" target=\"_blank\">\u00abUne mixit\u00e9 d\u2019usages la plus totale, c\u2019est notre ADN chez Novaxia\u00bb<\/a><\/p>\n<p>\t<a href=\"http:\/\/www.lyonpoleimmo.com\/2025\/06\/27\/91461\/une-mixite-dusages-la-plus-totale-cest-notre-adn-chez-novaxia\/\" rel=\"bookmark nofollow noopener\" title=\"Lien Permanent vers \u00abUne mixit\u00e9 d\u2019usages la plus totale, c\u2019est notre ADN chez Novaxia\u00bb\" target=\"_blank\"><\/p>\n<p>Romain Ferr\u00e9 est directeur de la promotion de Novaxia D\u00e9veloppement. Nous \u00e9voquons avec lui l\u2019op\u00e9ration \u00ab\u00a0Ping\u00a0\u00bb.<\/p>\n<p><\/a><\/p>\n<p>\t<a href=\"http:\/\/www.lyonpoleimmo.com\/2025\/06\/25\/91442\/les-quais-de-neuville-sur-saone-vont-etre-reamenages\/\" rel=\"bookmark nofollow noopener\" title=\"Lien Permanent vers Les quais de Neuville-sur-Sa\u00f4ne vont \u00eatre r\u00e9am\u00e9nag\u00e9s\" target=\"_blank\">Les quais de Neuville-sur-Sa\u00f4ne vont \u00eatre r\u00e9am\u00e9nag\u00e9s<\/a><\/p>\n<p>\t<a href=\"http:\/\/www.lyonpoleimmo.com\/2025\/06\/25\/91442\/les-quais-de-neuville-sur-saone-vont-etre-reamenages\/\" rel=\"bookmark nofollow noopener\" title=\"Lien Permanent vers Les quais de Neuville-sur-Sa\u00f4ne vont \u00eatre r\u00e9am\u00e9nag\u00e9s\" target=\"_blank\"><\/p>\n<p><img decoding=\"async\" src=\"https:\/\/www.europesays.com\/fr\/wp-content\/uploads\/2025\/07\/quais-de-saone-lyon-neuville.jpg\" alt=\"null\" \/>Par ce biais, le projet Rive de Sa\u00f4ne se poursuit au nord de la M\u00e9tropole de Lyon.<\/p>\n<p><\/a><\/p>\n<p>\t<a href=\"http:\/\/www.lyonpoleimmo.com\/2025\/06\/23\/91388\/lavis-sur-le-projet-de-revision-du-scot-adopte\/\" rel=\"bookmark nofollow noopener\" title=\"Lien Permanent vers L\u2019avis sur le projet de r\u00e9vision du SCOT adopt\u00e9\" target=\"_blank\">L\u2019avis sur le projet de r\u00e9vision du SCOT adopt\u00e9<\/a><\/p>\n<p>\t<a href=\"http:\/\/www.lyonpoleimmo.com\/2025\/06\/23\/91388\/lavis-sur-le-projet-de-revision-du-scot-adopte\/\" rel=\"bookmark nofollow noopener\" title=\"Lien Permanent vers L\u2019avis sur le projet de r\u00e9vision du SCOT adopt\u00e9\" target=\"_blank\"><\/p>\n<p>Le conseil de la M\u00e9tropole de Lyon a rendu un avis favorable au projet de SCoT du SEPAL, qui avait \u00e9t\u00e9 arr\u00eat\u00e9 le 14 mars dernier.<\/p>\n<p><\/a><\/p>\n<p>\t<a href=\"http:\/\/www.lyonpoleimmo.com\/2025\/06\/23\/91384\/neuville-sur-saone-inauguration-de-la-rue-victor-hugo\/\" rel=\"bookmark nofollow noopener\" title=\"Lien Permanent vers Neuville-sur-Sa\u00f4ne : inauguration de la rue Victor-Hugo\" target=\"_blank\">Neuville-sur-Sa\u00f4ne : inauguration de la rue Victor-Hugo<\/a><\/p>\n<p>\t<a href=\"http:\/\/www.lyonpoleimmo.com\/2025\/06\/23\/91384\/neuville-sur-saone-inauguration-de-la-rue-victor-hugo\/\" rel=\"bookmark nofollow noopener\" title=\"Lien Permanent vers Neuville-sur-Sa\u00f4ne : inauguration de la rue Victor-Hugo\" target=\"_blank\"><\/p>\n<p><img decoding=\"async\" src=\"https:\/\/www.europesays.com\/fr\/wp-content\/uploads\/2025\/07\/Inauguration-rue-Victor-Hugo.jpg\" alt=\"null\" \/>La rue a \u00e9t\u00e9 requalifi\u00e9e et est devenue pi\u00e9tonne.<\/p>\n<p><\/a><\/p>\n<p>\t<a href=\"http:\/\/www.lyonpoleimmo.com\/2025\/06\/17\/91319\/la-metropole-abandonne-lavis-unique-sur-les-autorisations-durbanisme\/\" rel=\"bookmark nofollow noopener\" title=\"Lien Permanent vers La M\u00e9tropole abandonne l\u2019avis unique sur les autorisations d\u2019urbanisme\" target=\"_blank\">La M\u00e9tropole abandonne l\u2019avis unique sur les autorisations d\u2019urbanisme<\/a><\/p>\n<p>\t<a href=\"http:\/\/www.lyonpoleimmo.com\/2025\/06\/17\/91319\/la-metropole-abandonne-lavis-unique-sur-les-autorisations-durbanisme\/\" rel=\"bookmark nofollow noopener\" title=\"Lien Permanent vers La M\u00e9tropole abandonne l\u2019avis unique sur les autorisations d\u2019urbanisme\" target=\"_blank\"><\/p>\n<p>La collectivit\u00e9 a confirm\u00e9 cet abandon lors de la conf\u00e9rence m\u00e9tropolitaine des maires. La d\u00e9cision a \u00e9t\u00e9 salu\u00e9e par l\u2019opposition.<\/p>\n<p><\/a><\/p>\n<p>\t<a href=\"http:\/\/www.lyonpoleimmo.com\/2025\/06\/16\/91280\/la-place-bellevue-entame-sa-transformation\/\" rel=\"bookmark nofollow noopener\" title=\"Lien Permanent vers La place Bellevue entame sa transformation\" target=\"_blank\">La place Bellevue entame sa transformation<\/a><\/p>\n<p>\t<a href=\"http:\/\/www.lyonpoleimmo.com\/2025\/06\/16\/91280\/la-place-bellevue-entame-sa-transformation\/\" rel=\"bookmark nofollow noopener\" title=\"Lien Permanent vers La place Bellevue entame sa transformation\" target=\"_blank\"><\/p>\n<p><img decoding=\"async\" src=\"https:\/\/www.europesays.com\/fr\/wp-content\/uploads\/2025\/07\/place-bellevue.jpg\" alt=\"null\" \/>L\u2019objectif de ce r\u00e9am\u00e9nagement est d\u2019offrir, \u00e0 terme, un espace public r\u00e9nov\u00e9, rev\u00e9g\u00e9talis\u00e9, et plus convivial.<\/p>\n<p><\/a><\/p>\n","protected":false},"excerpt":{"rendered":"(SdH\/LPI) La premi\u00e8re phase d\u2019am\u00e9nagement de la rue du Premier Film et de l\u2019avenue des Fr\u00e8res Lumi\u00e8re entre&hellip;\n","protected":false},"author":2,"featured_media":341738,"comment_status":"","ping_status":"","sticky":false,"template":"","format":"standard","meta":{"footnotes":""},"categories":[1889],"tags":[1111,11,2430,1777,674,1011,27,2428,12,25,1352],"class_list":{"0":"post-341737","1":"post","2":"type-post","3":"status-publish","4":"format-standard","5":"has-post-thumbnail","7":"category-lyon","8":"tag-actu","9":"tag-actualites","10":"tag-auvergne-rhone-alpes","11":"tag-eu","12":"tag-europe","13":"tag-fr","14":"tag-france","15":"tag-lyon","16":"tag-news","17":"tag-republique-francaise","18":"tag-urbanisme"},"share_on_mastodon":{"url":"https:\/\/pubeurope.com\/@fr\/115086691413632179","error":""},"_links":{"self":[{"href":"https:\/\/www.europesays.com\/fr\/wp-json\/wp\/v2\/posts\/341737","targetHints":{"allow":["GET"]}}],"collection":[{"href":"https:\/\/www.europesays.com\/fr\/wp-json\/wp\/v2\/posts"}],"about":[{"href":"https:\/\/www.europesays.com\/fr\/wp-json\/wp\/v2\/types\/post"}],"author":[{"embeddable":true,"href":"https:\/\/www.europesays.com\/fr\/wp-json\/wp\/v2\/users\/2"}],"replies":[{"embeddable":true,"href":"https:\/\/www.europesays.com\/fr\/wp-json\/wp\/v2\/comments?post=341737"}],"version-history":[{"count":0,"href":"https:\/\/www.europesays.com\/fr\/wp-json\/wp\/v2\/posts\/341737\/revisions"}],"wp:featuredmedia":[{"embeddable":true,"href":"https:\/\/www.europesays.com\/fr\/wp-json\/wp\/v2\/media\/341738"}],"wp:attachment":[{"href":"https:\/\/www.europesays.com\/fr\/wp-json\/wp\/v2\/media?parent=341737"}],"wp:term":[{"taxonomy":"category","embeddable":true,"href":"https:\/\/www.europesays.com\/fr\/wp-json\/wp\/v2\/categories?post=341737"},{"taxonomy":"post_tag","embeddable":true,"href":"https:\/\/www.europesays.com\/fr\/wp-json\/wp\/v2\/tags?post=341737"}],"curies":[{"name":"wp","href":"https:\/\/api.w.org\/{rel}","templated":true}]}}