{"id":341739,"date":"2025-08-25T00:58:25","date_gmt":"2025-08-25T00:58:25","guid":{"rendered":"https:\/\/www.europesays.com\/fr\/341739\/"},"modified":"2025-08-25T00:58:25","modified_gmt":"2025-08-25T00:58:25","slug":"jean-michel-aulas-devoile-ses-ambitions-pour-sa-ville-mais-toujours-sans-etre-candidat-2","status":"publish","type":"post","link":"https:\/\/www.europesays.com\/fr\/341739\/","title":{"rendered":"Jean-Michel Aulas d\u00e9voile ses ambitions pour sa ville (mais toujours sans \u00eatre candidat)"},"content":{"rendered":"<p> \u00abLe football est un miroir grossissant de la soci\u00e9t\u00e9, et parfois m\u00eame son laboratoire\u00a0\u00bb, \u00e9crit <a href=\"https:\/\/www.20minutes.fr\/sport\/jean-michel_aulas\/\" class=\"c-link c-link--is-underlined\" rel=\"nofollow noopener\" target=\"_blank\">Jean-Michel Aulas<\/a>. Dans un article, publi\u00e9 ce dimanche dans <a href=\"https:\/\/www.latribune.fr\/la-tribune-dimanche\/opinions\/opinion-dans-le-football-j-ai-construit-dans-la-vie-publique-je-voudrais-refonder-par-jean-michel-aulas-vice-president-de-la-fff-1031330.html\" rel=\"nofollow noopener\" target=\"_blank\" class=\"c-link c-link--is-underlined\">La Tribune du Dimanche<\/a>, l\u2019ancien patron de l\u2019<a href=\"https:\/\/www.20minutes.fr\/sport\/ol\/\" class=\"c-link c-link--is-underlined\" rel=\"nofollow noopener\" target=\"_blank\">Olympique lyonnais<\/a> affirme vouloir \u00ab\u00a0refonder\u00a0\u00bb la vie publique de <a href=\"https:\/\/www.20minutes.fr\/lyon\/\" class=\"c-link c-link--is-underlined\" rel=\"nofollow noopener\" target=\"_blank\">Lyon<\/a>, apr\u00e8s avoir \u00ab\u00a0construit\u00a0\u00bb dans le <a href=\"https:\/\/www.20minutes.fr\/sport\/football\/\" class=\"c-link c-link--is-underlined\" rel=\"nofollow noopener\" target=\"_blank\">football<\/a>. Mais alors que les <a href=\"https:\/\/www.20minutes.fr\/municipales\/\" class=\"c-link c-link--is-underlined\" rel=\"nofollow noopener\" target=\"_blank\">\u00e9lections municipales<\/a> approchent, <a href=\"https:\/\/www.20minutes.fr\/politique\/4148137-20250413-municipales-2026-lyon-rassembleur-fait-ca-si-jean-michel-aulas-prochain-maire\" class=\"c-link c-link--is-underlined\" rel=\"nofollow noopener\" target=\"_blank\">il n\u2019a toujours pas officialis\u00e9 sa candidature<\/a>.<\/p>\n<\/p>\n<p>Dans cet article, l\u2019ex-patron de l\u2019Olympique lyonnais transpose son exp\u00e9rience sportive et entrepreneuriale \u00e0 la politique locale, avec des m\u00e9taphores \u00e0 foison. \u00ab\u00a0Je veux que Lyon renoue avec son histoire et fasse de la culture non pas une variable d\u2019ajustement, mais une priorit\u00e9, parce qu\u2019elle est ce qui relie, inspire et donne sens \u00e0 l\u2019action collective\u00a0\u00bb, dit-il encore.<\/p>\n<p>\u00ab\u00a0Une ville qui pense loin\u00a0\u00bb<\/p>\n<p>Jean-Michel Aulas d\u00e9fend l\u2019id\u00e9e qu\u2019il \u00ab\u00a0n\u2019existe pas de cloison\u00a0\u00bb entre les mondes du \u00ab\u00a0sport, de la soci\u00e9t\u00e9 et de la politique\u00a0\u00bb, mais des \u00ab\u00a0passerelles\u00a0\u00bb o\u00f9 la gestion des tensions doit toujours servir l\u2019int\u00e9r\u00eat collectif. \u00ab\u00a0Dans l\u2019entreprise comme dans le football, j\u2019ai construit. Dans la vie publique, je voudrais d\u00e9sormais refonder\u00a0\u00bb, affirme-t-il.<\/p>\n<p>L\u2019homme d\u2019affaires r\u00e9sume sa vision de \u00ab\u00a0faire ville\u00a0\u00bb par \u00ab\u00a0rayonner sans diviser\u00a0\u00bb et \u00ab\u00a0ouvrir sans diluer\u00a0\u00bb. Sans citer directement la majorit\u00e9 en place, il laisse entendre qu\u2019il veut proposer une alternative politique.<\/p>\n<p><a href=\"https:\/\/www.20minutes.fr\/municipales\/\" class=\"c-link c-btn c-btn--primary\" rel=\"nofollow noopener\" target=\"_blank\">Notre dossier sur les \u00e9lections municipales 2026<\/a><\/p>\n<p>\u00ab\u00a0\u00c0 ceux qui opposent culture et \u00e9conomie, lien social et performance, solidarit\u00e9 et exigence, je r\u00e9ponds\u00a0: regardons ce que nous devons r\u00e9inventer. C\u2019est cette vision de Lyon que j\u2019aimerais raviver\u00a0: celle d\u2019une ville qui pense loin, agit juste et rassemble large\u00a0\u00bb, conclut-il. Reste \u00e0 savoir si Jean-Michel Aulas, figure du sport lyonnais, franchira le pas d\u2019une candidature officielle pour les \u00e9lections de mars prochain.<\/p>\n","protected":false},"excerpt":{"rendered":"\u00abLe football est un miroir grossissant de la soci\u00e9t\u00e9, et parfois m\u00eame son laboratoire\u00a0\u00bb, \u00e9crit Jean-Michel Aulas. Dans&hellip;\n","protected":false},"author":2,"featured_media":341740,"comment_status":"","ping_status":"","sticky":false,"template":"","format":"standard","meta":{"footnotes":""},"categories":[1889],"tags":[1111,47,11,2430,2761,1777,674,63,1011,27,5227,2428,12,2853,316,25,2429,2431],"class_list":{"0":"post-341739","1":"post","2":"type-post","3":"status-publish","4":"format-standard","5":"has-post-thumbnail","7":"category-lyon","8":"tag-actu","9":"tag-actualite","10":"tag-actualites","11":"tag-auvergne-rhone-alpes","12":"tag-elections-municipales-2026","13":"tag-eu","14":"tag-europe","15":"tag-football","16":"tag-fr","17":"tag-france","18":"tag-jean-michel-aulas","19":"tag-lyon","20":"tag-news","21":"tag-olympique-lyonnais-ol","22":"tag-politique","23":"tag-republique-francaise","24":"tag-rhone","25":"tag-rhone-alpes"},"share_on_mastodon":{"url":"https:\/\/pubeurope.com\/@fr\/115086695013156584","error":""},"_links":{"self":[{"href":"https:\/\/www.europesays.com\/fr\/wp-json\/wp\/v2\/posts\/341739","targetHints":{"allow":["GET"]}}],"collection":[{"href":"https:\/\/www.europesays.com\/fr\/wp-json\/wp\/v2\/posts"}],"about":[{"href":"https:\/\/www.europesays.com\/fr\/wp-json\/wp\/v2\/types\/post"}],"author":[{"embeddable":true,"href":"https:\/\/www.europesays.com\/fr\/wp-json\/wp\/v2\/users\/2"}],"replies":[{"embeddable":true,"href":"https:\/\/www.europesays.com\/fr\/wp-json\/wp\/v2\/comments?post=341739"}],"version-history":[{"count":0,"href":"https:\/\/www.europesays.com\/fr\/wp-json\/wp\/v2\/posts\/341739\/revisions"}],"wp:featuredmedia":[{"embeddable":true,"href":"https:\/\/www.europesays.com\/fr\/wp-json\/wp\/v2\/media\/341740"}],"wp:attachment":[{"href":"https:\/\/www.europesays.com\/fr\/wp-json\/wp\/v2\/media?parent=341739"}],"wp:term":[{"taxonomy":"category","embeddable":true,"href":"https:\/\/www.europesays.com\/fr\/wp-json\/wp\/v2\/categories?post=341739"},{"taxonomy":"post_tag","embeddable":true,"href":"https:\/\/www.europesays.com\/fr\/wp-json\/wp\/v2\/tags?post=341739"}],"curies":[{"name":"wp","href":"https:\/\/api.w.org\/{rel}","templated":true}]}}