{"id":341741,"date":"2025-08-25T01:02:26","date_gmt":"2025-08-25T01:02:26","guid":{"rendered":"https:\/\/www.europesays.com\/fr\/341741\/"},"modified":"2025-08-25T01:02:26","modified_gmt":"2025-08-25T01:02:26","slug":"deux-enfants-meurent-noyes-dans-un-parc-municipal-dorly","status":"publish","type":"post","link":"https:\/\/www.europesays.com\/fr\/341741\/","title":{"rendered":"Deux enfants meurent noy\u00e9s dans un parc municipal d&rsquo;Orly"},"content":{"rendered":"<p class=\"article__intro\">Deux tr\u00e8s jeunes enfants se sont noy\u00e9s dans une \u00e9tendue d&rsquo;eau situ\u00e9e dans un parc \u00e0 Orly, dans le Val-de-Marne ce samedi. Une enqu\u00eate a \u00e9t\u00e9 ouverte.<\/p>\n<p>\n      L\u2019actu des r\u00e9gions\n    <\/p>\n<p>\n      Chaque jour, un tour d\u2019horizon des principales infos de toutes les r\u00e9gions.\n    <\/p>\n<p>    France T\u00e9l\u00e9visions utilise votre adresse e-mail afin de vous envoyer la newsletter \u00ab\u00a0L\u2019actu des r\u00e9gions\u00a0\u00bb. Vous pouvez vous d\u00e9sinscrire \u00e0 tout moment via le lien en bas de cette newsletter. <a target=\"_blank\" href=\"https:\/\/www.francetelevisions.fr\/groupe\/confidentialite\/politique-de-confidentialite\/politique-de-confidentialite-de-france-televisions-6503\" rel=\"nofollow noopener\">Notre politique de confidentialit\u00e9<\/a><\/p>\n<p>Deux enfants d&rsquo;une m\u00eame famille sont morts par noyade samedi apr\u00e8s-midi \u00e0 Orly (Val-de-Marne) dans le parc Georges M\u00e9li\u00e8s, a indiqu\u00e9 le parquet de Cr\u00e9teil.<\/p>\n<p>\u00ab\u00a0Nous sommes profond\u00e9ment attrist\u00e9s et choqu\u00e9s par ce qu&rsquo;il s&rsquo;est pass\u00e9. Nos pens\u00e9es vont vers les familles\u00a0\u00bb, a indiqu\u00e9 Im\u00e8ne Souid, maire (DVG) d&rsquo;Orly \u00e0 France 3 Paris \u00cele-de-France.<\/p>\n<p>Selon Le Parisien, ces deux enfants sont \u00e2g\u00e9s de trois et quatre ans.<\/p>\n<p>Une enqu\u00eate est ouverte pour recherche des causes de la mort de ces deux jeunes cousins, a pr\u00e9cis\u00e9 le parquet de Cr\u00e9teil.<\/p>\n<p>Selon un t\u00e9moignage recueilli par France 3 Paris \u00cele-de-France, les faits se sont produits vers 18h. \u00ab\u00a0C&rsquo;\u00e9tait en fin d&rsquo;apr\u00e8s-midi, le p\u00e8re cherchait les deux enfants. On a eu l&rsquo;id\u00e9e de signaler \u00e0 la police. Au bout de 10-15 minutes, ils ont approfondi les recherches. Ils les ont retrouv\u00e9s derri\u00e8re deux buissons\u00a0\u00bb, raconte cet homme qui a particip\u00e9 aux recherches et qui pr\u00e9f\u00e8re rester anonyme.<\/p>\n<p>Ce dernier poursuit que les deux enfants ont probablement voulu voir les canards qui pataugent \u00e0 cet endroit : \u00ab\u00a0Ils ne savaient pas ce qu&rsquo;il y avait derri\u00e8re les buissons : l&rsquo;\u00e9tang, qui a cet endroit-l\u00e0 a une profondeur d&rsquo;un peu moins d&rsquo;un m\u00e8tre\u00a0\u00bb.<\/p>\n<p>Selon lui, au m\u00eame moment, un troisi\u00e8me enfant sous la garde d&rsquo;un des deux hommes \u00e9tait mont\u00e9 trop haut sur un jeu et il \u00e9tait all\u00e9 le chercher.<\/p>\n<p><a data-article-figure=\"\" href=\"https:\/\/france3-regions.franceinfo.fr\/image\/2xkxPKxepcUslbSoxhUIS0y4v4A\/1600x900\/regions\/2025\/08\/24\/img-20250824-wa0010-68aadc3dba8d7965306969.jpg\" data-pswp-width=\"1600\" data-pswp-height=\"900\" target=\"_blank\" rel=\"nofollow noopener\"><\/p>\n<p>          <img width=\"600\" height=\"400\" class=\"article-image lazy\" data-src=\"https:\/\/www.europesays.com\/fr\/wp-content\/uploads\/2025\/08\/img-20250824-wa0010-68aadc3dba8d7965306969.jpg\" alt=\"L'\u00e9tang qui longe l'ancienne maison de Georges M\u00e9li\u00e8s n'est pas cl\u00f4tur\u00e9 \u00e0 tous les endroits.\" fetchpriority=\"high\" as=\"image\"\/><\/p>\n<p>\n            L&rsquo;\u00e9tang qui longe l&rsquo;ancienne maison de Georges M\u00e9li\u00e8s n&rsquo;est pas cl\u00f4tur\u00e9 \u00e0 tous les endroits.<br \/>\n                           \u2022<br \/>\n                                      \u00a9 Didier Morel &#8211; France T\u00e9l\u00e9visions\n                      <\/p>\n<p><\/a><\/p>\n<p>De son c\u00f4t\u00e9, la maire d&rsquo;Orly, Mme Saouid, indique que : \u00ab\u00a0Ce plan d&rsquo;eau est interdit \u00e0 la baignade. Sur cette \u00e9tendue d&rsquo;eau, nous n&rsquo;avions eu aucun incident de la sorte. C&rsquo;est une \u00e9tendue visuelle, naturelle, qui n&rsquo;est pas destin\u00e9e \u00e0 la baignade\u00a0\u00bb.<\/p>\n<p>Cette derni\u00e8re ajoute : \u00ab\u00a0Nous respectons la p\u00e9riode de deuil et nous nous tenons aux c\u00f4t\u00e9s de la famille.\u00a0\u00bb<\/p>\n<p>39 personnes se sont noy\u00e9es en \u00cele-de-France entre le 1er juin et le 13 ao\u00fbt dernier. Des chiffres stables (45 l&rsquo;ann\u00e9e derni\u00e8re \u00e0 la m\u00eame p\u00e9riode). Mais le nombre de d\u00e9c\u00e8s, rapport\u00e9s aux noyades, augmente. Il est de 41% cette ann\u00e9e, une hausse de 5 points par rapport \u00e0 2024, selon des chiffres publi\u00e9s par\u00a0<a href=\"https:\/\/www.santepubliquefrance.fr\/maladies-et-traumatismes\/traumatismes\/noyade\/documents\/bulletin-national\/surveillance-des-noyades-durant-l-ete-2025.-bulletin-du-22-aout-2025\" rel=\"nofollow noopener\" target=\"_blank\">Sant\u00e9 publique France<\/a>.<\/p>\n","protected":false},"excerpt":{"rendered":"Deux tr\u00e8s jeunes enfants se sont noy\u00e9s dans une \u00e9tendue d&rsquo;eau situ\u00e9e dans un parc \u00e0 Orly, dans&hellip;\n","protected":false},"author":2,"featured_media":341742,"comment_status":"","ping_status":"","sticky":false,"template":"","format":"standard","meta":{"footnotes":""},"categories":[1888],"tags":[1111,1928,11,1927,1777,674,1011,27,12,1926,626,1925,25],"class_list":{"0":"post-341741","1":"post","2":"type-post","3":"status-publish","4":"format-standard","5":"has-post-thumbnail","7":"category-paris","8":"tag-actu","9":"tag-actu-paris","10":"tag-actualites","11":"tag-actualites-paris","12":"tag-eu","13":"tag-europe","14":"tag-fr","15":"tag-france","16":"tag-news","17":"tag-news-paris","18":"tag-paris","19":"tag-paris-news","20":"tag-republique-francaise"},"share_on_mastodon":{"url":"https:\/\/pubeurope.com\/@fr\/115086710763636818","error":""},"_links":{"self":[{"href":"https:\/\/www.europesays.com\/fr\/wp-json\/wp\/v2\/posts\/341741","targetHints":{"allow":["GET"]}}],"collection":[{"href":"https:\/\/www.europesays.com\/fr\/wp-json\/wp\/v2\/posts"}],"about":[{"href":"https:\/\/www.europesays.com\/fr\/wp-json\/wp\/v2\/types\/post"}],"author":[{"embeddable":true,"href":"https:\/\/www.europesays.com\/fr\/wp-json\/wp\/v2\/users\/2"}],"replies":[{"embeddable":true,"href":"https:\/\/www.europesays.com\/fr\/wp-json\/wp\/v2\/comments?post=341741"}],"version-history":[{"count":0,"href":"https:\/\/www.europesays.com\/fr\/wp-json\/wp\/v2\/posts\/341741\/revisions"}],"wp:featuredmedia":[{"embeddable":true,"href":"https:\/\/www.europesays.com\/fr\/wp-json\/wp\/v2\/media\/341742"}],"wp:attachment":[{"href":"https:\/\/www.europesays.com\/fr\/wp-json\/wp\/v2\/media?parent=341741"}],"wp:term":[{"taxonomy":"category","embeddable":true,"href":"https:\/\/www.europesays.com\/fr\/wp-json\/wp\/v2\/categories?post=341741"},{"taxonomy":"post_tag","embeddable":true,"href":"https:\/\/www.europesays.com\/fr\/wp-json\/wp\/v2\/tags?post=341741"}],"curies":[{"name":"wp","href":"https:\/\/api.w.org\/{rel}","templated":true}]}}