{"id":341743,"date":"2025-08-25T01:03:27","date_gmt":"2025-08-25T01:03:27","guid":{"rendered":"https:\/\/www.europesays.com\/fr\/341743\/"},"modified":"2025-08-25T01:03:27","modified_gmt":"2025-08-25T01:03:27","slug":"dati-maintient-sa-candidature-face-a-barnier-quelle-estime-instrumentalise","status":"publish","type":"post","link":"https:\/\/www.europesays.com\/fr\/341743\/","title":{"rendered":"Dati maintient sa candidature face \u00e0 Barnier qu&rsquo;elle estime \u00ab\u00a0instrumentalis\u00e9\u00a0\u00bb"},"content":{"rendered":"<p>\n    \u00ab J&rsquo;invite les forces politiques de la\u202fdroite et du centre \u00e0 prendre leurs responsabilit\u00e9s. D\u00e8s \u00e0 pr\u00e9sent, j&rsquo;assumerai les miennes et je le ferai jusqu&rsquo;au bout \u00bb d\u00e9clare la ministre de la Culture dans un entretien \u00e0 La Tribune Dimanche.\n<\/p>\n<p class=\"article-text article-body__item\">\n    La ministre de la Culture Rachida Dati, qui vise la mairie de Paris en 2026, a annonc\u00e9 samedi 23 ao\u00fbt le maintien de sa candidature \u00e0 la l\u00e9gislative partielle dans la 2e circonscription de Paris face \u00e0 l&rsquo;ex-Premier ministre Michel Barnier, pourtant investi par son parti Les R\u00e9publicains. \u00ab L\u2019\u00e9lection l\u00e9gislative qui aura lieu dans ma circonscription des 5e, 6e et 7e arrondissements sera la premi\u00e8re \u00e9tape du rassemblement et de la dynamique de victoire \u00e0 Paris (&#8230;) Je refuse que les Parisiens se fassent imposer des candidats semant la d\u00e9sunion au d\u00e9triment de notre combat commun pour Paris. J&rsquo;invite les forces politiques de la\u202fdroite et du centre \u00e0 prendre leurs responsabilit\u00e9s. D\u00e8s \u00e0 pr\u00e9sent, j&rsquo;assumerai les miennes et je le ferai jusqu&rsquo;au bout, a-t-elle d\u00e9clar\u00e9 <a href=\"https:\/\/www.latribune.fr\/la-tribune-dimanche\/opinions\/opinion-pour-paris-le-temps-de-l-union-et-de-la-victoire-par-rachida-dati-ministre-de-la-culture-1031328.html\" rel=\"noopener nofollow\" target=\"_blank\">dans un entretien \u00e0 La Tribune Dimanche<\/a>, malgr\u00e9 les poursuites judiciaires qui p\u00e8sent sur elle.\n<\/p>\n<p class=\"article-text article-body__item\">\n    La maire LR du 7e arrondissement n&rsquo;a pas appr\u00e9ci\u00e9 la candidature de Michel Barnier, qu&rsquo;elle estime \u00ab instrumentalis\u00e9 \u00bb dans cette circonscription o\u00f9 l&rsquo;\u00e9lection du d\u00e9put\u00e9 macroniste Jean Laussucq a \u00e9t\u00e9 invalid\u00e9e par le Conseil constitutionnel pour irr\u00e9gularit\u00e9s dans ses comptes de campagne. L&rsquo;\u00e9lection doit se tenir les 21 et 28 septembre.\n<\/p>\n<p class=\"article-text article-body__item\">\n    <strong>\u00c0 LIRE AUSSI : <a href=\"https:\/\/www.marianne.net\/agora\/les-signatures-de-marianne\/les-medias-l-adorent-elle-les-deteste-dati-la-trumpette\" rel=\"nofollow noopener\" target=\"_blank\">Les m\u00e9dias l&rsquo;adorent, elle les d\u00e9teste\u00a0: Dati la Trumpette<\/a><\/strong>\n<\/p>\n<p class=\"article-text article-body__item\">\n    Fin juillet, la pr\u00e9sidente de la f\u00e9d\u00e9ration LR de Paris Agn\u00e8s Evren esp\u00e9rait encore trouver un accord \u00ab d&rsquo;ici la rentr\u00e9e \u00bb avec Rachida Dati afin d&rsquo;\u00e9viter une guerre fratricide. C&rsquo;\u00e9tait sans compter la volont\u00e9 d&rsquo;en d\u00e9coudre de Rachida Dati. \u00ab Je me pr\u00e9sente aux suffrages des Parisiens pour un seul objectif : gagner Paris et rendre aux Parisiens la ville qu&rsquo;ils m\u00e9ritent \u00bb, d\u00e9clare-t-elle \u00e0 l&rsquo;hebdomadaire, estimant que Paris \u00ab vit une crise sans pr\u00e9c\u00e9dent \u00bb. Je refuse que les Parisiens se fassent imposer des candidats semant la d\u00e9sunion au d\u00e9triment de notre combat commun pour Paris. J&rsquo;invite les forces politiques de la\u202fdroite et du centre \u00e0 prendre leurs responsabilit\u00e9s. D\u00e8s \u00e0 pr\u00e9sent, j&rsquo;assumerai les miennes et je le ferai jusqu&rsquo;au bout.\n<\/p>\n<p class=\"article-text article-body__item\">\n    <strong>\u00c0 LIRE AUSSI : <a href=\"https:\/\/www.marianne.net\/societe\/police-et-justice\/dossier-renault-rachida-dati-menacee-d-ineligibilite-a-la-mairie-de-paris\" rel=\"nofollow noopener\" target=\"_blank\">Dossier Renault : Rachida Dati menac\u00e9e d&rsquo;in\u00e9ligibilit\u00e9 \u00e0 la mairie de Paris<\/a><\/strong>\n<\/p>\n<p class=\"article-text article-body__item\">\n    \u00c0 cet agenda \u00e9lectoral, Rachida Dati doit faire correspondre son agenda judiciaire : <a href=\"https:\/\/www.marianne.net\/societe\/police-et-justice\/dossier-renault-rachida-dati-menacee-d-ineligibilite-a-la-mairie-de-paris\" rel=\"nofollow noopener\" target=\"_blank\">comme vous le racontez Marianne dans une longue enqu\u00eate<\/a>, l&rsquo;ancienne ministre de la Justice a \u00e9t\u00e9 renvoy\u00e9e le 22 juillet en proc\u00e8s pour corruption et trafic d&rsquo;influence, soup\u00e7onn\u00e9e d&rsquo;avoir per\u00e7u 900.000 euros entre 2010 et 2012 pour des prestations de conseil avec une filiale de l&rsquo;alliance Renault-Nissan, mais sans avoir r\u00e9ellement travaill\u00e9, alors qu&rsquo;elle \u00e9tait avocate et d\u00e9put\u00e9e europ\u00e9enne. Elle a fait appel de la d\u00e9cision. La date pr\u00e9cise du proc\u00e8s devrait \u00eatre fix\u00e9e lors d&rsquo;une premi\u00e8re audience pr\u00e9vue le 29 septembre.<\/p>\n","protected":false},"excerpt":{"rendered":"\u00ab J&rsquo;invite les forces politiques de la\u202fdroite et du centre \u00e0 prendre leurs responsabilit\u00e9s. D\u00e8s \u00e0 pr\u00e9sent, j&rsquo;assumerai&hellip;\n","protected":false},"author":2,"featured_media":341744,"comment_status":"","ping_status":"","sticky":false,"template":"","format":"standard","meta":{"footnotes":""},"categories":[1888],"tags":[1111,1928,11,1927,1777,674,1011,27,12,1926,626,1925,25],"class_list":{"0":"post-341743","1":"post","2":"type-post","3":"status-publish","4":"format-standard","5":"has-post-thumbnail","7":"category-paris","8":"tag-actu","9":"tag-actu-paris","10":"tag-actualites","11":"tag-actualites-paris","12":"tag-eu","13":"tag-europe","14":"tag-fr","15":"tag-france","16":"tag-news","17":"tag-news-paris","18":"tag-paris","19":"tag-paris-news","20":"tag-republique-francaise"},"share_on_mastodon":{"url":"https:\/\/pubeurope.com\/@fr\/115086714691685402","error":""},"_links":{"self":[{"href":"https:\/\/www.europesays.com\/fr\/wp-json\/wp\/v2\/posts\/341743","targetHints":{"allow":["GET"]}}],"collection":[{"href":"https:\/\/www.europesays.com\/fr\/wp-json\/wp\/v2\/posts"}],"about":[{"href":"https:\/\/www.europesays.com\/fr\/wp-json\/wp\/v2\/types\/post"}],"author":[{"embeddable":true,"href":"https:\/\/www.europesays.com\/fr\/wp-json\/wp\/v2\/users\/2"}],"replies":[{"embeddable":true,"href":"https:\/\/www.europesays.com\/fr\/wp-json\/wp\/v2\/comments?post=341743"}],"version-history":[{"count":0,"href":"https:\/\/www.europesays.com\/fr\/wp-json\/wp\/v2\/posts\/341743\/revisions"}],"wp:featuredmedia":[{"embeddable":true,"href":"https:\/\/www.europesays.com\/fr\/wp-json\/wp\/v2\/media\/341744"}],"wp:attachment":[{"href":"https:\/\/www.europesays.com\/fr\/wp-json\/wp\/v2\/media?parent=341743"}],"wp:term":[{"taxonomy":"category","embeddable":true,"href":"https:\/\/www.europesays.com\/fr\/wp-json\/wp\/v2\/categories?post=341743"},{"taxonomy":"post_tag","embeddable":true,"href":"https:\/\/www.europesays.com\/fr\/wp-json\/wp\/v2\/tags?post=341743"}],"curies":[{"name":"wp","href":"https:\/\/api.w.org\/{rel}","templated":true}]}}