{"id":341749,"date":"2025-08-25T01:06:10","date_gmt":"2025-08-25T01:06:10","guid":{"rendered":"https:\/\/www.europesays.com\/fr\/341749\/"},"modified":"2025-08-25T01:06:10","modified_gmt":"2025-08-25T01:06:10","slug":"jd-vance-evoque-des-concessions-de-moscou-sur-lukraine-la-nouvelle-tribune","status":"publish","type":"post","link":"https:\/\/www.europesays.com\/fr\/341749\/","title":{"rendered":"JD Vance \u00e9voque des concessions de Moscou sur l\u2019Ukraine \u2013 La Nouvelle Tribune"},"content":{"rendered":"<p>Le 24 ao\u00fbt, le vice-pr\u00e9sident am\u00e9ricain a laiss\u00e9 entendre que la <strong>Russie<\/strong> avait revu certaines de ses exigences apr\u00e8s l\u2019entretien de <strong>Donald Trump<\/strong> avec <strong>Vladimir Poutine<\/strong> en Alaska. Il \u00e9voque un processus diplomatique en cours, malgr\u00e9 l\u2019absence de r\u00e8glement imm\u00e9diat.<\/p>\n<p>Un sommet qui relance la sc\u00e8ne diplomatique<\/p>\n<p>Le vice-pr\u00e9sident des <strong>\u00c9tats-Unis<\/strong>, <strong>JD Vance<\/strong>, a indiqu\u00e9 \u00e0 <a href=\"https:\/\/www.nbcnews.com\/politics\/jd-vance\/vance-optimism-energetic-diplomacy-will-end-war-ukraine-rcna226606\" data-type=\"link\" data-id=\"https:\/\/www.nbcnews.com\/politics\/jd-vance\/vance-optimism-energetic-diplomacy-will-end-war-ukraine-rcna226606\" rel=\"nofollow noopener\" target=\"_blank\"><strong>NBC<\/strong><\/a> que des signes d\u2019ouverture \u00e9taient apparus du c\u00f4t\u00e9 de la <strong>Russie<\/strong> \u00e0 la suite de la rencontre entre <strong>Donald Trump <\/strong>et <strong>Vladimir Poutine<\/strong> le 15 ao\u00fbt 2025. Cette r\u00e9union, organis\u00e9e sur une base militaire d\u2019Anchorage, constituait la premi\u00e8re visite du chef du Kremlin sur le sol am\u00e9ricain depuis plusieurs ann\u00e9es.<\/p>\n<p>Pendant pr\u00e8s de trois heures, <strong>les discussions avaient port\u00e9 sur la guerre en Ukraine.<\/strong> Aucun accord formel n\u2019avait \u00e9t\u00e9 annonc\u00e9,<strong> mais l\u2019\u00e9change a marqu\u00e9 une reprise visible du dialogue entre Washington et Moscou,<\/strong> alors que la <strong>Russie<\/strong> insistait toujours sur ses revendications territoriales. Plusieurs analystes avaient not\u00e9 que cette mise en sc\u00e8ne diplomatique permettait au dirigeant russe de r\u00e9appara\u00eetre sur le devant de la sc\u00e8ne internationale.<\/p>\n<p>Washington insiste sur des avanc\u00e9es possibles<\/p>\n<p>D\u2019apr\u00e8s <strong>JD Vance<\/strong>, les <strong>\u00c9tats-Unis<\/strong> tentent de \u00ab<strong> rapprocher les positions <\/strong>\u00bb de Kiev et Moscou afin d\u2019enrayer les combats. Le vice-pr\u00e9sident estime que <strong>la Russie a montr\u00e9, pour la premi\u00e8re fois en plus de trois ans de conflit, une volont\u00e9 de revoir certains points consid\u00e9r\u00e9s jusque-l\u00e0 comme intouchables.<\/strong> Il a soulign\u00e9 que ces concessions avaient \u00e9t\u00e9 adress\u00e9es directement \u00e0 <strong>Donald Trump<\/strong> apr\u00e8s leur rencontre.<\/p>\n<p><strong>Vance<\/strong> a n\u00e9anmoins pr\u00e9cis\u00e9 que <strong>ces gestes ne signifiaient pas la fin prochaine de la guerre, mais constituaient une \u00e9tape utile pour avancer vers un compromis.<\/strong> Ces propos devraient \u00eatre suivis avec attention par les capitales europ\u00e9ennes, qui \u00e9valuent l\u2019impact potentiel de cette \u00e9volution et pourraient ajuster leur position si les n\u00e9gociations progressent. Les d\u00e9clarations de <strong>JD Vance<\/strong> rappellent que, <strong>malgr\u00e9 l\u2019absence d\u2019accord \u00e0 Anchorage, les discussions entre Washington et Moscou restent ouvertes.<\/strong><\/p>\n","protected":false},"excerpt":{"rendered":"Le 24 ao\u00fbt, le vice-pr\u00e9sident am\u00e9ricain a laiss\u00e9 entendre que la Russie avait revu certaines de ses exigences&hellip;\n","protected":false},"author":2,"featured_media":27572,"comment_status":"","ping_status":"","sticky":false,"template":"","format":"standard","meta":{"footnotes":""},"categories":[1591],"tags":[11,1887,12,1885,1886,132],"class_list":{"0":"post-341749","1":"post","2":"type-post","3":"status-publish","4":"format-standard","5":"has-post-thumbnail","7":"category-russie","8":"tag-actualites","9":"tag-federation-de-russie","10":"tag-news","11":"tag-russia","12":"tag-russian-federation","13":"tag-russie"},"share_on_mastodon":{"url":"https:\/\/pubeurope.com\/@fr\/115086726498852908","error":""},"_links":{"self":[{"href":"https:\/\/www.europesays.com\/fr\/wp-json\/wp\/v2\/posts\/341749","targetHints":{"allow":["GET"]}}],"collection":[{"href":"https:\/\/www.europesays.com\/fr\/wp-json\/wp\/v2\/posts"}],"about":[{"href":"https:\/\/www.europesays.com\/fr\/wp-json\/wp\/v2\/types\/post"}],"author":[{"embeddable":true,"href":"https:\/\/www.europesays.com\/fr\/wp-json\/wp\/v2\/users\/2"}],"replies":[{"embeddable":true,"href":"https:\/\/www.europesays.com\/fr\/wp-json\/wp\/v2\/comments?post=341749"}],"version-history":[{"count":0,"href":"https:\/\/www.europesays.com\/fr\/wp-json\/wp\/v2\/posts\/341749\/revisions"}],"wp:featuredmedia":[{"embeddable":true,"href":"https:\/\/www.europesays.com\/fr\/wp-json\/wp\/v2\/media\/27572"}],"wp:attachment":[{"href":"https:\/\/www.europesays.com\/fr\/wp-json\/wp\/v2\/media?parent=341749"}],"wp:term":[{"taxonomy":"category","embeddable":true,"href":"https:\/\/www.europesays.com\/fr\/wp-json\/wp\/v2\/categories?post=341749"},{"taxonomy":"post_tag","embeddable":true,"href":"https:\/\/www.europesays.com\/fr\/wp-json\/wp\/v2\/tags?post=341749"}],"curies":[{"name":"wp","href":"https:\/\/api.w.org\/{rel}","templated":true}]}}