{"id":341752,"date":"2025-08-25T01:08:08","date_gmt":"2025-08-25T01:08:08","guid":{"rendered":"https:\/\/www.europesays.com\/fr\/341752\/"},"modified":"2025-08-25T01:08:08","modified_gmt":"2025-08-25T01:08:08","slug":"antisemitisme-paris-convoque-lambassadeur-americain-apres-ses-accusations-inacceptables-ouest-france","status":"publish","type":"post","link":"https:\/\/www.europesays.com\/fr\/341752\/","title":{"rendered":"Antis\u00e9mitisme : Paris convoque l&#039;ambassadeur am\u00e9ricain apr\u00e8s ses accusations \u00ab inacceptables \u00bb &#8211; Ouest-France"},"content":{"rendered":"<ol>\n<li><a href=\"https:\/\/news.google.com\/rss\/articles\/CBMi_gFBVV95cUxQNGpnNDdtaFJMUUdYSnhPd3E0YndhWU9UX3g3TllGdGxsUXZ0eTZaT3JuaVJqTkZVUTRfM2hfZF9xRjZTdW41WEVKYjNFdWhVd3puWndGM0FITmRULU1Rdm5rNDBlanFTekt4b01qdHU1S0g0eXhvNmNMcHlKa0daUTlaZWZJemFQelQwWEc4UlFSYnJDMHZnOVdrZXRkdGdxdXRTenJVZWpNREIyNklTaDRldWJwUlk2SlJJT0hVbC00bEcxNjloLTdZVE5ZZzdyUzR6d1VvNUJxSTNxX0hiYzN2cEVRLTNWZHl4QkVuNVRDUjlEX1Ywbl8xNzdnZw?oc=5\" target=\"_blank\" rel=\"nofollow noopener\">Antis\u00e9mitisme : Paris convoque l&rsquo;ambassadeur am\u00e9ricain apr\u00e8s ses accusations \u00ab inacceptables \u00bb<\/a>&nbsp;&nbsp;Ouest-France<\/li>\n<li><a href=\"https:\/\/news.google.com\/rss\/articles\/CBMi4AJBVV95cUxNYkE5RTA1cU5vRG8yX25PN0FYOVA0VTVibkVkcUJaRlFXQjU5R1NJZFE4MzhEMUhsNjV3TFQyZW9KVU1seW0wU0l6eWFrcW5aUG04WnJ1NEliSzBRQkNYMmxQLTRDZmNrV0c2Qk45NVJkT3ZYY212TlgyaTJnb2lCTjB6Z0gxTTZLclVXcndYZ0RSS3p0S3VBdjdQbGpHcHowVnhuVlpYZFpWRWRHLTJuNU1FUXU3ZEdVSjF2TnNtbmlyOExxbzhQaVRLcGJfWld0TkhMbXpHZXp5WEl3Xy1yRncwN0V2QWtSSXM4bUxqXzA4TXNKWGh6Tm9JeGRhRUNVbUgwYk1TZWlXTzBZMW1CdTA1aXZ6clA0Z1ZkRTZWUlB0ZWNkOXh4clB3Szl0UEZrc0dpVjlRU2JUWHJXbG9SX0lLSG9TUk96bG0wMVFteW1tX2U5aTVCOEtHTE5kM29z?oc=5\" target=\"_blank\" rel=\"nofollow noopener\">Charles Kushner, ambassadeur des Etats-Unis en France, convoqu\u00e9 au Quai d\u2019Orsay apr\u00e8s avoir critiqu\u00e9 \u00ab l\u2019absence d\u2019action suffisante \u00bb d\u2019Emmanuel Macron contre l\u2019antis\u00e9mitisme<\/a>&nbsp;&nbsp;Le Monde.fr<\/li>\n<li><a href=\"https:\/\/news.google.com\/rss\/articles\/CBMi7AFBVV95cUxPVGpZNFo4V3RaQ0NMODV3WUFVQ3FUanQzTU5vWHZjbE1aOWNxWmdhTkZWOFlzdVlOTVc3NEpnQ2RNYnA1WFU1MjJxclMzaHR0OTM0SWQxR09mcGw2NE5HX2ZreDZhWE5fVDVMRGhjbGw1NG9uZDVnYXBBZk5kSDh3N1JVTmFNZG5aR1NoTE0yako1WkJFR0ptQXZ0MFNxUE90WTJ5UXFMS1pqQUdLZWdXc3ZGLUdkR0ttY1lyNDZVZnlPZnFyNndSNngxWVF1TTlpZ2JVb0xQZjhVSUtoQ2VhQlBKbWdYbzZGTzdTcQ?oc=5\" target=\"_blank\" rel=\"nofollow noopener\">Antis\u00e9mitisme : Paris convoque l\u2019ambassadeur am\u00e9ricain en France apr\u00e8s ses accusations \u00abinacceptables\u00bb visant Emmanuel Macron<\/a>&nbsp;&nbsp;Le Figaro<\/li>\n<li><a href=\"https:\/\/news.google.com\/rss\/articles\/CBMijwJBVV95cUxNRnROWkZ1UGxIUExBc0xiMks2X1J3d203MGVMZzhtY0VoazVDS1RGMlhDNk9BeGgwZ2wzazdIZkJTYm00MFFDeUlvMW1LMmpza3hQWVA1cjBnSHZhbDlBaTVGR0JKQm1WckM5Rk5yaEFoOElKcTh1MFhfQTdDbXI1aS14OVRqR0JJMUozVzdSQk1pY2pfa3h1dHNuNDNpcURXYXdYQ1hCWl9rSlRrUWpiUDVYeE9TSVRXcGE4S2thcTkycFFReTkwektXeHFqaHY4ZXRHczZDVFdaclhvWk9GQzNMbE1MSnlyRVAyTlpnSmZqdEhmMFpvNUNXY01QS1lHWS1vS2htanRxT2xTZ25v?oc=5\" target=\"_blank\" rel=\"nofollow noopener\">Reconnaissance d&rsquo;un Etat palestinien : Isra\u00ebl affirme que la France \u00ab\u00a0alimente le feu antis\u00e9mite\u00a0\u00bb, l&rsquo;Elys\u00e9e d\u00e9nonce une accusation \u00ab\u00a0abjecte\u00a0\u00bb<\/a>&nbsp;&nbsp;France Info<\/li>\n<li><a href=\"https:\/\/news.google.com\/rss\/articles\/CBMiywFBVV95cUxQTGRWcERaMHFUZDdmQ3YwSlpLbExvamZPUktkaUxlYjNRTHd2emxZWnpQdFZsX1RUVmRTcENLOHJlZUlYSmRNajEyamdBWWVyT1R1WkFTUWVpR09iblpHMThudExMR2ZUenU3RHdhQnZ0UlZQbFBPZUNMT1lCazA4M1J5TUlpQ0lFVFQxNTdLTjBnQzhXNER5MG1HQTBUQXN6M3p4cThlQ3g4R2Z6SS1VdW8xRE05WXpwS29xYTRyRGJlc2Q0anBud1pPMA?oc=5\" target=\"_blank\" rel=\"nofollow noopener\">Propos sur Macron : l&rsquo;ambassadeur US convoqu\u00e9 &#8211; 24\/08<\/a>&nbsp;&nbsp;BFMTV<\/li>\n<\/ol>\n","protected":false},"excerpt":{"rendered":"Antis\u00e9mitisme : Paris convoque l&rsquo;ambassadeur am\u00e9ricain apr\u00e8s ses accusations \u00ab inacceptables \u00bb&nbsp;&nbsp;Ouest-France Charles Kushner, ambassadeur des Etats-Unis en&hellip;\n","protected":false},"author":2,"featured_media":1445,"comment_status":"","ping_status":"","sticky":false,"template":"","format":"standard","meta":{"footnotes":""},"categories":[1589],"tags":[11,73,1866,12,1864,1865,1863,308],"class_list":{"0":"post-341752","1":"post","2":"type-post","3":"status-publish","4":"format-standard","5":"has-post-thumbnail","7":"category-etats-unis","8":"tag-actualites","9":"tag-etats-unis","10":"tag-etats-unis-damerique","11":"tag-news","12":"tag-united-states","13":"tag-united-states-of-america","14":"tag-us","15":"tag-usa"},"share_on_mastodon":{"url":"https:\/\/pubeurope.com\/@fr\/115086734556587018","error":""},"_links":{"self":[{"href":"https:\/\/www.europesays.com\/fr\/wp-json\/wp\/v2\/posts\/341752","targetHints":{"allow":["GET"]}}],"collection":[{"href":"https:\/\/www.europesays.com\/fr\/wp-json\/wp\/v2\/posts"}],"about":[{"href":"https:\/\/www.europesays.com\/fr\/wp-json\/wp\/v2\/types\/post"}],"author":[{"embeddable":true,"href":"https:\/\/www.europesays.com\/fr\/wp-json\/wp\/v2\/users\/2"}],"replies":[{"embeddable":true,"href":"https:\/\/www.europesays.com\/fr\/wp-json\/wp\/v2\/comments?post=341752"}],"version-history":[{"count":0,"href":"https:\/\/www.europesays.com\/fr\/wp-json\/wp\/v2\/posts\/341752\/revisions"}],"wp:featuredmedia":[{"embeddable":true,"href":"https:\/\/www.europesays.com\/fr\/wp-json\/wp\/v2\/media\/1445"}],"wp:attachment":[{"href":"https:\/\/www.europesays.com\/fr\/wp-json\/wp\/v2\/media?parent=341752"}],"wp:term":[{"taxonomy":"category","embeddable":true,"href":"https:\/\/www.europesays.com\/fr\/wp-json\/wp\/v2\/categories?post=341752"},{"taxonomy":"post_tag","embeddable":true,"href":"https:\/\/www.europesays.com\/fr\/wp-json\/wp\/v2\/tags?post=341752"}],"curies":[{"name":"wp","href":"https:\/\/api.w.org\/{rel}","templated":true}]}}