{"id":341755,"date":"2025-08-25T01:10:10","date_gmt":"2025-08-25T01:10:10","guid":{"rendered":"https:\/\/www.europesays.com\/fr\/341755\/"},"modified":"2025-08-25T01:10:10","modified_gmt":"2025-08-25T01:10:10","slug":"olympiques-seider-et-lallemagne-veulent-rivaliser-avec-les-puissances","status":"publish","type":"post","link":"https:\/\/www.europesays.com\/fr\/341755\/","title":{"rendered":"Olympiques: Seider et l\u2019Allemagne veulent rivaliser avec les puissances"},"content":{"rendered":"<p>Les joueurs de la LNH participeront aux Jeux olympiques d&rsquo;hiver de Milano Cortina 2026 en f\u00e9vrier prochain. C&rsquo;est la premi\u00e8re fois depuis 2014 que les meilleurs joueurs au monde se retrouvent sur la sc\u00e8ne olympique. LNH.com publiera chaque lundi un article sur le compte \u00e0 rebours des Jeux olympiques de 2026. Aujourd&rsquo;hui, nous nous entretenons avec le d\u00e9fenseur des Red Wings de Detroit Moritz Seider, qui va tenter d\u2019aider l\u2019Allemagne \u00e0 rivaliser pour une m\u00e9daille et \u00e0 \u00e9lever son statut sur la sc\u00e8ne internationale.<\/p>\n<p>Moritz Seider croit que le meilleur est \u00e0 venir pour l\u2019Allemagne, alors que lui et son pays se pr\u00e9parent pour les Jeux olympiques d\u2019hiver de Milano Cortina 2026.<\/p>\n<p>Le d\u00e9fenseur des Red Wings de Detroit a assur\u00e9 que ses compatriotes sont pr\u00eats pour le d\u00e9fi qui les attend.<\/p>\n<p>\u00ab Je sais que nous sommes un petit pays, mais nous voulons rivaliser avec les puissances et tenter de nous am\u00e9liorer collectivement et individuellement, a dit Seider. Nous voulons nous faire un nom de l\u2019autre c\u00f4t\u00e9 de l\u2019oc\u00e9an. J\u2019esp\u00e8re que nous parviendrons \u00e0 \u00e9tablir une identit\u00e9. \u00bb<\/p>\n<p>L\u2019Allemagne peut b\u00e2tir sur ses r\u00e9cents succ\u00e8s \u00e0 l\u2019international en vue des Olympiques.<\/p>\n<p>Elle a remport\u00e9 la m\u00e9daille d\u2019argent aux Jeux olympiques 2018 de Pyeongchang et au Championnat du monde de la FIHG 2023. C\u2019est la premi\u00e8re fois que l\u2019Allemagne remportait une m\u00e9daille au Mondial depuis la cr\u00e9ation des rondes \u00e9liminatoires en 1992 et il s\u2019agissait d\u2019une premi\u00e8re m\u00e9daille \u00e0 cet \u00e9v\u00e9nement depuis que l\u2019Allemagne de l\u2019Ouest a remport\u00e9 l\u2019argent en 1953.<\/p>\n<p>Et cette fois, toutes les vedettes allemandes de la LNH seront pr\u00e9sentes \u00e0 Milan et Cortina d\u2019Ampezzo.<\/p>\n<p>En plus de Seider, l\u2019Allemagne pourra compter sur les attaquants Leon Draisaitl (Oilers d\u2019Edmonton), Tim St\u00fctzle (S\u00e9nateurs d\u2019Ottawa), Lukas Reichel (Blackhawks de Chicago) et Nico Sturm (Wild du Minnesota) ainsi que sur le gardien Philipp Grubauer (Kraken de Seattle). Ils ont tous \u00e9t\u00e9 choisis au sein de la formation pr\u00e9liminaire de l\u2019Allemagne le 16 juin dernier.<\/p>\n<p>\u00ab Ce serait plaisant de tous \u00eatre dans la m\u00eame \u00e9quipe \u00e9ventuellement et de montrer ce dont nous sommes capables, a affirm\u00e9 Seider. Il faut d\u2019abord attribuer du m\u00e9rite aux joueurs. Nous voulons nous faire un nom et agir comme leader dans notre propre \u00e9quipe. Ensuite, si nous en avons la chance, c\u2019est encore plus plaisant de tous nous rassembler. \u00bb<\/p>\n<p>Les Olympiques seront l\u2019occasion pour l\u2019Allemagne de progresser sur la sc\u00e8ne internationale.<\/p>\n<p>Elle pourra d\u00e9montrer \u00e0 quel point son programme de hockey s\u2019est d\u00e9velopp\u00e9 depuis qu\u2019elle a \u00e9t\u00e9 exclue du groupe mondial au Championnat du monde en prenant la 17e place en 2005.<\/p>\n<p>\u00ab Regardez les deux m\u00e9dailles d\u2019argent qu\u2019ils ont remport\u00e9es, a soulign\u00e9 Grubauer. Je pense que \u00e7a en dit long sur le hockey mineur et sur la mani\u00e8re dont on d\u00e9veloppe des joueurs. \u00c7a en dit long sur le nombre de joueurs qui sont maintenant dans la LNH. Il y a Leon, Tim, JJ (Peterka, l\u2019ailier du Mammoth de l\u2019Utah), Mo. [\u2026] Ils ont tous des r\u00f4les assez importants avec leur \u00e9quipe. Le hockey allemand fait les bonnes choses pour envoyer des joueurs dans la LNH, et plus nous serons, mieux ce sera pour notre pays. \u00bb<\/p>\n<p>Seider, qui a pris part \u00e0 cinq \u00e9ditions du Championnat du monde et au Championnat mondial junior \u00e0 trois reprises, sera un joueur cl\u00e9 de son pays.<\/p>\n<p>Il a inscrit 46 points (huit buts, 38 passes) et jou\u00e9 en moyenne 25:04 par match avec Detroit la saison derni\u00e8re et il a \u00e9t\u00e9 le seul d\u00e9fenseur allemand \u00e0 \u00e9voluer dans la LNH en 2024-25.<\/p>\n","protected":false},"excerpt":{"rendered":"Les joueurs de la LNH participeront aux Jeux olympiques d&rsquo;hiver de Milano Cortina 2026 en f\u00e9vrier prochain. C&rsquo;est&hellip;\n","protected":false},"author":2,"featured_media":341756,"comment_status":"","ping_status":"","sticky":false,"template":"","format":"standard","meta":{"footnotes":""},"categories":[1587],"tags":[11,672,1804,1805,1803,1777,674,1801,12,1802],"class_list":{"0":"post-341755","1":"post","2":"type-post","3":"status-publish","4":"format-standard","5":"has-post-thumbnail","7":"category-allemagne","8":"tag-actualites","9":"tag-allemagne","10":"tag-bundesrepublik-deutschland","11":"tag-de","12":"tag-deutschland","13":"tag-eu","14":"tag-europe","15":"tag-germany","16":"tag-news","17":"tag-republique-federale-dallemagne"},"share_on_mastodon":{"url":"https:\/\/pubeurope.com\/@fr\/115086742212930382","error":""},"_links":{"self":[{"href":"https:\/\/www.europesays.com\/fr\/wp-json\/wp\/v2\/posts\/341755","targetHints":{"allow":["GET"]}}],"collection":[{"href":"https:\/\/www.europesays.com\/fr\/wp-json\/wp\/v2\/posts"}],"about":[{"href":"https:\/\/www.europesays.com\/fr\/wp-json\/wp\/v2\/types\/post"}],"author":[{"embeddable":true,"href":"https:\/\/www.europesays.com\/fr\/wp-json\/wp\/v2\/users\/2"}],"replies":[{"embeddable":true,"href":"https:\/\/www.europesays.com\/fr\/wp-json\/wp\/v2\/comments?post=341755"}],"version-history":[{"count":0,"href":"https:\/\/www.europesays.com\/fr\/wp-json\/wp\/v2\/posts\/341755\/revisions"}],"wp:featuredmedia":[{"embeddable":true,"href":"https:\/\/www.europesays.com\/fr\/wp-json\/wp\/v2\/media\/341756"}],"wp:attachment":[{"href":"https:\/\/www.europesays.com\/fr\/wp-json\/wp\/v2\/media?parent=341755"}],"wp:term":[{"taxonomy":"category","embeddable":true,"href":"https:\/\/www.europesays.com\/fr\/wp-json\/wp\/v2\/categories?post=341755"},{"taxonomy":"post_tag","embeddable":true,"href":"https:\/\/www.europesays.com\/fr\/wp-json\/wp\/v2\/tags?post=341755"}],"curies":[{"name":"wp","href":"https:\/\/api.w.org\/{rel}","templated":true}]}}