{"id":341759,"date":"2025-08-25T01:12:17","date_gmt":"2025-08-25T01:12:17","guid":{"rendered":"https:\/\/www.europesays.com\/fr\/341759\/"},"modified":"2025-08-25T01:12:17","modified_gmt":"2025-08-25T01:12:17","slug":"batteries-electriques-le-recyclage-desormais-obligatoire-dans-lue","status":"publish","type":"post","link":"https:\/\/www.europesays.com\/fr\/341759\/","title":{"rendered":"Batteries \u00e9lectriques : Le recyclage d\u00e9sormais obligatoire dans l\u2019UE"},"content":{"rendered":"<p> Par <a href=\"https:\/\/www.leconomiste.com\/content\/aziz-diouf\" rel=\"nofollow noopener\" target=\"_blank\">Aziz DIOUF<\/a> <a href=\"https:\/\/www.leconomiste.com\/node\/\" rel=\"nofollow noopener\" target=\"_blank\"> <\/a> | Edition N\u00b0:7078 Le 25\/08\/2025 | Partager <\/p>\n<p class=\"rtejustify\">Depuis le 18 ao\u00fbt 2025, les batteries des v\u00e9hicules \u00e9lectriques et hybrides ainsi que celles des v\u00e9los et trottinettes \u00e9lectriques, qui sont fabriqu\u00e9es ou vendues sur le march\u00e9 de l\u2019Union europ\u00e9enne, ont l\u2019obligation d\u2019\u00eatre recycl\u00e9es. C\u2019est le r\u00e8glement europ\u00e9en UE 2023\/1542, entr\u00e9 en vigueur \u00e0 cette date, qui l\u2019impose. Et ce sont les vendeurs et les fabricants \u00e0 qui incombe cette nouvelle responsabilit\u00e9.<\/p>\n<p><a href=\"https:\/\/www.leconomiste.com\/article\/1139918-omc-le-maroc-face-aux-defis-du-commerce-mondial\" rel=\"nofollow noopener\" target=\"_blank\"><img loading=\"lazy\" decoding=\"async\" class=\"img-responsive\" typeof=\"foaf:Image\" src=\"https:\/\/www.europesays.com\/fr\/wp-content\/uploads\/2025\/08\/omc-2u.gif\" width=\"800\" height=\"400\" alt=\"OMC: Le Maroc face aux d\u00e9fis du commerce mondial\"\/><\/a> <a href=\"https:\/\/www.leconomiste.com\/article\/1139918-omc-le-maroc-face-aux-defis-du-commerce-mondial\" rel=\"nofollow noopener\" target=\"_blank\">OMC: Le Maroc face aux d\u00e9fis du commerce mondial<a href=\"https:\/\/www.leconomiste.com\/article\/1139917-systeme-commercial-multilateral-des-interets-pour-le-maroc\" rel=\"nofollow noopener\" target=\"_blank\"><img loading=\"lazy\" decoding=\"async\" class=\"img-responsive\" typeof=\"foaf:Image\" src=\"https:\/\/www.europesays.com\/fr\/wp-content\/uploads\/2025\/08\/systeme-commercial-4u.gif\" width=\"800\" height=\"400\" alt=\"Syst\u00e8me commercial multilat\u00e9ral : Des int\u00e9r\u00eats pour le Maroc\"\/><\/a> <a href=\"https:\/\/www.leconomiste.com\/article\/1139917-systeme-commercial-multilateral-des-interets-pour-le-maroc\" rel=\"nofollow noopener\" target=\"_blank\">Syst\u00e8me commercial multilat\u00e9ral : Des int\u00e9r\u00eats pour le Maroc<a href=\"https:\/\/www.leconomiste.com\/article\/1139916-etat-social-dans-le-plf-le-nouveau-modele-se-precise\" rel=\"nofollow noopener\" target=\"_blank\"><img loading=\"lazy\" decoding=\"async\" class=\"img-responsive\" typeof=\"foaf:Image\" src=\"https:\/\/www.europesays.com\/fr\/wp-content\/uploads\/2025\/08\/etat-social-4u.gif\" width=\"800\" height=\"400\" alt=\"Etat social dans le PLF : Le nouveau mod\u00e8le se pr\u00e9cise\"\/><\/a> <a href=\"https:\/\/www.leconomiste.com\/article\/1139916-etat-social-dans-le-plf-le-nouveau-modele-se-precise\" rel=\"nofollow noopener\" target=\"_blank\">Etat social dans le PLF : Le nouveau mod\u00e8le se pr\u00e9cise<\/p>\n<p> Nos Suppl\u00e9ments  <a href=\"https:\/\/www.leconomiste.com\/sites\/default\/files\/eco7\/public\/flipping_book\/weekly_highlights_173\/index.html\" target=\"_blank\" rel=\"nofollow noopener\"><img loading=\"lazy\" decoding=\"async\" typeof=\"foaf:Image\" class=\"img-responsive\" src=\"https:\/\/www.europesays.com\/fr\/wp-content\/uploads\/2025\/08\/une-une-weekly-7074.jpg\" width=\"291\" height=\"400\" alt=\"\"\/><\/a><\/p>\n<p> \ue066 Vos R\u00e9actions <\/p>\n","protected":false},"excerpt":{"rendered":"Par Aziz DIOUF | Edition N\u00b0:7078 Le 25\/08\/2025 | Partager Depuis le 18 ao\u00fbt 2025, les batteries des&hellip;\n","protected":false},"author":2,"featured_media":341760,"comment_status":"","ping_status":"","sticky":false,"template":"","format":"standard","meta":{"footnotes":""},"categories":[1586],"tags":[11,47827,1777,674,1779,1011,27,12,25,1778,364],"class_list":{"0":"post-341759","1":"post","2":"type-post","3":"status-publish","4":"format-standard","5":"has-post-thumbnail","7":"category-europe","8":"tag-actualites","9":"tag-batteries-electriques-le-recyclage-desormais-obligatoire-dans-lue","10":"tag-eu","11":"tag-europe","12":"tag-european-union","13":"tag-fr","14":"tag-france","15":"tag-news","16":"tag-republique-francaise","17":"tag-ue","18":"tag-union-europeenne"},"share_on_mastodon":{"url":"https:\/\/pubeurope.com\/@fr\/115086750793586696","error":""},"_links":{"self":[{"href":"https:\/\/www.europesays.com\/fr\/wp-json\/wp\/v2\/posts\/341759","targetHints":{"allow":["GET"]}}],"collection":[{"href":"https:\/\/www.europesays.com\/fr\/wp-json\/wp\/v2\/posts"}],"about":[{"href":"https:\/\/www.europesays.com\/fr\/wp-json\/wp\/v2\/types\/post"}],"author":[{"embeddable":true,"href":"https:\/\/www.europesays.com\/fr\/wp-json\/wp\/v2\/users\/2"}],"replies":[{"embeddable":true,"href":"https:\/\/www.europesays.com\/fr\/wp-json\/wp\/v2\/comments?post=341759"}],"version-history":[{"count":0,"href":"https:\/\/www.europesays.com\/fr\/wp-json\/wp\/v2\/posts\/341759\/revisions"}],"wp:featuredmedia":[{"embeddable":true,"href":"https:\/\/www.europesays.com\/fr\/wp-json\/wp\/v2\/media\/341760"}],"wp:attachment":[{"href":"https:\/\/www.europesays.com\/fr\/wp-json\/wp\/v2\/media?parent=341759"}],"wp:term":[{"taxonomy":"category","embeddable":true,"href":"https:\/\/www.europesays.com\/fr\/wp-json\/wp\/v2\/categories?post=341759"},{"taxonomy":"post_tag","embeddable":true,"href":"https:\/\/www.europesays.com\/fr\/wp-json\/wp\/v2\/tags?post=341759"}],"curies":[{"name":"wp","href":"https:\/\/api.w.org\/{rel}","templated":true}]}}