{"id":341764,"date":"2025-08-25T01:15:12","date_gmt":"2025-08-25T01:15:12","guid":{"rendered":"https:\/\/www.europesays.com\/fr\/341764\/"},"modified":"2025-08-25T01:15:12","modified_gmt":"2025-08-25T01:15:12","slug":"la-france-convoque-lambassadeur-americain-au-sujet-dune-lettre-inacceptable","status":"publish","type":"post","link":"https:\/\/www.europesays.com\/fr\/341764\/","title":{"rendered":"La France convoque l&rsquo;ambassadeur am\u00e9ricain au sujet d&rsquo;une lettre \u00abinacceptable\u00bb"},"content":{"rendered":"<p>La France a convoqu\u00e9 l&rsquo;ambassadeur des \u00c9tats-Unis \u00e0 Paris apr\u00e8s que le diplomate Charles Kushner a adress\u00e9 une lettre au pr\u00e9sident fran\u00e7ais Emmanuel Macron, all\u00e9guant que le pays n&rsquo;avait pas pris suffisamment de mesures pour lutter contre l&rsquo;antis\u00e9mitisme.<\/p>\n<p>Le minist\u00e8re fran\u00e7ais des Affaires \u00e9trang\u00e8res a publi\u00e9 dimanche un communiqu\u00e9 annon\u00e7ant la convocation de M. Kushner lundi au Quai d&rsquo;Orsay, qualifiant ses all\u00e9gations d&rsquo;\u00abinacceptables\u00bb.<\/p>\n<p>La Maison-Blanche et le D\u00e9partement d&rsquo;\u00c9tat am\u00e9ricain n&rsquo;ont pas imm\u00e9diatement r\u00e9pondu aux sollicitations de commentaires. La convocation de l&rsquo;ambassadeur constitue une d\u00e9claration officielle et publique de m\u00e9contentement.<\/p>\n<p>Charles Kushner, promoteur immobilier, est le p\u00e8re de Jared Kushner, gendre du pr\u00e9sident Donald Trump.<\/p>\n<p>Le minist\u00e8re fran\u00e7ais des Affaires \u00e9trang\u00e8res a indiqu\u00e9 dans son communiqu\u00e9 que \u00abla France r\u00e9fute fermement ces derni\u00e8res all\u00e9gations\u00bb de M. Kushner et que les autorit\u00e9s fran\u00e7aises \u00abfont preuve d\u2019une mobilisation totale\u00bb pour lutter contre la recrudescence des actes antis\u00e9mites depuis l&rsquo;attaque du Hamas contre Isra\u00ebl le 7 octobre 2023, jugeant ces actes \u00abintol\u00e9rables\u00bb.<\/p>\n<p>Le contenu de la lettre n&rsquo;a pas \u00e9t\u00e9 rendu public.<\/p>\n<p>Les all\u00e9gations de Charles Kushner vont \u00e0 l&rsquo;encontre du droit international et l&rsquo;obligation de ne pas s&rsquo;ing\u00e9rer dans les affaires int\u00e9rieures d&rsquo;un autre pays, a mentionn\u00e9 le minist\u00e8re fran\u00e7ais des Affaires \u00e9trang\u00e8res.<\/p>\n<p>\u00abElles ne sont par ailleurs pas \u00e0 la hauteur de la qualit\u00e9 du lien transatlantique entre la France et les \u00c9tats-Unis et de la confiance qui doit en r\u00e9sulter entre alli\u00e9s\u00bb, a-t-il ajout\u00e9.<\/p>\n<p>Ce diff\u00e9rend fait suite au rejet par Emmanuel Macron, la semaine derni\u00e8re, des accusations du premier ministre isra\u00e9lien Benjamin N\u00e9tanyahou selon lesquelles l&rsquo;intention de la France de reconna\u00eetre un \u00c9tat palestinien alimenterait l&rsquo;antis\u00e9mitisme.<\/p>\n<p>La France abrite la plus grande population juive d&rsquo;Europe occidentale, avec pr\u00e8s de 500 000 Juifs, soit environ 1 % de la population nationale.<\/p>\n<p>Ce d\u00e9saccord diplomatique survient alors que les relations franco-am\u00e9ricaines ont \u00e9t\u00e9 tendues cette ann\u00e9e, dans le contexte de la guerre commerciale men\u00e9e par Donald Trump et d&rsquo;une divergence sur l&rsquo;avenir des Casques bleus de l&rsquo;ONU au Liban.<\/p>\n<p>La France et les \u00c9tats-Unis \u00e9taient \u00e9galement divis\u00e9s sur le soutien \u00e0 l&rsquo;Ukraine dans sa guerre contre la Russie, mais la division s&rsquo;est apais\u00e9e apr\u00e8s que le pr\u00e9sident am\u00e9ricain e\u00fbt exprim\u00e9 son soutien aux garanties de s\u00e9curit\u00e9 et a rencontr\u00e9 chaleureusement M. Macron et d&rsquo;autres dirigeants europ\u00e9ens \u00e0 la Maison-Blanche la semaine derni\u00e8re.<\/p>\n<p>\u00c0 la fin de son premier mandat, Donald Trump a graci\u00e9 Charles Kushner, qui avait plaid\u00e9 coupable des ann\u00e9es plus t\u00f4t de fraude fiscale et de dons de campagne ill\u00e9gaux.<\/p>\n<p>Son fils, Jared, ancien conseiller principal de Donald Trump \u00e0 la Maison-Blanche, est mari\u00e9 \u00e0 Ivanka, la fille a\u00een\u00e9e du pr\u00e9sident am\u00e9ricain.<\/p>\n<p>Michelle L. Price, The Associated Press<\/p>\n","protected":false},"excerpt":{"rendered":"La France a convoqu\u00e9 l&rsquo;ambassadeur des \u00c9tats-Unis \u00e0 Paris apr\u00e8s que le diplomate Charles Kushner a adress\u00e9 une&hellip;\n","protected":false},"author":2,"featured_media":341765,"comment_status":"","ping_status":"","sticky":false,"template":"","format":"standard","meta":{"footnotes":""},"categories":[4],"tags":[11,47802,75,1073,1011,27,22276,1324,25783,12,25],"class_list":{"0":"post-341764","1":"post","2":"type-post","3":"status-publish","4":"format-standard","5":"has-post-thumbnail","7":"category-france","8":"tag-actualites","9":"tag-charles-kushner","10":"tag-donald-trump","11":"tag-emmanuel-macron","12":"tag-fr","13":"tag-france","14":"tag-jared-kushner","15":"tag-la-maison-blanche","16":"tag-ministere-francais-des-affaires-etrangeres","17":"tag-news","18":"tag-republique-francaise"},"share_on_mastodon":{"url":"https:\/\/pubeurope.com\/@fr\/115086761920011785","error":""},"_links":{"self":[{"href":"https:\/\/www.europesays.com\/fr\/wp-json\/wp\/v2\/posts\/341764","targetHints":{"allow":["GET"]}}],"collection":[{"href":"https:\/\/www.europesays.com\/fr\/wp-json\/wp\/v2\/posts"}],"about":[{"href":"https:\/\/www.europesays.com\/fr\/wp-json\/wp\/v2\/types\/post"}],"author":[{"embeddable":true,"href":"https:\/\/www.europesays.com\/fr\/wp-json\/wp\/v2\/users\/2"}],"replies":[{"embeddable":true,"href":"https:\/\/www.europesays.com\/fr\/wp-json\/wp\/v2\/comments?post=341764"}],"version-history":[{"count":0,"href":"https:\/\/www.europesays.com\/fr\/wp-json\/wp\/v2\/posts\/341764\/revisions"}],"wp:featuredmedia":[{"embeddable":true,"href":"https:\/\/www.europesays.com\/fr\/wp-json\/wp\/v2\/media\/341765"}],"wp:attachment":[{"href":"https:\/\/www.europesays.com\/fr\/wp-json\/wp\/v2\/media?parent=341764"}],"wp:term":[{"taxonomy":"category","embeddable":true,"href":"https:\/\/www.europesays.com\/fr\/wp-json\/wp\/v2\/categories?post=341764"},{"taxonomy":"post_tag","embeddable":true,"href":"https:\/\/www.europesays.com\/fr\/wp-json\/wp\/v2\/tags?post=341764"}],"curies":[{"name":"wp","href":"https:\/\/api.w.org\/{rel}","templated":true}]}}