{"id":341768,"date":"2025-08-25T01:18:13","date_gmt":"2025-08-25T01:18:13","guid":{"rendered":"https:\/\/www.europesays.com\/fr\/341768\/"},"modified":"2025-08-25T01:18:13","modified_gmt":"2025-08-25T01:18:13","slug":"antoine-dupont-ubb-cest-confirme","status":"publish","type":"post","link":"https:\/\/www.europesays.com\/fr\/341768\/","title":{"rendered":"Antoine Dupont &#8211; UBB : C&rsquo;est confirm\u00e9 !"},"content":{"rendered":"<p class=\"heading\">Pour la troisi\u00e8me fois cons\u00e9cutive, le Stade Toulousain d\u2019Antoine Dupont a soulev\u00e9 le Bouclier de Brennus, ajoutant donc un 24e titre de Champion de France \u00e0 son palmar\u00e8s. Mais le gap avec les autres \u00e9quipes semble se r\u00e9duire toujours plus, notamment avec un UBB qui se positionne plus que jamais comme le grand rival des Toulousains.  <\/p>\n<p>La saison derni\u00e8re, on a tous cru que c\u2019\u00e9tait possible. Priv\u00e9 d\u2019<strong>Antoine Dupont<\/strong> ou encore de <strong>Peato Mauvaka <\/strong>et avec un <strong>Romain Ntamack <\/strong>sur une jambe, le <strong>Stade Toulousain <\/strong>semblait grandement affaibli. Et en face, l\u2019<strong>UBB<\/strong> avait montr\u00e9 en <strong>Champions Cup<\/strong> que les Rouge et noir n\u2019\u00e9taient pas invincibles ! Mais finalement, ce sont bien eux qui ont remport\u00e9 le <strong>Top 14<\/strong>, une fois encore. <\/p>\n<p>                                            \u00ab Sur l&rsquo;ann\u00e9e qui vient, on voudra \u00eatre un vrai candidat cr\u00e9dible \u00e0 la victoire, tout le temps \u00bb <\/p>\n<p>Tout va changer cette ann\u00e9e ! A Bordeaux, on semble vouloir faire tomber le g\u00e9ant toulousain, pour enfin aller chercher le premier <strong>Bouclier de Brennus<\/strong> de l\u2019histoire de l\u2019<strong>UBB<\/strong>. Et <a href=\"https:\/\/le10sport.com\/rugby\/grande-premiere-lubb-annonce-du-lourd-755170\" rel=\"nofollow noopener\" target=\"_blank\">Yannick Bru<\/a> semble vouloir s\u2019appuyer sur la jeunesse. \u00ab On a une tr\u00e8s belle g\u00e9n\u00e9ration, beaucoup de jeunesse. Cette \u00e9quipe prend de l&rsquo;exp\u00e9rience. Sur l&rsquo;ann\u00e9e qui vient, on voudra \u00eatre un vrai candidat cr\u00e9dible \u00e0 la victoire, tout le temps. On a envie d&rsquo;\u00eatre un acteur majeur \u00bb a expliqu\u00e9 le coach bordelo-b\u00e8glais, en conf\u00e9rence de presse. <\/p>\n<p>                                            \u00ab \u00c7a pousse fort derri\u00e8re, \u00e7a nous oblige \u00e0 augmenter le niveau pour l&rsquo;avenir \u00bb <\/p>\n<p>Il n\u2019est pas le seul \u00e0 penser que l\u2019<strong>UBB<\/strong> peut compter sur des jeunes talents tr\u00e8s int\u00e9ressants, puisque <strong>Nicolas Depoortere<\/strong> semble \u00e9galement impressionn\u00e9. \u00ab Franchement les jeunes ont r\u00e9pondu pr\u00e9sent \u00bb avait confi\u00e9 le trois-quart centre international, apr\u00e8s le premier match amical de l\u2019\u00e9t\u00e9. \u00ab \u00c7a pousse fort derri\u00e8re, \u00e7a nous oblige \u00e0 augmenter le niveau pour l&rsquo;avenir \u00bb. Parmi les jeunes \u00e0 suivre, on peut notamment citer le jeune crack de 18 ans <strong>Naylan Albertus<\/strong>, que tout le monde annonce comme le nouveau <strong>Cheslin Kolbe<\/strong>. <\/p>\n","protected":false},"excerpt":{"rendered":"Pour la troisi\u00e8me fois cons\u00e9cutive, le Stade Toulousain d\u2019Antoine Dupont a soulev\u00e9 le Bouclier de Brennus, ajoutant donc&hellip;\n","protected":false},"author":2,"featured_media":341769,"comment_status":"","ping_status":"","sticky":false,"template":"","format":"standard","meta":{"footnotes":""},"categories":[1416],"tags":[1011,27,479,1468,60],"class_list":{"0":"post-341768","1":"post","2":"type-post","3":"status-publish","4":"format-standard","5":"has-post-thumbnail","7":"category-rugby","8":"tag-fr","9":"tag-france","10":"tag-rugby","11":"tag-rugby-football","12":"tag-sports"},"share_on_mastodon":{"url":"https:\/\/pubeurope.com\/@fr\/115086773697354421","error":""},"_links":{"self":[{"href":"https:\/\/www.europesays.com\/fr\/wp-json\/wp\/v2\/posts\/341768","targetHints":{"allow":["GET"]}}],"collection":[{"href":"https:\/\/www.europesays.com\/fr\/wp-json\/wp\/v2\/posts"}],"about":[{"href":"https:\/\/www.europesays.com\/fr\/wp-json\/wp\/v2\/types\/post"}],"author":[{"embeddable":true,"href":"https:\/\/www.europesays.com\/fr\/wp-json\/wp\/v2\/users\/2"}],"replies":[{"embeddable":true,"href":"https:\/\/www.europesays.com\/fr\/wp-json\/wp\/v2\/comments?post=341768"}],"version-history":[{"count":0,"href":"https:\/\/www.europesays.com\/fr\/wp-json\/wp\/v2\/posts\/341768\/revisions"}],"wp:featuredmedia":[{"embeddable":true,"href":"https:\/\/www.europesays.com\/fr\/wp-json\/wp\/v2\/media\/341769"}],"wp:attachment":[{"href":"https:\/\/www.europesays.com\/fr\/wp-json\/wp\/v2\/media?parent=341768"}],"wp:term":[{"taxonomy":"category","embeddable":true,"href":"https:\/\/www.europesays.com\/fr\/wp-json\/wp\/v2\/categories?post=341768"},{"taxonomy":"post_tag","embeddable":true,"href":"https:\/\/www.europesays.com\/fr\/wp-json\/wp\/v2\/tags?post=341768"}],"curies":[{"name":"wp","href":"https:\/\/api.w.org\/{rel}","templated":true}]}}