{"id":34177,"date":"2025-04-18T13:39:17","date_gmt":"2025-04-18T13:39:17","guid":{"rendered":"https:\/\/www.europesays.com\/fr\/34177\/"},"modified":"2025-04-18T13:39:17","modified_gmt":"2025-04-18T13:39:17","slug":"lultime-trailer-mise-sur-labsence-des-avengers","status":"publish","type":"post","link":"https:\/\/www.europesays.com\/fr\/34177\/","title":{"rendered":"l&rsquo;ultime trailer mise sur l&rsquo;absence des Avengers"},"content":{"rendered":"<p>Avec Thunderbolts*, Marvel semble bien parti pour instrumentaliser la chute de ses h\u00e9ros juste comme il faut. Plus qu\u2019un simple ressort narratif permettant de nourrir le d\u00e9sespoir de la soci\u00e9t\u00e9 au sein du MCU et d\u2019alimenter les motivations de la nouvelle bande d\u2019antih\u00e9ros, <strong>l\u2019absence des Avengers se fait \u00e9galement ressentir hors du film, directement chez les spectateurs.<\/strong> Depuis l\u2019\u00e8re de gloire d\u2019Infinity War et Endgame, les productions Marvel n\u2019ont plus jamais su faire l\u2019unanimit\u00e9. Au lieu d\u2019ignorer compl\u00e8tement ces \u00e9checs, le studio s\u2019est d\u00e9cid\u00e9 \u00e0 en faire une force, une dynamique d\u00e9j\u00e0 constat\u00e9e de fa\u00e7on plut\u00f4t comique dans Deadpool &amp; Wolverine.<\/p>\n<p>Mais cette fois-ci, la Maison des Id\u00e9es compte aborder la d\u00e9ch\u00e9ance de ses h\u00e9ros sous un angle plus sombre et s\u00e9rieux. Les pr\u00e9c\u00e9dentes bandes-annonces nous avaient d\u00e9j\u00e0 donn\u00e9 le ton de cette nouvelle aventure, mais l\u2019ultime trailer joue cartes sur table en appuyant l\u00e0 o\u00f9 \u00e7a fait mal\u00a0:<strong> plus rien n\u2019est pareil maintenant que les Avengers ne sont plus l\u00e0 pour sauver le monde\u2026 et le Marvel Cinematic Universe au sens large.<\/strong> Mais qu\u2019\u00e0 cela ne tienne. M\u00eame si l\u2019ast\u00e9risque qui accompagne le titre Thunderbolts* sert \u00e9galement \u00e0 rappeler que les fameux superh\u00e9ros ne sont pas disponibles, les antih\u00e9ros d\u00e9barquent pour nous prot\u00e9ger.<\/p>\n<\/p>\n<p>    <a href=\"https:\/\/www.youtube.com\/user\/JournalduGeek?sub_confirmation=1\" target=\"_blank\" rel=\"nofollow noopener\"><br \/>\n        S&rsquo;abonner \u00e0 Journal du Geek<br \/>\n    <\/a> Pas besoin de supers <\/p>\n<p>Tandis que Yelena est encore endeuill\u00e9e par la disparition de sa s\u0153ur Natasha alias Black Widow, l\u2019ancien alli\u00e9 de Captain America, Bucky, d\u00e9barque pour tenter d\u2019assembler une \u00e9quipe hors du commun (dans tous les sens du terme). Et si les erreurs pass\u00e9es et les \u00e9motions n\u00e9gatives des antih\u00e9ros abandonn\u00e9s pouvaient servir de moteur pour un nouveau groupe de d\u00e9fenseurs\u00a0? Apr\u00e8s quelques sc\u00e8nes de Black Widow et Steve Rogers cens\u00e9es nous rappeler que ces Avengers ne reviendront pas et que personne ne pourra les remplacer, les protagonistes de Thunderbolts* se raccrochent \u00e0 leur derniers espoirs et comptent bien se racheter.<\/p>\n<p>La (pas si) joyeuse bande d\u2019antih\u00e9ros \u00e0 bon fond, et n\u2019h\u00e9site finalement pas \u00e0 se mettre en danger pour tenter d\u2019arr\u00eater The Void, un superm\u00e9chant capable de faire dispara\u00eetre n\u2019importe qui en une forme d\u2019ombre. <strong>Pour la premi\u00e8re fois depuis bien longtemps, voil\u00e0 qu\u2019une production Marvel nous vend du r\u00eave digne des grandes heures du studio, mais il faudra attendre la sortie du film pr\u00e9vue pour le 30 avril prochain avant d\u2019en avoir le c\u0153ur net.<\/strong> Pour rappel, Les 4 Fantastiques\u00a0: Premier pas suivra Thunderbolts* de tr\u00e8s pr\u00e8s, avec une diffusion en salle \u00e0 compter du 23 juillet prochain. Faut-il encore croire au renouveau de Marvel\u00a0? L\u2019espoir fait vivre.<\/p>\n<blockquote>\n<p class=\"text-base text-neutral-700 dark:text-neutral-300\">\ud83d\udfe3 Pour ne manquer aucune news sur le Journal du Geek, abonnez-vous sur <a href=\"https:\/\/news.google.com\/publications\/CAAqBwgKMNr_hAswwYyCAw?hl=fr&amp;gl=FR&amp;ceid=FR%3Afr\" target=\"_blank\" rel=\"noopener\">Google Actualit\u00e9s<\/a> et sur <a href=\"https:\/\/whatsapp.com\/channel\/0029VaClM5y4tRry12tb7D2h\" target=\"_blank\" rel=\"noopener\">notre WhatsApp<\/a>. Et si vous nous adorez, on a <a href=\"https:\/\/www.journaldugeek.com\/newsletter\/\" target=\"_blank\" rel=\"noopener\">une newsletter tous les matins<\/a>.<\/p>\n<\/blockquote>\n","protected":false},"excerpt":{"rendered":"Avec Thunderbolts*, Marvel semble bien parti pour instrumentaliser la chute de ses h\u00e9ros juste comme il faut. Plus&hellip;\n","protected":false},"author":2,"featured_media":34178,"comment_status":"","ping_status":"","sticky":false,"template":"","format":"standard","meta":{"footnotes":""},"categories":[1354],"tags":[650,58,59,1346,1011,27,2135,11224,1360,11225],"class_list":{"0":"post-34177","1":"post","2":"type-post","3":"status-publish","4":"format-standard","5":"has-post-thumbnail","7":"category-films","8":"tag-cinema","9":"tag-divertissement","10":"tag-entertainment","11":"tag-films","12":"tag-fr","13":"tag-france","14":"tag-marvel","15":"tag-mcu","16":"tag-movies","17":"tag-thunderbolts"},"share_on_mastodon":{"url":"https:\/\/pubeurope.com\/@fr\/114359249617207155","error":""},"_links":{"self":[{"href":"https:\/\/www.europesays.com\/fr\/wp-json\/wp\/v2\/posts\/34177","targetHints":{"allow":["GET"]}}],"collection":[{"href":"https:\/\/www.europesays.com\/fr\/wp-json\/wp\/v2\/posts"}],"about":[{"href":"https:\/\/www.europesays.com\/fr\/wp-json\/wp\/v2\/types\/post"}],"author":[{"embeddable":true,"href":"https:\/\/www.europesays.com\/fr\/wp-json\/wp\/v2\/users\/2"}],"replies":[{"embeddable":true,"href":"https:\/\/www.europesays.com\/fr\/wp-json\/wp\/v2\/comments?post=34177"}],"version-history":[{"count":0,"href":"https:\/\/www.europesays.com\/fr\/wp-json\/wp\/v2\/posts\/34177\/revisions"}],"wp:featuredmedia":[{"embeddable":true,"href":"https:\/\/www.europesays.com\/fr\/wp-json\/wp\/v2\/media\/34178"}],"wp:attachment":[{"href":"https:\/\/www.europesays.com\/fr\/wp-json\/wp\/v2\/media?parent=34177"}],"wp:term":[{"taxonomy":"category","embeddable":true,"href":"https:\/\/www.europesays.com\/fr\/wp-json\/wp\/v2\/categories?post=34177"},{"taxonomy":"post_tag","embeddable":true,"href":"https:\/\/www.europesays.com\/fr\/wp-json\/wp\/v2\/tags?post=34177"}],"curies":[{"name":"wp","href":"https:\/\/api.w.org\/{rel}","templated":true}]}}