{"id":341772,"date":"2025-08-25T01:21:16","date_gmt":"2025-08-25T01:21:16","guid":{"rendered":"https:\/\/www.europesays.com\/fr\/341772\/"},"modified":"2025-08-25T01:21:16","modified_gmt":"2025-08-25T01:21:16","slug":"il-restera-chez-pramac-en-2026","status":"publish","type":"post","link":"https:\/\/www.europesays.com\/fr\/341772\/","title":{"rendered":"il restera chez Pramac en 2026"},"content":{"rendered":"<p>L&rsquo;officialisation devrait intervenir dans les prochains jours\u00a0: Yamaha et <a href=\"https:\/\/fr.motorsport.com\/driver\/jack-miller\/96423\/\" target=\"_blank\" rel=\"noopener\">Jack Miller<\/a>, dont le contrat arrivait \u00e0 \u00e9ch\u00e9ance en fin de saison, ont conclu jeudi un accord dans le paddock du Balaton Park. D&rsquo;apr\u00e8s les informations de\u00a0<strong>Motorsport.com<\/strong>, leur collaboration sera prolong\u00e9e jusqu&rsquo;\u00e0 fin 2026.\u00a0C&rsquo;est donc le pilote australien qui \u00e9voluera aux c\u00f4t\u00e9s du rookie\u00a0<a href=\"https:\/\/fr.motorsport.com\/driver\/toprak-razgatlioglu\/178502\/\" target=\"_blank\" rel=\"noopener\">Toprak Razgatlioglu<\/a> au sein de l&rsquo;\u00e9quipe italienne la saison prochaine.<\/p>\n<p>Le constructeur d&rsquo;Iwata fait ainsi le choix de miser sur l&rsquo;exp\u00e9rience de Jack Miller, qui a couru ces derni\u00e8res ann\u00e9es pour Ducati (2018-2022) puis KTM (2023-2024), \u00e0 chaque fois avec un moteur V4. Un choix coh\u00e9rent avec le nouveau projet de Yamaha, seule marque du plateau \u00e0 utiliser encore aujourd&rsquo;hui un quatre cylindres en ligne, mais qui pr\u00e9pare pour l&rsquo;an prochain une machine enti\u00e8rement nouvelle et \u00e9quip\u00e9e d&rsquo;un V4.<\/p>\n<p>Entre Yamaha et Jack Miller, tout s&rsquo;est acc\u00e9l\u00e9r\u00e9 jeudi en Hongrie, notamment \u00e0 la suite de <a href=\"https:\/\/fr.motorsport.com\/motogp\/news\/miller-pret-quitter-yamaha-plus-suffisamment-patiente\/10752249\/\" target=\"_self\" rel=\"noopener\">l&rsquo;ultimatum lanc\u00e9 par le pilote devant la presse<\/a>. Il avait clairement indiqu\u00e9 que, sans r\u00e9ponse rapide quant \u00e0 son avenir, il accepterait une offre dans un autre championnat. Il faisait alors r\u00e9f\u00e9rence \u00e0 l&rsquo;int\u00e9r\u00eat de BMW, qui l&rsquo;envisageait pour succ\u00e9der \u00e0\u00a0Toprak Razgatlioglu dans son \u00e9quipe officielle en WorldSBK.\u00a0<\/p>\n<p>Ces d\u00e9clarations ont pouss\u00e9 les dirigeants de Yamaha \u00e0 r\u00e9agir. Jeudi apr\u00e8s-midi, ils ont rencontr\u00e9 le pilote et son manager, Aki Ajo, dans leur motorhome. Toujours selon nos informations, Paolo Pavesio, dirigeant de Yamaha, et Gino Borsoi, team manager de Pramac, ont propos\u00e9 \u00e0 Jack Miller une prolongation de contrat. L&rsquo;Australien l&rsquo;a accept\u00e9e, en attendant la signature d\u00e9finitive.<\/p>\n<p>Aper\u00e7u souriant apr\u00e8s cette r\u00e9union, Jack Miller avait simplement assur\u00e9 avoir pr\u00e9sent\u00e9 ses excuses pour ses propos de jeudi.\u00a0\u00ab\u00a0J&rsquo;ai eu une r\u00e9union pour pr\u00e9senter mes excuses au sujet de mes commentaires\u00a0\u00bb, indiquait-il vendredi. \u00ab\u00a0\u00c9videmment, vous [les journalistes] les d\u00e9formez tout le temps. Mais vous savez, je n&rsquo;ai peut-\u00eatre pas exprim\u00e9 ma frustration de la meilleure des fa\u00e7ons.\u00a0\u00bb<\/p>\n<p>Miguel Oliveira sacrifi\u00e9<br \/>\n   <img decoding=\"async\" draggable=\"false\" src=\"https:\/\/www.europesays.com\/fr\/wp-content\/uploads\/2025\/08\/jack-miller-pramac-racing-migu.jpg\" alt=\"Jack Miller sauve sa place au d\u00e9triment de Miguel Oliveira.\" width=\"1200\" height=\"800\" loading=\"lazy\"\/> <\/p>\n<p class=\"title\">Jack Miller sauve sa place au d\u00e9triment de Miguel Oliveira.<\/p>\n<p class=\"photographer\">Photo de: Gold and Goose Photography \/ LAT Images \/ via Getty Images<\/p>\n<p>Ce choix va obliger Yamaha \u00e0 activer la clause de performance figurant dans le contrat 1+1 de <a href=\"https:\/\/fr.motorsport.com\/driver\/miguel-oliveira\/109382\/\" target=\"_blank\" rel=\"noopener\">Miguel Oliveira<\/a>, qui peut \u00eatre cass\u00e9 au bout d&rsquo;un an en cas de r\u00e9sultats insuffisants. Le Portugais se retrouve dans cette situation car il n&rsquo;a pas atteint les objectifs fix\u00e9s, en partie \u00e0 cause de blessures \u00e0 r\u00e9p\u00e9tition.\u00a0<\/p>\n<p>Jack Miller, qui f\u00eatera ses 31 ans en janvier prochain, occupe actuellement <a href=\"https:\/\/fr.motorsport.com\/motogp\/standings\/2025\/\" target=\"_self\" rel=\"noopener\">la 17e place du championnat avec 52 points<\/a>. Son meilleur r\u00e9sultat cette saison est une cinqui\u00e8me place d\u00e9croch\u00e9e au Grand Prix des Am\u00e9riques, \u00e0 Austin.\u00a0<\/p>\n<p>Avant que Yamaha ne choisisse de prolonger Jack Miller, un autre nom avait circul\u00e9, celui du champion du monde Moto2, l&rsquo;Epsagnol\u00a0Manuel Gonz\u00e1lez. Cependant, l&rsquo;entourage de celui-ci a indiqu\u00e9 vendredi \u00e0\u00a0<strong>Motorsport.com\u00a0<\/strong>que\u00a0\u00ab\u00a0des discussions ont eu lieu avec Yamaha\u00a0\u00bb mais qu&rsquo;elles n&rsquo;avaient pas abouti. Gonz\u00e1lez restera chez Dynavolt Intact GP en Moto2 pour 2026.\u00a0<\/p>\n<p>Lire aussi :<\/p>\n<p>Dans cet article<\/p>\n<p>Soyez le premier inform\u00e9 et souscrivez aux alertes mails pour recevoir les infos en temps r\u00e9el<\/p>\n<p>    S&rsquo;abonner aux alertes de news<\/p>\n","protected":false},"excerpt":{"rendered":"L&rsquo;officialisation devrait intervenir dans les prochains jours\u00a0: Yamaha et Jack Miller, dont le contrat arrivait \u00e0 \u00e9ch\u00e9ance en&hellip;\n","protected":false},"author":2,"featured_media":341773,"comment_status":"","ping_status":"","sticky":false,"template":"","format":"standard","meta":{"footnotes":""},"categories":[1413],"tags":[21747,1011,27,21746,12836,3594,1457,1456,1458,3593,60,47828,3796],"class_list":{"0":"post-341772","1":"post","2":"type-post","3":"status-publish","4":"format-standard","5":"has-post-thumbnail","7":"category-moto","8":"tag-balaton-park","9":"tag-fr","10":"tag-france","11":"tag-gp-de-hongrie","12":"tag-jack-miller","13":"tag-miguel-oliveira","14":"tag-moto","15":"tag-motocycle","16":"tag-motogp","17":"tag-pramac-racing","18":"tag-sports","19":"tag-yamaha-cu00e8de-u00e0-la-pression-de-miller-il-restera-chez-pramac-en-2026","20":"tag-yamaha-factory-racing"},"share_on_mastodon":{"url":"https:\/\/pubeurope.com\/@fr\/115086785778778074","error":""},"_links":{"self":[{"href":"https:\/\/www.europesays.com\/fr\/wp-json\/wp\/v2\/posts\/341772","targetHints":{"allow":["GET"]}}],"collection":[{"href":"https:\/\/www.europesays.com\/fr\/wp-json\/wp\/v2\/posts"}],"about":[{"href":"https:\/\/www.europesays.com\/fr\/wp-json\/wp\/v2\/types\/post"}],"author":[{"embeddable":true,"href":"https:\/\/www.europesays.com\/fr\/wp-json\/wp\/v2\/users\/2"}],"replies":[{"embeddable":true,"href":"https:\/\/www.europesays.com\/fr\/wp-json\/wp\/v2\/comments?post=341772"}],"version-history":[{"count":0,"href":"https:\/\/www.europesays.com\/fr\/wp-json\/wp\/v2\/posts\/341772\/revisions"}],"wp:featuredmedia":[{"embeddable":true,"href":"https:\/\/www.europesays.com\/fr\/wp-json\/wp\/v2\/media\/341773"}],"wp:attachment":[{"href":"https:\/\/www.europesays.com\/fr\/wp-json\/wp\/v2\/media?parent=341772"}],"wp:term":[{"taxonomy":"category","embeddable":true,"href":"https:\/\/www.europesays.com\/fr\/wp-json\/wp\/v2\/categories?post=341772"},{"taxonomy":"post_tag","embeddable":true,"href":"https:\/\/www.europesays.com\/fr\/wp-json\/wp\/v2\/tags?post=341772"}],"curies":[{"name":"wp","href":"https:\/\/api.w.org\/{rel}","templated":true}]}}