{"id":341774,"date":"2025-08-25T01:22:10","date_gmt":"2025-08-25T01:22:10","guid":{"rendered":"https:\/\/www.europesays.com\/fr\/341774\/"},"modified":"2025-08-25T01:22:10","modified_gmt":"2025-08-25T01:22:10","slug":"le-rookie-star-gabriel-bortoleto-choque-la-f1-avec-sa-montee-rapide-au-milieu-de-la-transformation-passionnante-de-sauber","status":"publish","type":"post","link":"https:\/\/www.europesays.com\/fr\/341774\/","title":{"rendered":"Le rookie star Gabriel Bortoleto choque la F1 avec sa mont\u00e9e rapide au milieu de la transformation passionnante de Sauber !"},"content":{"rendered":"<p>R\u00e9volutionner la course : Gabriel Bortoleto \u00e9merge comme la star recrue de la F1<\/p>\n<p>Dans une d\u00e9monstration \u00e9blouissante de talent et de t\u00e9nacit\u00e9, Gabriel Bortoleto a fait irruption sur la sc\u00e8ne de la Formule 1, captivant fans et critiques avec son ascension remarquable. Le directeur de l\u2019\u00e9quipe Sauber, Jonathan Wheatley, a audacieusement pr\u00e9dit que le prodige br\u00e9silien est pr\u00eat \u00e0 atteindre de nouveaux sommets apr\u00e8s la pause estivale, et il est difficile de contester cette affirmation.<\/p>\n<p>Bortoleto, qui a pr\u00e9c\u00e9demment remport\u00e9 le championnat de Formule 2, a d\u00fb faire face \u00e0 un d\u00e9fi de taille en passant \u00e0 la F1 avec Sauber. Son parcours a commenc\u00e9 apr\u00e8s une sortie surprenante du programme junior de McLaren, ne lui laissant que peu d\u2019exp\u00e9rience au volant d\u2019une voiture de F1. N\u2019ayant pas particip\u00e9 aux s\u00e9ances d\u2019essai du vendredi et avec une connaissance limit\u00e9e des circuits, le d\u00e9but de saison de Bortoleto a \u00e9t\u00e9 sem\u00e9 d\u2019emb\u00fbches. La r\u00e9alit\u00e9 d\u00e9courageante \u00e9tait qu\u2019il n\u2019avait couru que sur un circuit familier lors du Grand Prix de Bahre\u00efn, un obstacle significatif pour tout rookie.<\/p>\n<p>Cependant, contre toute attente, Bortoleto s\u2019est r\u00e9v\u00e9l\u00e9 \u00eatre une r\u00e9v\u00e9lation. Apr\u00e8s un d\u00e9part difficile, il a obtenu ses premiers points en F1 lors du Grand Prix d\u2019Autriche, et son \u00e9lan n\u2019a fait qu\u2019acc\u00e9l\u00e9rer depuis, avec deux autres top-10 lors des courses suivantes. Wheatley a soulign\u00e9 la nature impressionnante de cet accomplissement, d\u00e9clarant : \u00ab\u00a0Il convient de rappeler qu\u2019il n\u2019a pas effectu\u00e9 10 000 km d\u2019essais avec des voitures pr\u00e9c\u00e9dentes. Il a parcouru 10 000 kilom\u00e8tres dans une voiture de Formule 1. C\u2019est sa premi\u00e8re saison en Formule 1. Il y a de nombreux circuits qu\u2019il n\u2019a pas visit\u00e9s, et certains \u00e0 venir o\u00f9 il ne sera pas all\u00e9.\u00a0\u00bb<\/p>\n<p>Alors que les performances de la voiture se sont am\u00e9lior\u00e9es, notamment apr\u00e8s des mises \u00e0 niveau cruciales introduites lors du Grand Prix d\u2019Espagne, la confiance de Bortoleto a grimp\u00e9 en fl\u00e8che. Son co\u00e9quipier v\u00e9t\u00e9ran, Nico Hulkenberg, a \u00e9galement \u00e9t\u00e9 impressionn\u00e9, louant le d\u00e9vouement et la rapidit\u00e9 de Bortoleto. \u00ab\u00a0Je pense que c\u2019est un gars tr\u00e8s brillant, tr\u00e8s rapide, qui est tr\u00e8s d\u00e9vou\u00e9, tr\u00e8s concentr\u00e9, qui travaille vraiment dur,\u00a0\u00bb a d\u00e9clar\u00e9 Hulkenberg. \u00ab\u00a0Il a tout ce qu\u2019il faut pour devenir un grand pilote et avoir une carri\u00e8re longue et r\u00e9ussie.\u00a0\u00bb<\/p>\n<p>La synergie entre Bortoleto et Hulkenberg est palpable, les deux pilotes cultivant une relation collaborative que Wheatley d\u00e9crit comme \u00ab\u00a0le duo de pilotes le plus proche et le plus collaboratif\u00a0\u00bb qu\u2019il ait jamais vu au cours de sa longue carri\u00e8re en F1. Ce partenariat est crucial alors que Sauber se pr\u00e9pare \u00e0 sa transformation en Audi pour la saison 2026.<\/p>\n<p>Avec Sauber actuellement positionn\u00e9 septi\u00e8me dans le Championnat des Constructeurs, avec 51 points \u2013 un contraste frappant par rapport aux quatre points qu\u2019ils ont r\u00e9ussi \u00e0 obtenir lors de la saison pr\u00e9c\u00e9dente \u2013 les contributions de Bortoleto sont ind\u00e9niablement essentielles. Son \u00e9volution en tant que pilote n\u2019est pas seulement une victoire personnelle ; c\u2019est un t\u00e9moignage du potentiel de r\u00e9surgence de Sauber dans le domaine comp\u00e9titif de la F1.<\/p>\n<p>Alors que la pause estivale approche, tous les regards seront tourn\u00e9s vers Gabriel Bortoleto. Avec sa trajectoire \u00e0 la hausse et le soutien d\u2019un co\u00e9quipier exp\u00e9riment\u00e9, le jeune br\u00e9silien est pr\u00eat \u00e0 red\u00e9finir ce que signifie \u00eatre un rookie en Formule 1. Le monde regarde, et la sc\u00e8ne est pr\u00eate pour que Bortoleto lib\u00e8re encore plus de son talent extraordinaire. Accrochez-vous, fans de F1 \u2013 ce n\u2019est que le d\u00e9but !<\/p>\n","protected":false},"excerpt":{"rendered":"R\u00e9volutionner la course : Gabriel Bortoleto \u00e9merge comme la star recrue de la F1 Dans une d\u00e9monstration \u00e9blouissante&hellip;\n","protected":false},"author":2,"featured_media":341775,"comment_status":"","ping_status":"","sticky":false,"template":"","format":"standard","meta":{"footnotes":""},"categories":[1412],"tags":[47015,47829,1451,1452,1453,1454,1455,1011,27,30735,28393,60],"class_list":{"0":"post-341774","1":"post","2":"type-post","3":"status-publish","4":"format-standard","5":"has-post-thumbnail","7":"category-f1","8":"tag-1958-formula-1-season","9":"tag-alfa-romeo-sauber","10":"tag-f1","11":"tag-formula-1","12":"tag-formula1","13":"tag-formule-1","14":"tag-formule1","15":"tag-fr","16":"tag-france","17":"tag-gabriel-bortoletos","18":"tag-nico-hulkenberg","19":"tag-sports"},"share_on_mastodon":{"url":"https:\/\/pubeurope.com\/@fr\/115086789434058088","error":""},"_links":{"self":[{"href":"https:\/\/www.europesays.com\/fr\/wp-json\/wp\/v2\/posts\/341774","targetHints":{"allow":["GET"]}}],"collection":[{"href":"https:\/\/www.europesays.com\/fr\/wp-json\/wp\/v2\/posts"}],"about":[{"href":"https:\/\/www.europesays.com\/fr\/wp-json\/wp\/v2\/types\/post"}],"author":[{"embeddable":true,"href":"https:\/\/www.europesays.com\/fr\/wp-json\/wp\/v2\/users\/2"}],"replies":[{"embeddable":true,"href":"https:\/\/www.europesays.com\/fr\/wp-json\/wp\/v2\/comments?post=341774"}],"version-history":[{"count":0,"href":"https:\/\/www.europesays.com\/fr\/wp-json\/wp\/v2\/posts\/341774\/revisions"}],"wp:featuredmedia":[{"embeddable":true,"href":"https:\/\/www.europesays.com\/fr\/wp-json\/wp\/v2\/media\/341775"}],"wp:attachment":[{"href":"https:\/\/www.europesays.com\/fr\/wp-json\/wp\/v2\/media?parent=341774"}],"wp:term":[{"taxonomy":"category","embeddable":true,"href":"https:\/\/www.europesays.com\/fr\/wp-json\/wp\/v2\/categories?post=341774"},{"taxonomy":"post_tag","embeddable":true,"href":"https:\/\/www.europesays.com\/fr\/wp-json\/wp\/v2\/tags?post=341774"}],"curies":[{"name":"wp","href":"https:\/\/api.w.org\/{rel}","templated":true}]}}