{"id":341778,"date":"2025-08-25T01:24:28","date_gmt":"2025-08-25T01:24:28","guid":{"rendered":"https:\/\/www.europesays.com\/fr\/341778\/"},"modified":"2025-08-25T01:24:28","modified_gmt":"2025-08-25T01:24:28","slug":"rumeur-mercato-habib-diallo-et-le-fc-metz-sur-la-meme-longueur-donde","status":"publish","type":"post","link":"https:\/\/www.europesays.com\/fr\/341778\/","title":{"rendered":"Rumeur Mercato : Habib Diallo et le FC Metz sur la m\u00eame longueur d\u2019onde ?"},"content":{"rendered":"<p>Comme <a href=\"https:\/\/socios-fcmetz.com\/rumeur-mercato-habib-diallo-pas-ferme-a-un-retour-au-fc-metz\/\" rel=\"nofollow noopener\" target=\"_blank\">nous vous l\u2019avions annonc\u00e9<\/a>, Habib Diallo (30 ans) et sa famille \u00e9taient favorables \u00e0 un retour en Moselle.\u00a0<\/p>\n<p>Tout s\u2019est acc\u00e9l\u00e9r\u00e9 cette semaine, d\u2019apr\u00e8s les informations du journaliste S\u00e9bastien Denis, Fr\u00e9d\u00e9ric Arpinon et l\u2019ancien buteur de Strasbourg <a href=\"https:\/\/www.footmercato.net\/a7297326559746984026-habib-diallo-sest-mis-daccord-avec-metz\" rel=\"nofollow noopener\" target=\"_blank\">seraient enfin parvenus \u00e0 un accord.<\/a>\u00a0<\/p>\n<p>L\u2019ex-coqueluche de Saint-Symphorien n\u2019a plus qu\u2019\u00e0 finaliser sa rupture de contrat avec Al Shabab, et il pourra effectuer son retour dans le club qui lui a permis de lancer sa carri\u00e8re : le FC Metz.<\/p>\n","protected":false},"excerpt":{"rendered":"Comme nous vous l\u2019avions annonc\u00e9, Habib Diallo (30 ans) et sa famille \u00e9taient favorables \u00e0 un retour en&hellip;\n","protected":false},"author":2,"featured_media":341779,"comment_status":"","ping_status":"","sticky":false,"template":"","format":"standard","meta":{"footnotes":""},"categories":[1410],"tags":[63,1011,27,60],"class_list":{"0":"post-341778","1":"post","2":"type-post","3":"status-publish","4":"format-standard","5":"has-post-thumbnail","7":"category-football","8":"tag-football","9":"tag-fr","10":"tag-france","11":"tag-sports"},"share_on_mastodon":{"url":"https:\/\/pubeurope.com\/@fr\/115086797255388838","error":""},"_links":{"self":[{"href":"https:\/\/www.europesays.com\/fr\/wp-json\/wp\/v2\/posts\/341778","targetHints":{"allow":["GET"]}}],"collection":[{"href":"https:\/\/www.europesays.com\/fr\/wp-json\/wp\/v2\/posts"}],"about":[{"href":"https:\/\/www.europesays.com\/fr\/wp-json\/wp\/v2\/types\/post"}],"author":[{"embeddable":true,"href":"https:\/\/www.europesays.com\/fr\/wp-json\/wp\/v2\/users\/2"}],"replies":[{"embeddable":true,"href":"https:\/\/www.europesays.com\/fr\/wp-json\/wp\/v2\/comments?post=341778"}],"version-history":[{"count":0,"href":"https:\/\/www.europesays.com\/fr\/wp-json\/wp\/v2\/posts\/341778\/revisions"}],"wp:featuredmedia":[{"embeddable":true,"href":"https:\/\/www.europesays.com\/fr\/wp-json\/wp\/v2\/media\/341779"}],"wp:attachment":[{"href":"https:\/\/www.europesays.com\/fr\/wp-json\/wp\/v2\/media?parent=341778"}],"wp:term":[{"taxonomy":"category","embeddable":true,"href":"https:\/\/www.europesays.com\/fr\/wp-json\/wp\/v2\/categories?post=341778"},{"taxonomy":"post_tag","embeddable":true,"href":"https:\/\/www.europesays.com\/fr\/wp-json\/wp\/v2\/tags?post=341778"}],"curies":[{"name":"wp","href":"https:\/\/api.w.org\/{rel}","templated":true}]}}