{"id":341786,"date":"2025-08-25T01:28:14","date_gmt":"2025-08-25T01:28:14","guid":{"rendered":"https:\/\/www.europesays.com\/fr\/341786\/"},"modified":"2025-08-25T01:28:14","modified_gmt":"2025-08-25T01:28:14","slug":"la-bonne-recette-de-new-york-unite-speciale","status":"publish","type":"post","link":"https:\/\/www.europesays.com\/fr\/341786\/","title":{"rendered":"La bonne recette de \u00ab\u00a0New York Unit\u00e9 sp\u00e9ciale\u00a0\u00bb"},"content":{"rendered":"<p><a href=\"https:\/\/www.lalibre.be\/culture\/2025\/08\/21\/hostage-que-vaut-la-nouvelle-serie-despionnage-de-netflix-KIZ56OQIQFBH7A6E6WPSYQ26K4\/\" target=\"_blank\" rel=\"noopener noreferrer\" class=\"ap-StoryInterstitialLink ap-StoryElement ap-StoryElement--mb js-paywall-target\">\u00ab\u00a0Hostage\u00a0\u00bb : que vaut la nouvelle s\u00e9rie d&rsquo;espionnage de Netflix ?<\/a><\/p>\n<p class=\"ap-StoryElement ap-StoryElement--mb ap-StoryText\">Comment expliquer une telle long\u00e9vit\u00e9 alors que chaque semaine de nouvelles productions sont propos\u00e9es ? Tout tient en un seul mot : rassurer. \u00c0 l&rsquo;image d&rsquo;autres s\u00e9ries, toutes aussi longues (Grey&rsquo;s Anatomy entamera sa 22e salve d\u00e9but octobre), New York Unit\u00e9 Sp\u00e9ciale nous pr\u00e9sente les m\u00eames personnages depuis ses d\u00e9buts. Chez les flics de New York, Olivia Benson (interpr\u00e9t\u00e9e par Mariska Hargitay) incarne l&rsquo;Unit\u00e9 sp\u00e9ciale depuis toujours, tout comme Meredith Grey (Ellen Pompeo) porte Grey&rsquo;s Anatomy. \u00c0 travers celles qu&rsquo;elles incarnent, elles ont tiss\u00e9 des liens familiers avec les spectateurs, qui restent int\u00e9ress\u00e9s par leurs \u00e9volutions tout en assurant une continuit\u00e9 et flexibilit\u00e9 narrative.<\/p>\n<p class=\"ap-StoryElement ap-StoryElement--mb ap-StoryText\">L&rsquo;autre force de ces \u00ab\u00a0vieilles\u00a0\u00bb s\u00e9ries est leur capacit\u00e9 \u00e0 s&rsquo;ancrer dans la r\u00e9alit\u00e9 contemporaine. New York Unit\u00e9 Sp\u00e9ciale a ainsi accompagn\u00e9, voire anticip\u00e9, les mouvements sociaux, abordant par exemple le harc\u00e8lement sexuel bien avant #MeToo, traitant par la suite les grandes affaires, comme Harvey Weinstein ou DSK. Elle s&rsquo;est aussi adapt\u00e9e aux nouvelles r\u00e9alit\u00e9s criminelles : cyberharc\u00e8lement, revenge porn, pr\u00e9dateurs en ligne, deepfakes et crimes li\u00e9s aux r\u00e9seaux sociaux. Sans compter l&rsquo;\u00e9vocation de sujets parfois controvers\u00e9s, comme les discriminations raciales et de classe sociale dans le traitement des victimes, les droits LGBTQ+, les violences conjugales, la traite des \u00eatres humains, les crimes de haine, l&rsquo;immigration\u2026. Un miroir social.<\/p>\n<ul class=\"ap-StoryLinkElement list-disc ap-StoryElement ap-StoryElement--mb\">\n<li class=\"ap-StoryLinkElement-item\">New York Unit\u00e9 Sp\u00e9ciale Saison 26 In\u00e9dit, d\u00e8s ce lundi 25\u00a0ao\u00fbt, sur TF1, \u00e0 23h15.<\/li>\n<\/ul>\n<p><a href=\"https:\/\/www.lalibre.be\/culture\/cinema\/series\/2025\/08\/15\/night-always-comes-vanessa-kirby-a-12-heures-pour-trouver-25-000-dollars-KI3UI2THUJA6DDYPCMPMR3MILM\/\" target=\"_blank\" rel=\"noopener noreferrer\" class=\"ap-StoryInterstitialLink ap-StoryElement ap-StoryElement--mb\">\u00ab\u00a0Night Always Comes\u00a0\u00bb : Vanessa Kirby a 12 heures pour trouver 25 000 dollars<\/a><\/p>\n","protected":false},"excerpt":{"rendered":"\u00ab\u00a0Hostage\u00a0\u00bb : que vaut la nouvelle s\u00e9rie d&rsquo;espionnage de Netflix ? Comment expliquer une telle long\u00e9vit\u00e9 alors que&hellip;\n","protected":false},"author":2,"featured_media":341787,"comment_status":"","ping_status":"","sticky":false,"template":"","format":"standard","meta":{"footnotes":""},"categories":[1356],"tags":[58,59,1011,27,8923,252,1364],"class_list":{"0":"post-341786","1":"post","2":"type-post","3":"status-publish","4":"format-standard","5":"has-post-thumbnail","7":"category-television","8":"tag-divertissement","9":"tag-entertainment","10":"tag-fr","11":"tag-france","12":"tag-harvey-weinstein","13":"tag-television","14":"tag-tv"},"share_on_mastodon":{"url":"https:\/\/pubeurope.com\/@fr\/115086813349562783","error":""},"_links":{"self":[{"href":"https:\/\/www.europesays.com\/fr\/wp-json\/wp\/v2\/posts\/341786","targetHints":{"allow":["GET"]}}],"collection":[{"href":"https:\/\/www.europesays.com\/fr\/wp-json\/wp\/v2\/posts"}],"about":[{"href":"https:\/\/www.europesays.com\/fr\/wp-json\/wp\/v2\/types\/post"}],"author":[{"embeddable":true,"href":"https:\/\/www.europesays.com\/fr\/wp-json\/wp\/v2\/users\/2"}],"replies":[{"embeddable":true,"href":"https:\/\/www.europesays.com\/fr\/wp-json\/wp\/v2\/comments?post=341786"}],"version-history":[{"count":0,"href":"https:\/\/www.europesays.com\/fr\/wp-json\/wp\/v2\/posts\/341786\/revisions"}],"wp:featuredmedia":[{"embeddable":true,"href":"https:\/\/www.europesays.com\/fr\/wp-json\/wp\/v2\/media\/341787"}],"wp:attachment":[{"href":"https:\/\/www.europesays.com\/fr\/wp-json\/wp\/v2\/media?parent=341786"}],"wp:term":[{"taxonomy":"category","embeddable":true,"href":"https:\/\/www.europesays.com\/fr\/wp-json\/wp\/v2\/categories?post=341786"},{"taxonomy":"post_tag","embeddable":true,"href":"https:\/\/www.europesays.com\/fr\/wp-json\/wp\/v2\/tags?post=341786"}],"curies":[{"name":"wp","href":"https:\/\/api.w.org\/{rel}","templated":true}]}}