{"id":341788,"date":"2025-08-25T01:29:11","date_gmt":"2025-08-25T01:29:11","guid":{"rendered":"https:\/\/www.europesays.com\/fr\/341788\/"},"modified":"2025-08-25T01:29:11","modified_gmt":"2025-08-25T01:29:11","slug":"patrick-bruel-nuits-blanches-stress-son-nouveau-projet-lui-fait-beaucoup-de-soucis","status":"publish","type":"post","link":"https:\/\/www.europesays.com\/fr\/341788\/","title":{"rendered":"Patrick Bruel : \u00ab\u00a0nuits blanches\u00a0\u00bb, \u00ab\u00a0stress\u00a0\u00bb&#8230; Son nouveau projet lui fait beaucoup de soucis !"},"content":{"rendered":"<p>Personnage au multiple talent, <a href=\"https:\/\/www.closermag.fr\/people\/patrick-bruel-les-incendies-monstres-dans-laude-ravivent-un-traumatisme-encore-tres-present-3569812\" target=\"_blank\" rel=\"noopener\"><br \/>\nPatrick Bruel<\/a> n\u2019est pas seulement un chanteur l\u00e9gendaire. Il<br \/>\nest \u00e9galement un entrepreneur avec de nombreuses victoires \u00e0 son<br \/>\nactif. <strong>Restaurant music-hall \u00e0 Paris<\/strong>, production<br \/>\nd\u2019huile d\u2019olive, de vin, son dernier bijou est <a href=\"https:\/\/www.closermag.fr\/people\/patrick-bruel-combien-coute-une-nuit-de-la-suite-royale-de-son-hotel-de-luxe-3571559\" target=\"_blank\" rel=\"noopener\"><br \/>\nl\u2019h\u00f4tel 5 \u00e9toiles<\/a> qu\u2019il a ouvert \u00e0<br \/>\n<strong>L\u2019Isle-sur-la-Sorgue<\/strong>. Nomm\u00e9 <a href=\"https:\/\/www.closermag.fr\/people\/patrick-bruel-son-hotel-de-luxe-decoit-les-clients-des-scenes-folles-sy-deroulent-3572601\" target=\"_blank\" rel=\"noopener\"><br \/>\nL\u2019Isle de L\u00e9os<\/a>, l\u2019artiste y a consacr\u00e9 ces 7 derni\u00e8res<br \/>\nann\u00e9es.<\/p>\n<p>L\u2019h\u00f4tel de luxe a ouvert ses portes, le 10 juillet dernier, dans<br \/>\nle village o\u00f9 Patrick Bruel r\u00e9side. Un endroit qui a su le charmer<br \/>\npuisqu\u2019il y a trouv\u00e9 refuge durant deux d\u00e9cennies. Cet endroit<br \/>\nsomptueux dispose de <strong>49 chambres<\/strong> dont 11 suites.<br \/>\n<strong>Restaurant gastronomique<\/strong>, un grand bar, piscine<br \/>\next\u00e9rieur, <strong>espace d\u00e9tente<\/strong>\u2026 Tous les ingr\u00e9dients<br \/>\npour un s\u00e9jour inoubliable y sont r\u00e9unis.<\/p>\n<p>Patrick Bruel : plus de stress que pr\u00e9vu !<\/p>\n<p>Si l\u2019endroit est magnifique, le travail que <strong>Patrick<br \/>\nBruel<\/strong> a d\u00fb fournir derri\u00e8re est tout simplement<br \/>\ngigantesque. Dans l\u2019\u00e9mission <strong>50\u2019 Inside<\/strong>,<br \/>\nsur TF1, <a href=\"https:\/\/www.telestar.fr\/actu_tv\/cetait-vous-les-strings-de-patrick-bruel-derapage-incontrole-pour-nagui-une-candidate-ne-sattendait-pas-a-tant-1730267\" target=\"_blank\" rel=\"noopener\"><br \/>\nle chanteur<\/a> de Casser la voix a r\u00e9v\u00e9l\u00e9 <a href=\"https:\/\/www.closermag.fr\/people\/patrick-bruel-contrarie-par-les-clients-de-son-hotel-de-luxe-a-lisle-sur-la-sorgue-3571385\" target=\"_blank\" rel=\"noopener\"><br \/>\nles coulisses<\/a> de ce projet pharaonique, le samedi 23 ao\u00fbt<br \/>\ndernier. D\u2019embl\u00e9e, l\u2019artiste avoue qu\u2019il n\u2019avait pas m\u00e9nag\u00e9 ses<br \/>\nefforts pour transformer <strong>l\u2019usine du XIXe si\u00e8cle<\/strong> en<br \/>\nh\u00f4tel de luxe.<\/p>\n<blockquote class=\"instagram-media\" style=\"background: #ffffff;border: 0;margin: 1px;width: 100%;padding: 0;max-width: 500px;\" data-instgrm-permalink=\"https:\/\/www.instagram.com\/p\/DLajyKesEVn\/?utm_source=ig_web_copy_link&amp;igsh=MzRlODBiNWFlZA==\" data-instgrm-version=\"14\"\/>\n<p>Des efforts cons\u00e9quents qui viennent avec son lot de stress.<br \/>\n\u00ab\u00a0Je ne pensais pas que cela engendrerait<br \/>\n<strong>autant de nuits blanches<\/strong>, autant<br \/>\nd\u2019\u00e9nergie, autant de responsabilit\u00e9s, <a href=\"https:\/\/www.closermag.fr\/people\/patrick-bruel-son-hotel-de-luxe-a-ouvert-ses-portes-mais-le-revers-de-la-medaille-est-deja-la-3568315\" target=\"_blank\" rel=\"noopener\"><br \/>\nautant de stress<\/a>\u2026\u00a0\u00bb, a-t-il confi\u00e9 avec<br \/>\nfranchise. Compr\u00e9hensible quand on sait que l\u2019acteur et producteur<br \/>\nde 66 ans a supervis\u00e9 chaque d\u00e9tail pendant ces 7 ann\u00e9es.<\/p>\n<p>Patrick Bruel : \u00ab\u00a0\u2026un c\u0153ur \u00e0 bien faire<br \/>\nles choses\u00a0\u00bb<\/p>\n<p>Totalement investi dans son projet, <strong>Patrick<br \/>\nBruel<\/strong> s\u2019est m\u00eame transform\u00e9 en d\u00e9corateur. Apr\u00e8s tout, les<br \/>\nantiquit\u00e9s, les \u0153uvres d\u2019art, il les a d\u00e9got\u00e9s en faisant le tour<br \/>\ndes <strong>250 brocanteurs locaux<\/strong>. \u00ab\u00a0Je me suis pris<br \/>\nau jeu de la d\u00e9coration au fur et \u00e0 mesure du projet\u00a0\u00bb, a-t-il<br \/>\nconfi\u00e9 sur ce projet qui lui a, sans doute, demand\u00e9 des efforts<br \/>\ntitanesques.<\/p>\n<blockquote class=\"instagram-media\" style=\"background: #ffffff;border: 0;margin: 1px;width: 100%;padding: 0;max-width: 500px;\" data-instgrm-permalink=\"https:\/\/www.instagram.com\/reel\/DL-Ko1TMaLc\/?utm_source=ig_web_copy_link&amp;igsh=MzRlODBiNWFlZA==\" data-instgrm-version=\"14\"\/>\n<p>Malgr\u00e9 tout, \u00ab\u00a0\u00c7a me fait plaisir\u2026 et<br \/>\n<strong>j\u2019apprends<\/strong>\u00ab\u00a0, sourit-il. M\u00eame s\u2019il est<br \/>\nnouveau dans le domaine de l\u2019h\u00f4tellerie, il semblerait que cette<br \/>\naventure commence sur des notes positives pour le p\u00e8re de famille.<br \/>\n\u00ab\u00a0J\u2019ai \u00e0 c\u0153ur de <strong>bien faire les<br \/>\nchoses<\/strong>\u00ab\u00a0, avoue-t-il avec des yeux brillants de mille<br \/>\n\u00e9clats.<\/p>\n<p><script async src=\"\/\/www.instagram.com\/embed.js\"><\/script><\/p>\n","protected":false},"excerpt":{"rendered":"Personnage au multiple talent, Patrick Bruel n\u2019est pas seulement un chanteur l\u00e9gendaire. Il est \u00e9galement un entrepreneur avec&hellip;\n","protected":false},"author":2,"featured_media":193722,"comment_status":"","ping_status":"","sticky":false,"template":"","format":"standard","meta":{"footnotes":""},"categories":[1355],"tags":[548,58,59,1011,27,1361,873,5473],"class_list":{"0":"post-341788","1":"post","2":"type-post","3":"status-publish","4":"format-standard","5":"has-post-thumbnail","7":"category-musique","8":"tag-article-simple","9":"tag-divertissement","10":"tag-entertainment","11":"tag-fr","12":"tag-france","13":"tag-music","14":"tag-musique","15":"tag-patrick-bruel"},"share_on_mastodon":{"url":"https:\/\/pubeurope.com\/@fr\/115086816870036348","error":""},"_links":{"self":[{"href":"https:\/\/www.europesays.com\/fr\/wp-json\/wp\/v2\/posts\/341788","targetHints":{"allow":["GET"]}}],"collection":[{"href":"https:\/\/www.europesays.com\/fr\/wp-json\/wp\/v2\/posts"}],"about":[{"href":"https:\/\/www.europesays.com\/fr\/wp-json\/wp\/v2\/types\/post"}],"author":[{"embeddable":true,"href":"https:\/\/www.europesays.com\/fr\/wp-json\/wp\/v2\/users\/2"}],"replies":[{"embeddable":true,"href":"https:\/\/www.europesays.com\/fr\/wp-json\/wp\/v2\/comments?post=341788"}],"version-history":[{"count":0,"href":"https:\/\/www.europesays.com\/fr\/wp-json\/wp\/v2\/posts\/341788\/revisions"}],"wp:featuredmedia":[{"embeddable":true,"href":"https:\/\/www.europesays.com\/fr\/wp-json\/wp\/v2\/media\/193722"}],"wp:attachment":[{"href":"https:\/\/www.europesays.com\/fr\/wp-json\/wp\/v2\/media?parent=341788"}],"wp:term":[{"taxonomy":"category","embeddable":true,"href":"https:\/\/www.europesays.com\/fr\/wp-json\/wp\/v2\/categories?post=341788"},{"taxonomy":"post_tag","embeddable":true,"href":"https:\/\/www.europesays.com\/fr\/wp-json\/wp\/v2\/tags?post=341788"}],"curies":[{"name":"wp","href":"https:\/\/api.w.org\/{rel}","templated":true}]}}