{"id":341789,"date":"2025-08-25T01:31:12","date_gmt":"2025-08-25T01:31:12","guid":{"rendered":"https:\/\/www.europesays.com\/fr\/341789\/"},"modified":"2025-08-25T01:31:12","modified_gmt":"2025-08-25T01:31:12","slug":"comment-cette-super-saga-a-tourne-au-desastre","status":"publish","type":"post","link":"https:\/\/www.europesays.com\/fr\/341789\/","title":{"rendered":"comment cette super saga a tourn\u00e9 au d\u00e9sastre\u00a0"},"content":{"rendered":"<p><strong>Dans le <a href=\"https:\/\/www.ecranlarge.com\/films\/news\/1482082-le-podcast-decran-large-tous-les-episodes-de-la-reu-decran-large\" data-type=\"link\" data-id=\"https:\/\/www.ecranlarge.com\/films\/news\/1482082-le-podcast-decran-large-tous-les-episodes-de-la-reu-decran-large\" rel=\"nofollow noopener\" target=\"_blank\">podcast d\u2019Ecran Large<\/a>, on revient sur toute la <a href=\"https:\/\/www.ecranlarge.com\/films\/dossier\/x-men-films-ordre-chronologie-saga-marvel\" data-type=\"link\" data-id=\"https:\/\/www.ecranlarge.com\/films\/dossier\/x-men-films-ordre-chronologie-saga-marvel\" rel=\"nofollow noopener\" target=\"_blank\">saga X-Men<\/a>, qui a connu des hauts et des bas\u2026<\/strong><\/p>\n<p>Avant la trilogie <strong>Spider-Man <\/strong>sign\u00e9e Sam Raimi, avant le premier <strong>Iron Man<\/strong> qui a ouvert le MCU, il y a eu les X-Men. Apr\u00e8s les d\u00e9rives des ann\u00e9es 90, marqu\u00e9es par <strong>Batman Forever<\/strong>, <strong>Batman &amp; Robin<\/strong>, <strong>Spawn<\/strong> et compagnie, ce sont les mutants <a href=\"https:\/\/www.ecranlarge.com\/personnalite\/1354509-marvel\" data-type=\"people\" data-id=\"902428\" rel=\"nofollow noopener\" target=\"_blank\">Marvel<\/a> qui ont <strong>ouvert la voie aux films de super-h\u00e9ros modernes<\/strong>. Non sans quelques probl\u00e8mes et accidents de parcours qui rendent cette franchise passionnante, pour le meilleur et pour le pire.<\/p>\n<p>La saga <strong>X-Men<\/strong>, c\u2019est <strong>sept films principaux<\/strong> :<\/p>\n<p>                    <img decoding=\"async\" alt=\"\" class=\"wp-image-518375\" style=\"object-fit:cover;width:25px;height:25px\" src=\"https:\/\/www.ecranlarge.com\/content\/uploads\/2023\/09\/arrow-right-circle.svg\"\/><\/p>\n<p><a href=\"https:\/\/www.ecranlarge.com\/content\/uploads\/2025\/07\/pne8dpzg1payccpf198bc2zzbrmwrhh0.jpg\" rel=\"nofollow noopener\" target=\"_blank\"><\/p>\n<p><img loading=\"lazy\" decoding=\"async\" alt=\"X-Men 2\" src=\"https:\/\/www.europesays.com\/fr\/wp-content\/uploads\/2025\/07\/pne8dpzg1payccpf198bc2zzbrmwrhh0-1260x709.jpg\" width=\"1260\" height=\"709\"  \/><\/p>\n<p><\/a>Photo de classe<\/p>\n<p>C\u2019est aussi <strong>trois spin-off sur Wolverine<\/strong> :<\/p>\n<p>Sans oublier les Deadpool (notamment <strong><a href=\"https:\/\/www.ecranlarge.com\/films\/1357373-deadpool-wolverine\" data-type=\"films\" data-id=\"690079\" rel=\"nofollow noopener\" target=\"_blank\">Deadpool &amp; Wolverine<\/a><\/strong>, o\u00f9 <a href=\"https:\/\/www.ecranlarge.com\/personnalite\/652761-hugh-jackman\" data-type=\"people\" data-id=\"18415\" rel=\"nofollow noopener\" target=\"_blank\">Hugh Jackman<\/a> reprend son r\u00f4le) et la curiosit\u00e9 <strong><a href=\"https:\/\/www.ecranlarge.com\/films\/955029-x-men-the-new-mutants\" data-type=\"films\" data-id=\"685139\" rel=\"nofollow noopener\" target=\"_blank\">Les Nouveaux Mutants<\/a><\/strong> sortie en 2020. \u00c7a fait donc beaucoup de films, de tentatives et d\u2019\u00e9checs en l\u2019espace de vingt ans, jusqu\u2019\u00e0 ce que <strong>Disney ne rach\u00e8te le studio 20th Century<\/strong>, et donc tous ces personnages, en 2019.<\/p>\n<p><a href=\"https:\/\/www.ecranlarge.com\/content\/uploads\/2025\/08\/16vmmjjfzeg4fgv9linekyubvij.webp\" rel=\"nofollow noopener\" target=\"_blank\"><img loading=\"lazy\" decoding=\"async\" alt=\"Wolverine : Le Combat de l'immortel hugh jackman\" class=\"wp-image-1331477\" src=\"https:\/\/www.europesays.com\/fr\/wp-content\/uploads\/2025\/08\/16vmmjjfzeg4fgv9linekyubvij-1260x709.webp.webp\" width=\"1260\" height=\"709\"  \/><\/a>Jackman jacked<\/p>\n<p>C\u2019est pour \u00e7a qu\u2019on a d\u00e9cid\u00e9 de lancer un petit cycle sur toute la saga, en plusieurs \u00e9pisodes, dans notre podcast.<\/p>\n<p>PODCAST 1 : LE TRISTE D\u00c9SASTRE DE LA 1\u00c8RE TRILOGIE X-MENPODCAST 2 : RDV LA SEMAINE PROCHAINE !<\/p>\n","protected":false},"excerpt":{"rendered":"Dans le podcast d\u2019Ecran Large, on revient sur toute la saga X-Men, qui a connu des hauts et&hellip;\n","protected":false},"author":2,"featured_media":341790,"comment_status":"","ping_status":"","sticky":false,"template":"","format":"standard","meta":{"footnotes":""},"categories":[1354],"tags":[58,59,1346,1011,27,1360],"class_list":{"0":"post-341789","1":"post","2":"type-post","3":"status-publish","4":"format-standard","5":"has-post-thumbnail","7":"category-films","8":"tag-divertissement","9":"tag-entertainment","10":"tag-films","11":"tag-fr","12":"tag-france","13":"tag-movies"},"share_on_mastodon":{"url":"https:\/\/pubeurope.com\/@fr\/115086825066626985","error":""},"_links":{"self":[{"href":"https:\/\/www.europesays.com\/fr\/wp-json\/wp\/v2\/posts\/341789","targetHints":{"allow":["GET"]}}],"collection":[{"href":"https:\/\/www.europesays.com\/fr\/wp-json\/wp\/v2\/posts"}],"about":[{"href":"https:\/\/www.europesays.com\/fr\/wp-json\/wp\/v2\/types\/post"}],"author":[{"embeddable":true,"href":"https:\/\/www.europesays.com\/fr\/wp-json\/wp\/v2\/users\/2"}],"replies":[{"embeddable":true,"href":"https:\/\/www.europesays.com\/fr\/wp-json\/wp\/v2\/comments?post=341789"}],"version-history":[{"count":0,"href":"https:\/\/www.europesays.com\/fr\/wp-json\/wp\/v2\/posts\/341789\/revisions"}],"wp:featuredmedia":[{"embeddable":true,"href":"https:\/\/www.europesays.com\/fr\/wp-json\/wp\/v2\/media\/341790"}],"wp:attachment":[{"href":"https:\/\/www.europesays.com\/fr\/wp-json\/wp\/v2\/media?parent=341789"}],"wp:term":[{"taxonomy":"category","embeddable":true,"href":"https:\/\/www.europesays.com\/fr\/wp-json\/wp\/v2\/categories?post=341789"},{"taxonomy":"post_tag","embeddable":true,"href":"https:\/\/www.europesays.com\/fr\/wp-json\/wp\/v2\/tags?post=341789"}],"curies":[{"name":"wp","href":"https:\/\/api.w.org\/{rel}","templated":true}]}}