{"id":341793,"date":"2025-08-25T01:34:14","date_gmt":"2025-08-25T01:34:14","guid":{"rendered":"https:\/\/www.europesays.com\/fr\/341793\/"},"modified":"2025-08-25T01:34:14","modified_gmt":"2025-08-25T01:34:14","slug":"critique-pas-z-du-tout","status":"publish","type":"post","link":"https:\/\/www.europesays.com\/fr\/341793\/","title":{"rendered":"critique pas Z du tout"},"content":{"rendered":"<p>        <strong>LA COLERE DE GRAY<\/strong><\/p>\n<p>Face \u00e0 nous, une rivi\u00e8re puissante, o\u00f9 se refl\u00e8tent les \u00e9toiles et une constellation de flambeaux. Per\u00e7ant une jungle t\u00e9n\u00e9breuse de leur \u00e9clat, ils illuminent les silhouettes immobiles d\u2019une tribu inconnue, gardienne d\u2019un ailleurs fantasmatique. C\u2019est sur ce plan qui convoque autant des si\u00e8cles de construction mythologique qu\u2019une pure imagerie mystique, que s\u2019ouvre <strong><a href=\"https:\/\/www.ecranlarge.com\/films\/868135-lost-city-of-z-the\" target=\"_blank\" rel=\"noopener noreferrer nofollow\">The Lost City of Z<\/a><\/strong>, <strong>comme pour mieux planter dans l\u2019esprit du spectateur la graine d\u2019une obsession qui ne s\u2019\u00e9panouira tout \u00e0 fait que dans l\u2019ultime (et bouleversante) image du film<\/strong>.<\/p>\n<p class=\"text-center\"><a href=\"https:\/\/www.ecranlarge.com\/content\/uploads\/2016\/08\/the-lost-city-of-z-photo-charlie-hunnman-the-lost-city-of-z-962170.png\" data-lightbox=\"article-images\" rel=\"nofollow noopener\" target=\"_blank\"><img loading=\"lazy\" decoding=\"async\" alt=\"Photo Charlie Hunnman, The Lost City of Z\" src=\"https:\/\/www.europesays.com\/fr\/wp-content\/uploads\/2025\/08\/the-lost-city-of-z-photo-charlie-hunnman-the-lost-city-of-z-962170-630x353.png\" width=\"630\" height=\"353\"\/><\/a>L\u2019Aventurier de l\u2019\u00e2me perdue<\/p>\n<p>Si sur le papier, le nouveau film de <a href=\"https:\/\/www.ecranlarge.com\/personnalite\/664871-james-gray\" rel=\"nofollow noopener\" target=\"_blank\">James Gray<\/a>, qui aura connu une gen\u00e8se, une production puis une distribution compliqu\u00e9e, en appelle aux grands classiques de l\u2019exploration \u2013 <strong><a href=\"https:\/\/www.ecranlarge.com\/films\/844474-aguirre-la-colere-de-dieu\" rel=\"nofollow noopener\" target=\"_blank\">Aguirre, la Col\u00e8re de Dieu<\/a><\/strong>\u00a0et son El Dorado maudit en t\u00eate \u2013 <strong>l\u2019\u00e9pop\u00e9e propos\u00e9e par le cin\u00e9aste s\u2019av\u00e8re fondamentalement diff\u00e9rente.<\/strong> En premier lieu par ses th\u00e8mes, puisque <a href=\"https:\/\/www.ecranlarge.com\/personnalite\/664871-james-gray\" target=\"_blank\" rel=\"noopener noreferrer nofollow\">Gray<\/a>\u00a0balaie d\u2019un revers de cam\u00e9ra tous les st\u00e9r\u00e9otypes de l\u2019exp\u00e9dition maudite et ses r\u00eaves de gloires chim\u00e9riques.<\/p>\n<p>Ce qui saisit, <strong>c\u2019est la modernit\u00e9 avec laquelle il s\u2019inscrit dans cette qu\u00eate aux atours faussement classiques<\/strong>. Son h\u00e9ros, Fawcett est un militaire, auxquels les honneurs de son rang sont refus\u00e9s, la faute \u00e0 un anc\u00eatre dont la r\u00e9putation a gravement entach\u00e9 la lign\u00e9e. D\u00e8s son introduction (une partie de chasse \u00e0 cheval), le cin\u00e9aste d\u00e9poussi\u00e8re son moule historique pour y inclure<strong> un montage plein de hargne et de c\u00e9l\u00e9rit\u00e9<\/strong>. Car sous ses airs de nobliau ambitieux, Fawcett est en r\u00e9alit\u00e9 un homme limit\u00e9 par ses origines, en qu\u00eate d\u2019un nouveau monde, synonyme de d\u00e9passement, de cr\u00e9ation, de r\u00e9invention.<\/p>\n<p class=\"text-center\"><a href=\"https:\/\/www.ecranlarge.com\/content\/uploads\/2017\/02\/the-lost-city-of-z-photo-charlie-hunnam-tom-holland-976394.jpg\" data-height=\"800\" data-width=\"1200\" data-lightbox=\"article-images\" rel=\"nofollow noopener\" target=\"_blank\"><img loading=\"lazy\" decoding=\"async\" alt=\"Photo Charlie Hunnam, Tom Holland\" src=\"https:\/\/www.europesays.com\/fr\/wp-content\/uploads\/2025\/08\/the-lost-city-of-z-photo-charlie-hunnam-tom-holland-976394-630x420.jpg\" width=\"630\" height=\"420\"\/><\/a>Vous l\u2019avez reconnu ?<\/p>\n<p><strong>RAGE AGAINST THE JUNGLE<\/strong><\/p>\n<p>C\u2019est la raison pour laquelle le personnage de <a href=\"https:\/\/www.ecranlarge.com\/personnalite\/664066-charlie-hunnam\" target=\"_blank\" rel=\"noopener noreferrer nofollow\">Charlie Hunnam<\/a>\u00a0se retrouvera naturellement dans les peuples que ses cong\u00e9n\u00e8res consid\u00e8rent comme des sauvages. Et c\u2019est donc la raison pour laquelle <a href=\"https:\/\/www.ecranlarge.com\/personnalite\/664871-james-gray\" rel=\"nofollow noopener\" target=\"_blank\">James Gray<\/a>\u00a0scrute et capture le moindre de ses emportements avec une si d\u00e9vorante passion. La myst\u00e9rieuse cit\u00e9 de Z n\u2019est pas un tr\u00e9sor quelconque marqu\u00e9 d\u2019un X sur une vulgaire carte au tr\u00e9sor,<strong> c\u2019est le Xanadu qu\u2019il a choisi et poursuit sans rel\u00e2che<\/strong>, o\u00f9 il pourra devenir ma\u00eetre en sa demeure, o\u00f9 il deviendra le p\u00e8re, la figure de transmission dont il a lui-m\u00eame manqu\u00e9.<\/p>\n<p>On retrouvera l\u00e0 l\u2019obsession de <a href=\"https:\/\/www.ecranlarge.com\/personnalite\/664871-james-gray\" target=\"_blank\" rel=\"noopener noreferrer nofollow\" data-wplink-edit=\"true\">Gray<\/a>\u00a0pour les conflits intimes et la reconnaissance de ses pairs, une nouvelle fois au centre du dispositif narratif de <strong><a href=\"https:\/\/www.ecranlarge.com\/films\/868135-lost-city-of-z-the\" target=\"_blank\" rel=\"noopener noreferrer nofollow\">Lost City of Z<\/a><\/strong>. Mais cette fois, la proposition est d\u2019autant plus marquante qu\u2019\u00e0 travers les allers-retours de Fawcett, ses tentatives avort\u00e9es, ses \u00e9checs, ses fulgurances et sa recherche absolue du d\u00e9passement, <strong>l\u2019artiste nous parle en creux de son propre parcours, artisan remettant toujours son ouvrage sur le m\u00e9tier<\/strong>, malgr\u00e9 une critique et un public souvent frileux, voire injuste envers des \u0153uvres dont on souligne la ma\u00eetrise comme un p\u00e9ch\u00e9 d\u2019arrogance.<\/p>\n<p class=\"text-center\"><a href=\"https:\/\/www.ecranlarge.com\/content\/uploads\/2017\/02\/the-lost-city-of-z-photo-976404.jpg\" data-lightbox=\"article-images\" rel=\"nofollow noopener\" target=\"_blank\"><img loading=\"lazy\" decoding=\"async\" alt=\"Photo\" src=\"https:\/\/www.europesays.com\/fr\/wp-content\/uploads\/2025\/08\/the-lost-city-of-z-photo-976404-630x420.jpg\" width=\"630\" height=\"420\"\/><\/a>La destination a-t-elle vraiment autant d\u2019importance ?<\/p>\n<p>Explorateur en qu\u00eate de sens, Fawcett est aussi un argonaute de la perception, au gr\u00e9 des exp\u00e9rimentations du r\u00e9alisateur sur le montage. Sans chercher \u00e0 \u00e9mietter artificiellement sa narration, <strong><a href=\"https:\/\/www.ecranlarge.com\/personnalite\/664871-james-gray\" target=\"_blank\" rel=\"noopener noreferrer nofollow\">Gray<\/a>\u00a0tente ainsi des raccords extr\u00eamement audacieux<\/strong>, souvent ravageurs \u00e9motionnellement. Au beau milieu d\u2019une confrontation avec une tribu belliqueuse, <strong>la pointe d\u2019une fl\u00e8che nous ram\u00e8ne soudain \u00e0 l\u2019\u00e9pouse de l\u2019aventurier<\/strong>. Et quand ce dernier s\u2019aventure enfin avec son fils sur un sentier qui les m\u00e8nera \u00e0 la transcendance ou \u00e0 la mort,<strong> le montage s\u2019inspire des ruptures d\u2019un\u00a0<a href=\"https:\/\/www.ecranlarge.com\/films\/839106-2001-l-odyssee-de-l-espace\" rel=\"nofollow noopener\" target=\"_blank\">2001, l\u2019Odyss\u00e9e de l\u2019espace<\/a> pour nous plonger avec un bonheur m\u00e9taphysique dans la naissance d\u2019une famille.<\/strong><\/p>\n<p>Car au-del\u00e0 des trahisons, des drames et de la port\u00e9e tragique de cette grandiose fuite en avant, c\u2019est bien la construction symbolique d\u2019un foyer qui se joue sous nos yeux.<strong> En t\u00e9moigne l\u2019ultime plan du film<\/strong>, sorte de climax bouleversant de pudeur, o\u00f9 le r\u00e9cit, basculant quasiment dans le fantastique, op\u00e8re au sein d\u2019une m\u00eame image<strong> la fusion de tous les th\u00e8mes qui ont travers\u00e9 l\u2019\u00e9cran depuis l\u2019ouverture du film.<\/strong><\/p>\n<p class=\"text-center\"><a href=\"https:\/\/www.ecranlarge.com\/content\/uploads\/2017\/02\/the-lost-city-of-z-photo-robert-pattinson-976402.jpg\" data-lightbox=\"article-images\" rel=\"nofollow noopener\" target=\"_blank\"><img loading=\"lazy\" decoding=\"async\" alt=\"Photo Robert Pattinson\" src=\"https:\/\/www.europesays.com\/fr\/wp-content\/uploads\/2025\/08\/the-lost-city-of-z-photo-robert-pattinson-976402-630x420.jpg\" width=\"630\" height=\"420\"\/><\/a>Robert Pattinson<\/p>\n<p><strong>LA FORET NOUS APPARTIENT<\/strong><\/p>\n<p>Alternant entre la vigueur de sa mise en sc\u00e8ne, qui n\u2019oublie jamais d\u2019\u00e9pouser l\u2019ampleur du sujet, son montage audacieux et le festin visuel que concocte <a href=\"https:\/\/www.ecranlarge.com\/personnalite\/652025-darius-khondji\" target=\"_blank\" rel=\"noopener noreferrer nofollow\">Darius Khondji<\/a>\u00a0\u00e0 la photographie,\u00a0<a href=\"https:\/\/www.ecranlarge.com\/personnalite\/664871-james-gray\" rel=\"nofollow noopener\" target=\"_blank\">James Gray<\/a> parvient \u00e0 livrer avec <strong><a href=\"https:\/\/www.ecranlarge.com\/films\/868135-lost-city-of-z-the\" target=\"_blank\" rel=\"noopener noreferrer nofollow\">Lost City of Z<\/a><\/strong>\u00a0<strong>une \u0153uvre qui s\u2019impose simultan\u00e9ment comme un travail de recherche terriblement excitant et un classique instantan\u00e9.<\/strong> Car au-del\u00e0 de sa dimension esth\u00e9tique affolante de pr\u00e9cision, de ses perc\u00e9es stylistiques r\u00e9guli\u00e8res, <strong>le m\u00e9trage narre \u00e0 la perfection son grand r\u00e9cit d\u2019aventure.<\/strong><\/p>\n<p>Cette derni\u00e8re est d\u2019ailleurs d\u2019autant plus forte qu\u2019elle demeure toujours imbriqu\u00e9e avec la chronique touchante d\u2019une famille \u00e0 la recherche d\u2019un foyer, <strong>ce qui multiplie l\u2019impact des enjeux et de sc\u00e8nes qui ne peuvent pas toujours esquiver certains st\u00e9r\u00e9otypes.<\/strong> Et si nous avons droit aux traditionnels coups du sort (maladie, blessures, d\u00e9fections, attaques animales) leur \u00e9cho avec la situation sociale des protagonistes et leurs ambitions leurs permettent de rev\u00eatir une puissance nouvelle.<\/p>\n<p class=\"text-center\"><a href=\"https:\/\/www.ecranlarge.com\/content\/uploads\/2017\/02\/the-lost-city-of-z-photo-charlie-hunnam-976396.jpg\" data-height=\"800\" data-width=\"1200\" data-lightbox=\"article-images\" rel=\"nofollow noopener\" target=\"_blank\"><img loading=\"lazy\" decoding=\"async\" alt=\"Photo Charlie Hunnam\" src=\"https:\/\/www.europesays.com\/fr\/wp-content\/uploads\/2025\/08\/the-lost-city-of-z-photo-charlie-hunnam-976396-630x420.jpg\" width=\"630\" height=\"420\"\/><\/a>Le moins classique de tous les r\u00e9cits classiques<\/p>\n<p>Ainsi, lorsqu\u2019un <a href=\"https:\/\/www.ecranlarge.com\/personnalite\/664066-charlie-hunnam\" target=\"_blank\" rel=\"noopener noreferrer nofollow\">Charlie Hunnam<\/a>\u00a0tout de flamme et de d\u00e9voration int\u00e9rieure doit faire face \u00e0 la d\u00e9cr\u00e9pitude physique et \u00e0 la veulerie d\u2019un des membres de son exp\u00e9dition, c\u2019est l\u2019affrontement entre une aristocratie consanguine et un peuple affam\u00e9 qui se noue.<\/p>\n<p>Immense \u00e9pop\u00e9e, aventure intime et qu\u00eate initiatique flirtant avec les fronti\u00e8res du fantastique,<strong> <a href=\"https:\/\/www.ecranlarge.com\/films\/868135-lost-city-of-z-the\" target=\"_blank\" rel=\"noopener noreferrer nofollow\">The Lost City of Z<\/a>\u00a0est une cr\u00e9ation dont l\u2019intelligence, l\u2019accomplissement plastique et la force du propos rappellent que son auteur est une des voix les plus singuli\u00e8res du Septi\u00e8me Art.<\/strong><\/p>\n<p class=\"text-center\"><a href=\"https:\/\/www.ecranlarge.com\/content\/uploads\/2017\/03\/the-lost-city-of-z-affiche-officielle-francaise-979320.jpg\" data-height=\"1600\" data-width=\"1175\" data-lightbox=\"article-images\" rel=\"nofollow noopener\" target=\"_blank\"><img loading=\"lazy\" decoding=\"async\" alt=\"Affiche officielle fran\u00e7aise\" src=\"https:\/\/www.europesays.com\/fr\/wp-content\/uploads\/2025\/08\/the-lost-city-of-z-affiche-officielle-francaise-979320-630x858.jpg\" width=\"630\" height=\"858\"\/><\/a><\/p>\n","protected":false},"excerpt":{"rendered":"LA COLERE DE GRAY Face \u00e0 nous, une rivi\u00e8re puissante, o\u00f9 se refl\u00e8tent les \u00e9toiles et une constellation&hellip;\n","protected":false},"author":2,"featured_media":341794,"comment_status":"","ping_status":"","sticky":false,"template":"","format":"standard","meta":{"footnotes":""},"categories":[8],"tags":[58,59,1011,27],"class_list":{"0":"post-341793","1":"post","2":"type-post","3":"status-publish","4":"format-standard","5":"has-post-thumbnail","7":"category-divertissement","8":"tag-divertissement","9":"tag-entertainment","10":"tag-fr","11":"tag-france"},"share_on_mastodon":{"url":"https:\/\/pubeurope.com\/@fr\/115086837000400817","error":""},"_links":{"self":[{"href":"https:\/\/www.europesays.com\/fr\/wp-json\/wp\/v2\/posts\/341793","targetHints":{"allow":["GET"]}}],"collection":[{"href":"https:\/\/www.europesays.com\/fr\/wp-json\/wp\/v2\/posts"}],"about":[{"href":"https:\/\/www.europesays.com\/fr\/wp-json\/wp\/v2\/types\/post"}],"author":[{"embeddable":true,"href":"https:\/\/www.europesays.com\/fr\/wp-json\/wp\/v2\/users\/2"}],"replies":[{"embeddable":true,"href":"https:\/\/www.europesays.com\/fr\/wp-json\/wp\/v2\/comments?post=341793"}],"version-history":[{"count":0,"href":"https:\/\/www.europesays.com\/fr\/wp-json\/wp\/v2\/posts\/341793\/revisions"}],"wp:featuredmedia":[{"embeddable":true,"href":"https:\/\/www.europesays.com\/fr\/wp-json\/wp\/v2\/media\/341794"}],"wp:attachment":[{"href":"https:\/\/www.europesays.com\/fr\/wp-json\/wp\/v2\/media?parent=341793"}],"wp:term":[{"taxonomy":"category","embeddable":true,"href":"https:\/\/www.europesays.com\/fr\/wp-json\/wp\/v2\/categories?post=341793"},{"taxonomy":"post_tag","embeddable":true,"href":"https:\/\/www.europesays.com\/fr\/wp-json\/wp\/v2\/tags?post=341793"}],"curies":[{"name":"wp","href":"https:\/\/api.w.org\/{rel}","templated":true}]}}