{"id":341797,"date":"2025-08-25T01:36:14","date_gmt":"2025-08-25T01:36:14","guid":{"rendered":"https:\/\/www.europesays.com\/fr\/341797\/"},"modified":"2025-08-25T01:36:14","modified_gmt":"2025-08-25T01:36:14","slug":"vous-trouvez-normal-que-pour-rentrer-chez-moi-je-doive-payer-le-meme-prix-que-les-touristes","status":"publish","type":"post","link":"https:\/\/www.europesays.com\/fr\/341797\/","title":{"rendered":"Vous trouvez normal que pour rentrer chez moi je doive payer le m\u00eame prix que les touristes\u00a0?"},"content":{"rendered":"<p>\u00ab\u00a0Je suis n\u00e9 en Corse, je travaille \u00e0 Tours, j&rsquo;ai un appartement \u00e0 Ajaccio et une maison au village, je paie mes imp\u00f4ts locaux, j&rsquo;entretiens mes biens, vous trouvez normal que pour rentrer chez moi, je paye le m\u00eame prix que les Continentaux\u00a0? \u00ab\u00a0<\/p>\n<p>Depuis 2021 et l&rsquo;obligation de justifier d&rsquo;une r\u00e9sidence fiscale en Corse pour b\u00e9n\u00e9ficier du tarif r\u00e9sident sur Air Corsica, les Corses de la diaspora ne d\u00e9col\u00e8rent pas. \u00ab\u00a0Nous rentrerions plus souvent si nous avions ce tarif, commente Antoine*, un Corse de Paris. Pour un enterrement, on paie parfois plus de 500\u00a0euros en derni\u00e8re minute, c&rsquo;est la double peine.\u00a0\u00bb<\/p>\n<p>\u00ab\u00a0J&rsquo;ai grandi \u00e0 Ajaccio, je veux rentrer chez moi quand je veux\u00a0! \u00a0\u00bb<\/p>\n<p>Pour b\u00e9n\u00e9ficier de la flexibilit\u00e9 du tarif r\u00e9sident, certains, comme Chiara*, 22 ans, n&rsquo;h\u00e9sitent pas \u00e0 tricher en falsifiant leur avis d&rsquo;imposition\u00a0: \u00ab\u00a0J&rsquo;ai grandi \u00e0 Ajaccio, je veux rentrer chez moi quand je veux !\u00a0\u00bb<\/p>\n<p>Air Corsica, d\u00e9l\u00e9gataire du service public qui assure la continuit\u00e9 territoriale, &#8230;<\/p>\n","protected":false},"excerpt":{"rendered":"\u00ab\u00a0Je suis n\u00e9 en Corse, je travaille \u00e0 Tours, j&rsquo;ai un appartement \u00e0 Ajaccio et une maison au&hellip;\n","protected":false},"author":2,"featured_media":341798,"comment_status":"","ping_status":"","sticky":false,"template":"","format":"standard","meta":{"footnotes":""},"categories":[6],"tags":[17,35,35109,13644,154,33,34,1011,27,47831,30897,104,47832,4568],"class_list":{"0":"post-341797","1":"post","2":"type-post","3":"status-publish","4":"format-standard","5":"has-post-thumbnail","7":"category-economie","8":"tag-17","9":"tag-business","10":"tag-continent","11":"tag-corses","12":"tag-des","13":"tag-economie","14":"tag-economy","15":"tag-fr","16":"tag-france","17":"tag-lincomprehension","18":"tag-normal","19":"tag-societe","20":"tag-trouvez","21":"tag-vous"},"share_on_mastodon":{"url":"https:\/\/pubeurope.com\/@fr\/115086844459020856","error":""},"_links":{"self":[{"href":"https:\/\/www.europesays.com\/fr\/wp-json\/wp\/v2\/posts\/341797","targetHints":{"allow":["GET"]}}],"collection":[{"href":"https:\/\/www.europesays.com\/fr\/wp-json\/wp\/v2\/posts"}],"about":[{"href":"https:\/\/www.europesays.com\/fr\/wp-json\/wp\/v2\/types\/post"}],"author":[{"embeddable":true,"href":"https:\/\/www.europesays.com\/fr\/wp-json\/wp\/v2\/users\/2"}],"replies":[{"embeddable":true,"href":"https:\/\/www.europesays.com\/fr\/wp-json\/wp\/v2\/comments?post=341797"}],"version-history":[{"count":0,"href":"https:\/\/www.europesays.com\/fr\/wp-json\/wp\/v2\/posts\/341797\/revisions"}],"wp:featuredmedia":[{"embeddable":true,"href":"https:\/\/www.europesays.com\/fr\/wp-json\/wp\/v2\/media\/341798"}],"wp:attachment":[{"href":"https:\/\/www.europesays.com\/fr\/wp-json\/wp\/v2\/media?parent=341797"}],"wp:term":[{"taxonomy":"category","embeddable":true,"href":"https:\/\/www.europesays.com\/fr\/wp-json\/wp\/v2\/categories?post=341797"},{"taxonomy":"post_tag","embeddable":true,"href":"https:\/\/www.europesays.com\/fr\/wp-json\/wp\/v2\/tags?post=341797"}],"curies":[{"name":"wp","href":"https:\/\/api.w.org\/{rel}","templated":true}]}}