{"id":341799,"date":"2025-08-25T01:37:17","date_gmt":"2025-08-25T01:37:17","guid":{"rendered":"https:\/\/www.europesays.com\/fr\/341799\/"},"modified":"2025-08-25T01:37:17","modified_gmt":"2025-08-25T01:37:17","slug":"decouvrez-nos-photos-de-la-semaine","status":"publish","type":"post","link":"https:\/\/www.europesays.com\/fr\/341799\/","title":{"rendered":"d\u00e9couvrez nos photos de la semaine"},"content":{"rendered":"<p><strong>1. Derni\u00e8re lueur<\/strong><\/p>\n<p>Le soleil se couche sur <a href=\"https:\/\/www.parismatch.com\/actu\/international\/lonu-declare-la-famine-a-gaza-israel-conteste-le-rapport-255922\" rel=\"nofollow noopener\" target=\"_blank\">Gaza<\/a>, vu depuis le c\u00f4t\u00e9 isra\u00e9lien de la fronti\u00e8re entre Gaza et Isra\u00ebl, le 19 ao\u00fbt 2025. (REUTERS\/Amir Cohen)<\/p>\n<p>    La suite apr\u00e8s cette publicit\u00e9<\/p>\n<p><strong>2. Invasion<\/strong><\/p>\n<p>    La suite apr\u00e8s cette publicit\u00e9<\/p>\n<p>Un moustique tigre pique la peau d\u2019un humain, le 21 ao\u00fbt 2025 \u00e0 Paris. Selon un rapport, ce moustique asiatique est de plus en plus pr\u00e9sent dans l\u2019Union europ\u00e9enne en raison de conditions climatiques plus favorables comme la hausse des temp\u00e9ratures. (Christophe Geyres\/ABACAPRESS)<\/p>\n<p><strong>3. Bateau, sur l\u2019eau&#8230;<\/strong><\/p>\n<p>    La suite apr\u00e8s cette publicit\u00e9<\/p>\n<p>    La suite apr\u00e8s cette publicit\u00e9<\/p>\n<p>Le d\u00e9fil\u00e9 d\u2019ouverture de la neuvi\u00e8me \u00e9dition du Sail-In, vus depuis la tour A\u2019DAM aux Pays-Bas. (Koen Van Weel\/ANP\/ABACAPRESS)<\/p>\n<p><strong>4. Crime passionnel.<\/strong><\/p>\n<p>Une lionne s\u2019en prend violemment \u00e0 son compagnon en plein accouplement dans la r\u00e9serve de Mashatu au Botswana. (Caters\/Sipa)<\/p>\n<p><strong>5. Num\u00e9ro 10.<\/strong><\/p>\n<p>L\u2019attaquant fran\u00e7ais du Real Madrid, Kylian Mbapp\u00e9, dispute le ballon lors du match de Liga opposant le Real Madrid CF \u00e0 Osasuna, au stade Santiago-Bernab\u00e9u \u00e0 Madrid, le 19 ao\u00fbt 2025. (Thomas COEX \/ AFP)<\/p>\n<p><strong>6. \u00c0 tire-d\u2019aile.<\/strong><\/p>\n<p>\u00c0 Long Beach aux \u00c9tats-Unis, se tient chaque ann\u00e9e le Washington State International Kite Festival c\u00e9l\u00e8bre chaque ann\u00e9e, durant la troisi\u00e8me semaine compl\u00e8te d\u2019ao\u00fbt, l\u2019art du cerf-volant. (Brian Cahn\/ZUMA Press Wire)<\/p>\n<p><strong>7. No-go.<\/strong><\/p>\n<p>Un agent de s\u00e9curit\u00e9 plaque un spectateur qui avait envahi le terrain lors de la neuvi\u00e8me manche du match entre les San Francisco Giants et les San Diego Padres, au Petco Park le 19 ao\u00fbt 2025, San Diego. (Denis Poroy-Imagn Images\/REUTERS)<\/p>\n<p><strong>8. Veille.<\/strong><\/p>\n<p>Nicole Collier, repr\u00e9sentante d\u00e9mocrate du 95e district, dort dans l\u2019h\u00e9micycle de la Chambre au Capitole du Texas, \u00e0 Austin, le 19 ao\u00fbt 2025. Apr\u00e8s le retour des \u00e9lus ayant quitt\u00e9 l\u2019\u00c9tat pour bloquer la r\u00e9forme \u00e9lectorale r\u00e9publicaine, elle a choisi de rester dans la salle plut\u00f4t que de signer le formulaire obligatoire autorisant les parlementaires \u00e0 quitter le b\u00e2timent sous escorte. (Nicole Collier\/Handout via REUTERS)<\/p>\n<p><strong>9. Parade.<\/strong><\/p>\n<p>Un militaire chinois participe \u00e0 une r\u00e9p\u00e9tition en vue du d\u00e9fil\u00e9 qui comm\u00e9morera, le 3 septembre \u00e0 P\u00e9kin, le 80e anniversaire de la victoire dans la Guerre de R\u00e9sistance du peuple chinois contre l\u2019agression japonaise et de la Seconde Guerre mondiale, le 20 ao\u00fbt 2025. (Pedro PARDO \/ AFP)<\/p>\n<p><strong>10. Largage.<\/strong><\/p>\n<p>Un h\u00e9licopt\u00e8re effectue un largage d\u2019eau sur l\u2019incendie de Pickett, pr\u00e8s de Calistoga, en Californie, le jeudi 21 ao\u00fbt 2025. (Scott Strazzante\/San Francisco Chronicle via AP)<\/p>\n<p><strong>11. L\u2019arbre miracle.<\/strong><\/p>\n<p>Le 17 ao\u00fbt 2025, \u00e0 Soto de Vi\u00f1uelas en Espagne, plusieurs vaches se regroupent autour de \u00ab l\u2019arbre miracle \u00bb. En r\u00e9alit\u00e9, ce ch\u00eane est simplement le seul \u00e0 offrir de l\u2019ombre dans la zone. Les bovins y broutent et pi\u00e9tinent le sol, cr\u00e9ant une clairi\u00e8re naturelle qui a servi de coupe-feu lors de l\u2019incendie du 11 ao\u00fbt. (Gabri Solera \/ Europa Press\/ABACAPRESS)<\/p>\n<p><strong>12. Envol.<\/strong><\/p>\n<p>L\u2019Am\u00e9ricain Cordell Tinch en action lors du 110 m haies masculin du meeting d\u2019athl\u00e9tisme de la Diamond League Athletissima, au stade olympique de la Pontaise \u00e0 Lausanne, le 20 ao\u00fbt 2025. (Fabrice COFFRINI \/ AFP)<\/p>\n","protected":false},"excerpt":{"rendered":"1. Derni\u00e8re lueur Le soleil se couche sur Gaza, vu depuis le c\u00f4t\u00e9 isra\u00e9lien de la fronti\u00e8re entre&hellip;\n","protected":false},"author":2,"featured_media":341800,"comment_status":"","ping_status":"","sticky":false,"template":"","format":"standard","meta":{"footnotes":""},"categories":[5],"tags":[11,1011,27,14,12,28],"class_list":{"0":"post-341799","1":"post","2":"type-post","3":"status-publish","4":"format-standard","5":"has-post-thumbnail","7":"category-international","8":"tag-actualites","9":"tag-fr","10":"tag-france","11":"tag-international","12":"tag-news","13":"tag-world"},"share_on_mastodon":{"url":"https:\/\/pubeurope.com\/@fr\/115086848464527940","error":""},"_links":{"self":[{"href":"https:\/\/www.europesays.com\/fr\/wp-json\/wp\/v2\/posts\/341799","targetHints":{"allow":["GET"]}}],"collection":[{"href":"https:\/\/www.europesays.com\/fr\/wp-json\/wp\/v2\/posts"}],"about":[{"href":"https:\/\/www.europesays.com\/fr\/wp-json\/wp\/v2\/types\/post"}],"author":[{"embeddable":true,"href":"https:\/\/www.europesays.com\/fr\/wp-json\/wp\/v2\/users\/2"}],"replies":[{"embeddable":true,"href":"https:\/\/www.europesays.com\/fr\/wp-json\/wp\/v2\/comments?post=341799"}],"version-history":[{"count":0,"href":"https:\/\/www.europesays.com\/fr\/wp-json\/wp\/v2\/posts\/341799\/revisions"}],"wp:featuredmedia":[{"embeddable":true,"href":"https:\/\/www.europesays.com\/fr\/wp-json\/wp\/v2\/media\/341800"}],"wp:attachment":[{"href":"https:\/\/www.europesays.com\/fr\/wp-json\/wp\/v2\/media?parent=341799"}],"wp:term":[{"taxonomy":"category","embeddable":true,"href":"https:\/\/www.europesays.com\/fr\/wp-json\/wp\/v2\/categories?post=341799"},{"taxonomy":"post_tag","embeddable":true,"href":"https:\/\/www.europesays.com\/fr\/wp-json\/wp\/v2\/tags?post=341799"}],"curies":[{"name":"wp","href":"https:\/\/api.w.org\/{rel}","templated":true}]}}