{"id":341832,"date":"2025-08-25T02:12:22","date_gmt":"2025-08-25T02:12:22","guid":{"rendered":"https:\/\/www.europesays.com\/fr\/341832\/"},"modified":"2025-08-25T02:12:22","modified_gmt":"2025-08-25T02:12:22","slug":"villeurbanne-accompagne-ses-nouveaux-etudiants-du-4-au-29-septembre","status":"publish","type":"post","link":"https:\/\/www.europesays.com\/fr\/341832\/","title":{"rendered":"Villeurbanne accompagne ses nouveaux \u00e9tudiants du 4 au 29 septembre"},"content":{"rendered":"<p>                            <img loading=\"lazy\" width=\"1126\" height=\"703\" class=\"attachment-article size-article wp-post-image lazyload\" alt=\"\" decoding=\"async\" src=\"https:\/\/www.europesays.com\/fr\/wp-content\/uploads\/2025\/07\/pexels-buro-millennial-636760-1438072-e1720083298131.jpg\" data-eio-rwidth=\"1126\" data-eio-rheight=\"703\"\/><\/p>\n<p>96% des \u00e9tudiants lyonnais recommandent la ville.<\/p>\n<p class=\"content\" style=\"font-size:1.2em;font-weight:700\">Du 4 au 29 septembre, la Ville de Villeurbanne organisera 8 rendez-vous pour aider les futurs \u00e9tudiants \u00e0 bien s\u2019installer et d\u00e9marrer l&rsquo;ann\u00e9e scolaire.<\/p>\n<p>Distribution alimentaire, informations sur les logements ou rencontres pour des alternances, la Ville de Villeurbanne souhaite accompagner ses futurs \u00e9tudiants pour bien commencer l\u2019ann\u00e9e scolaire. Du 4 au 29 septembre prochains, la municipalit\u00e9 organisera en effet 8 rendez-vous en partenariat avec le Crous et diff\u00e9rentes associations pour aider les jeunes.<\/p>\n<p><strong>Lire aussi :<\/strong> <a href=\"https:\/\/www.lyoncapitale.fr\/actualite\/derniere-semaine-pour-profiter-des-animations-d-ete-a-villeurbanne\" rel=\"nofollow noopener\" target=\"_blank\">Derni\u00e8re semaine pour profiter des animations d&rsquo;\u00e9t\u00e9 \u00e0 Villeurbanne<\/a><\/p>\n<p>\u00c9changes, distribution de denr\u00e9es, etc.<\/p>\n<p>Les premiers \u00e9v\u00e9nements se d\u00e9rouleront le 11 septembre. Le premier se tiendra de 15h30 \u00e0 17h30 en compagnie de l\u2019ESN Cosmo Lyon et le Student Welcome Desk pour \u00e9changer autour de la mobilit\u00e9 internationale. Le second se d\u00e9roulera de 18h30 \u00e0 20h30 pour une distribution de produits cosm\u00e9tiques et hygi\u00e9niques avec l\u2019association Cop\u20191.<\/p>\n<p>Le samedi 13 septembre, des balades urbaines seront organis\u00e9es \u00e0 10 heures et 14 heures aux Grattes-Ciel (rendez-vous \u00e0 9h30 \u00e0 l\u2019Espace Jeunes) et sur le campus de la Doua (rendez-vous \u00e0 13h40 au square de la Doua). Pensez \u00e0 vous inscrire. Une biennale des associations se tiendra \u00e9galement sur l\u2019avenue Henri-Barbusse le lendemain, dimanche 14 septembre, de 10 heures \u00e0 17 heures.<\/p>\n<p><strong>Lire aussi :<\/strong> <a href=\"https:\/\/www.lyoncapitale.fr\/actualite\/730-cycles-de-lavages-offerts-a-des-etudiants-lyonnais-en-situation-de-precarite\" target=\"_blank\" rel=\"noreferrer noopener nofollow\">730 cycles de lavages offerts \u00e0 des \u00e9tudiants lyonnais en situation de pr\u00e9carit\u00e9<\/a><\/p>\n<p>Aide au logement<\/p>\n<p>Pour les \u00e9tudiants \u00e0 la recherche d\u2019un projet professionnel, des \u00ab\u00a0rencontres de l\u2019alternance\u00a0\u00bb seront organis\u00e9es le 17 septembre par la Mission locale de 14 heures \u00e0 17 heures. L\u2019entr\u00e9e est libre et gratuite au CCVA, situ\u00e9 cours \u00c9mile Zola. Le 18 septembre, le Crous organisera quant \u00e0 lui un atelier d\u2019aide au logement de 15 heures \u00e0 17h30.<\/p>\n<p>L\u2019association Cop\u20191 proposera une nouvelle distribution de denr\u00e9es alimentaires le 24 septembre de 18h30 \u00e0 20h30, seulement sur inscription. Enfin, le 29 septembre, le forum job \u00e9tudiant revient de 13h30 \u00e0 18 heures. Des agents du BIJ proposeront un accompagnement \u00e0 la candidature. Alors pensez bien prendre vos CV et lettres de motivation.<\/p>\n<p>Plus d\u2019informations sur <a href=\"https:\/\/www.villeurbanne.fr\" target=\"_blank\" rel=\"noreferrer noopener nofollow\">le site de la Ville de Villeurbanne<\/a>.<\/p>\n","protected":false},"excerpt":{"rendered":"96% des \u00e9tudiants lyonnais recommandent la ville. Du 4 au 29 septembre, la Ville de Villeurbanne organisera 8&hellip;\n","protected":false},"author":2,"featured_media":263286,"comment_status":"","ping_status":"","sticky":false,"template":"","format":"standard","meta":{"footnotes":""},"categories":[1889],"tags":[1111,11,2430,1777,674,1011,27,2428,12,25],"class_list":{"0":"post-341832","1":"post","2":"type-post","3":"status-publish","4":"format-standard","5":"has-post-thumbnail","7":"category-lyon","8":"tag-actu","9":"tag-actualites","10":"tag-auvergne-rhone-alpes","11":"tag-eu","12":"tag-europe","13":"tag-fr","14":"tag-france","15":"tag-lyon","16":"tag-news","17":"tag-republique-francaise"},"share_on_mastodon":{"url":"https:\/\/pubeurope.com\/@fr\/115086986031722511","error":""},"_links":{"self":[{"href":"https:\/\/www.europesays.com\/fr\/wp-json\/wp\/v2\/posts\/341832","targetHints":{"allow":["GET"]}}],"collection":[{"href":"https:\/\/www.europesays.com\/fr\/wp-json\/wp\/v2\/posts"}],"about":[{"href":"https:\/\/www.europesays.com\/fr\/wp-json\/wp\/v2\/types\/post"}],"author":[{"embeddable":true,"href":"https:\/\/www.europesays.com\/fr\/wp-json\/wp\/v2\/users\/2"}],"replies":[{"embeddable":true,"href":"https:\/\/www.europesays.com\/fr\/wp-json\/wp\/v2\/comments?post=341832"}],"version-history":[{"count":0,"href":"https:\/\/www.europesays.com\/fr\/wp-json\/wp\/v2\/posts\/341832\/revisions"}],"wp:featuredmedia":[{"embeddable":true,"href":"https:\/\/www.europesays.com\/fr\/wp-json\/wp\/v2\/media\/263286"}],"wp:attachment":[{"href":"https:\/\/www.europesays.com\/fr\/wp-json\/wp\/v2\/media?parent=341832"}],"wp:term":[{"taxonomy":"category","embeddable":true,"href":"https:\/\/www.europesays.com\/fr\/wp-json\/wp\/v2\/categories?post=341832"},{"taxonomy":"post_tag","embeddable":true,"href":"https:\/\/www.europesays.com\/fr\/wp-json\/wp\/v2\/tags?post=341832"}],"curies":[{"name":"wp","href":"https:\/\/api.w.org\/{rel}","templated":true}]}}