{"id":341873,"date":"2025-08-25T02:38:09","date_gmt":"2025-08-25T02:38:09","guid":{"rendered":"https:\/\/www.europesays.com\/fr\/341873\/"},"modified":"2025-08-25T02:38:09","modified_gmt":"2025-08-25T02:38:09","slug":"le-paris-fc-prepare-huit-transferts-de-derniere-minute","status":"publish","type":"post","link":"https:\/\/www.europesays.com\/fr\/341873\/","title":{"rendered":"Le Paris FC pr\u00e9pare huit transferts de derni\u00e8re minute !"},"content":{"rendered":"<p class=\"heading\">Alors que le mercato estival va fermer ses portes le 1er septembre \u00e0 20 heures, le Paris FC compterait officialiser huit nouveaux transferts. En effet, le club pr\u00e9sid\u00e9 par Pierre Ferracci souhaiterait boucler trois arriv\u00e9es (un lat\u00e9ral droit, un milieu de terrain et un buteur) et cinq d\u00e9parts (Mathys Tourraine, Yoan Kor\u00e9, Tuomas Ollila, Nouha Dicko et Lohann Doucet) d&rsquo;ici la fin du march\u00e9. <\/p>\n<p>Promu en<strong> Ligue 1<\/strong>, le <strong>Paris FC <\/strong>a manqu\u00e9 ses d\u00e9buts dans l&rsquo;\u00e9lite. En effet, le club emmen\u00e9 par <a href=\"https:\/\/le10sport.com\/football\/ligue2\/paris-fc\/le-paris-fc-annonce-un-attaquant-de-tres-haut-niveau-755425\" rel=\"nofollow noopener\" target=\"_blank\">St\u00e9phane Gilli<\/a> a perdu ses deux premiers matchs en championnat cette saison (1-0 contre Angers et 5-2 face \u00e0 l&rsquo;OM). <\/p>\n<p>                                            Le PFC veut recruter un lat\u00e9ral, un milieu et un buteur<\/p>\n<p>Pour se relancer en <strong>Ligue 1<\/strong>, le <strong>Paris FC<\/strong> aurait pr\u00e9vu de boucler huit transferts au total avant la fin de ce mercato estival, programm\u00e9e le 1er septembre \u00e0 20 heures. D&rsquo;apr\u00e8s Le Parisien, le club pr\u00e9sid\u00e9 par <strong>Pierre Ferracci<\/strong> compterait s&rsquo;offrir trois nouveaux renforts et se s\u00e9parer de cinq joueurs de son effectif. <\/p>\n<p>                                            Le Paris FC compte boucler cinq d\u00e9parts<\/p>\n<p>Selon Le Parisien, le <strong>Paris FC<\/strong> aimerait recruter \u00e0 la fois un lat\u00e9ral droit, un milieu capable de mettre de l\u2019impact et un buteur d&rsquo;ici la fin du march\u00e9. En parall\u00e8le, le <strong>PFC<\/strong> aurait pr\u00e9vu de boucler les d\u00e9parts de <strong>Mathys Tourraine, Yoan Kor\u00e9, Tuomas Ollila, <\/strong>voire de <strong>Nouha Dicko<\/strong>. De surcroit, la famille <strong>Arnault<\/strong> pourrait pr\u00eater <strong>Lohann Doucet<\/strong>. Affaire \u00e0 suivre&#8230; <\/p>\n","protected":false},"excerpt":{"rendered":"Alors que le mercato estival va fermer ses portes le 1er septembre \u00e0 20 heures, le Paris FC&hellip;\n","protected":false},"author":2,"featured_media":341874,"comment_status":"","ping_status":"","sticky":false,"template":"","format":"standard","meta":{"footnotes":""},"categories":[1410],"tags":[63,1011,27,60],"class_list":{"0":"post-341873","1":"post","2":"type-post","3":"status-publish","4":"format-standard","5":"has-post-thumbnail","7":"category-football","8":"tag-football","9":"tag-fr","10":"tag-france","11":"tag-sports"},"share_on_mastodon":{"url":"https:\/\/pubeurope.com\/@fr\/115087088433104007","error":""},"_links":{"self":[{"href":"https:\/\/www.europesays.com\/fr\/wp-json\/wp\/v2\/posts\/341873","targetHints":{"allow":["GET"]}}],"collection":[{"href":"https:\/\/www.europesays.com\/fr\/wp-json\/wp\/v2\/posts"}],"about":[{"href":"https:\/\/www.europesays.com\/fr\/wp-json\/wp\/v2\/types\/post"}],"author":[{"embeddable":true,"href":"https:\/\/www.europesays.com\/fr\/wp-json\/wp\/v2\/users\/2"}],"replies":[{"embeddable":true,"href":"https:\/\/www.europesays.com\/fr\/wp-json\/wp\/v2\/comments?post=341873"}],"version-history":[{"count":0,"href":"https:\/\/www.europesays.com\/fr\/wp-json\/wp\/v2\/posts\/341873\/revisions"}],"wp:featuredmedia":[{"embeddable":true,"href":"https:\/\/www.europesays.com\/fr\/wp-json\/wp\/v2\/media\/341874"}],"wp:attachment":[{"href":"https:\/\/www.europesays.com\/fr\/wp-json\/wp\/v2\/media?parent=341873"}],"wp:term":[{"taxonomy":"category","embeddable":true,"href":"https:\/\/www.europesays.com\/fr\/wp-json\/wp\/v2\/categories?post=341873"},{"taxonomy":"post_tag","embeddable":true,"href":"https:\/\/www.europesays.com\/fr\/wp-json\/wp\/v2\/tags?post=341873"}],"curies":[{"name":"wp","href":"https:\/\/api.w.org\/{rel}","templated":true}]}}