{"id":341875,"date":"2025-08-25T02:39:09","date_gmt":"2025-08-25T02:39:09","guid":{"rendered":"https:\/\/www.europesays.com\/fr\/341875\/"},"modified":"2025-08-25T02:39:09","modified_gmt":"2025-08-25T02:39:09","slug":"alors-quils-terminent-leur-ete-au-chateau-de-balmoral-kate-et-william-veulent-a-tout-prix-eviter-ce-membre-du-clan-royal-lui-aussi-present-sur-place","status":"publish","type":"post","link":"https:\/\/www.europesays.com\/fr\/341875\/","title":{"rendered":"Alors qu&rsquo;ils terminent leur \u00e9t\u00e9 au ch\u00e2teau de Balmoral, Kate et William veulent \u00e0 tout prix \u00e9viter ce membre du clan royal lui-aussi pr\u00e9sent sur place"},"content":{"rendered":"<p>La suite apr\u00e8s la publicit\u00e9<\/p>\n<p>Depuis plusieurs d\u00e9cennies, Balmoral est synonyme de <strong>retrouvailles familiales pour les Windsor<\/strong>. Cette ann\u00e9e encore, le roi <a href=\"https:\/\/www.purepeople.com\/people\/roi-charles-iii_p1519\" rel=\"nofollow noopener\" target=\"_blank\">Charles III <\/a>et son \u00e9pouse, la <a href=\"https:\/\/www.purepeople.com\/people\/reine-camilla_p1546\" rel=\"nofollow noopener\" target=\"_blank\">reine Camilla<\/a>, ont pris leurs quartiers d\u2019\u00e9t\u00e9 dans la r\u00e9sidence \u00e9cossaise. Le reste de la famille s\u2019y rend tour \u00e0 tour, \u00e0 commencer par le <a href=\"https:\/\/www.purepeople.com\/people\/prince-william_p606\" rel=\"nofollow noopener\" target=\"_blank\">prince William<\/a>, <a href=\"https:\/\/www.purepeople.com\/people\/kate-middleton_p607\" rel=\"nofollow noopener\" target=\"_blank\">Kate Middleton<\/a> et leurs trois enfants <a href=\"https:\/\/www.purepeople.com\/people\/prince-george-de-galles_p544594\" rel=\"nofollow noopener\" target=\"_blank\">George<\/a> (12 ans), <a href=\"https:\/\/www.purepeople.com\/people\/princesse-charlotte-de-galles_p544595\" rel=\"nofollow noopener\" target=\"_blank\">Charlotte<\/a> (10 ans) et <a href=\"https:\/\/www.purepeople.com\/people\/prince-louis-de-galles_p555006\" rel=\"nofollow noopener\" target=\"_blank\">Louis<\/a> (7 ans). Pourtant, derri\u00e8re les murs du ch\u00e2teau, l\u2019ambiance est loin d\u2019\u00eatre toujours d\u00e9tendue.<\/p>\n<p>Des vacances familiales sous haute organisation \u00e0 Balmoral<\/p>\n<p>Selon The Mirror, le <a href=\"https:\/\/www.purepeople.com\/people\/prince-andrew-d-york_p553051\" rel=\"nofollow noopener\" target=\"_blank\">prince Andrew<\/a>, <a href=\"https:\/\/www.purepeople.com\/article\/4-jours-a-vivre-virginia-giuffre-lune-des-accusatrices-du-prince-andrew-dans-laffaire-jeffrey-epstein-percutee-par-un-bus_a536418\/1\" rel=\"nofollow noopener\" target=\"_blank\">accus\u00e9 d&rsquo;abus sexuels<\/a>, s\u00e9journe lui aussi sur le domaine, accompagn\u00e9 de son ex-\u00e9pouse <a href=\"https:\/\/www.purepeople.com\/people\/sarah-ferguson_p1215\" rel=\"nofollow noopener\" target=\"_blank\">Sarah Ferguson<\/a>. Tous deux seraient install\u00e9s au <strong>Craigowan Lodge<\/strong>, une b\u00e2tisse de sept chambres situ\u00e9e \u00e0 distance du ch\u00e2teau principal. Une pr\u00e9sence qui n\u2019a rien d\u2019exceptionnel selon Jennie Bond, ancienne correspondante royale de la BBC : \u00ab\u00a0Les vacances d\u2019\u00e9t\u00e9 \u00e0 Balmoral sont avant tout un moment priv\u00e9 pour la famille royale. (\u2026) Les membres de la famille peuvent aller et venir presque inaper\u00e7us\u00a0\u00bb, a-t-elle rappel\u00e9 au quotidien britannique.<\/p>\n<p>Pourtant, malgr\u00e9 cette normalit\u00e9 apparente, tout est pens\u00e9 pour \u00e9viter <strong>les rencontres g\u00eanantes<\/strong>. <a href=\"https:\/\/www.purepeople.com\/article\/kate-et-william-reconcilies-avec-le-prince-andrew-un-rare-rapprochement-fait-polemique-le-couple-critique_a513222\/1\" rel=\"nofollow noopener\" target=\"_blank\">Si Andrew et William se croisent peu, ce n\u2019est pas le fruit du hasard.<\/a><\/p>\n<p>Kate et William ne veulent pas croiser le prince Andrew<\/p>\n<p>Les relations entre le duc d\u2019York et le couple h\u00e9ritier sont en effet d\u00e9crites comme \u00ab\u00a0<strong>extr\u00eamement tendues<\/strong>\u00ab\u00a0. Apr\u00e8s les multiples scandales qui ont entach\u00e9 la r\u00e9putation du fr\u00e8re du roi, Kate et William veillent \u00e0 garder leurs distances. D\u2019apr\u00e8s Jennie Bond, la coordination des s\u00e9jours est un rituel bien \u00e9tabli : \u00ab\u00a0Les visites sont soigneusement coordonn\u00e9es. Par exemple, lorsque Sarah Ferguson \u00e9tait invit\u00e9e par le pass\u00e9, le moment \u00e9tait d\u00e9lib\u00e9r\u00e9ment choisi pour \u00e9viter qu\u2019elle ne croise le prince Philip. De m\u00eame, je m\u2019attends \u00e0 ce que le s\u00e9jour d\u2019Andrew ne co\u00efncide pas avec celui de William et Catherine\u00a0\u00bb, explique-t-elle dans The Mirror.<\/p>\n<p>Un d\u00e9tail confirme cette volont\u00e9 de s\u00e9paration : le choix des h\u00e9bergements. Tandis que Charles III et Camilla s\u00e9journent souvent \u00e0 <strong>Birkhall<\/strong>, Andrew et Sarah Ferguson sont log\u00e9s dans un pavillon isol\u00e9, et William et Kate disposent de <strong>Tam-Na-Ghar<\/strong>, une maison plus discr\u00e8te, offerte au prince par la reine m\u00e8re. Un savant jeu d\u2019\u00e9quilibre qui illustre les tensions persistantes entre les diff\u00e9rents membres de la Couronne.<\/p>\n<p>Vers un nouveau chapitre pour les Galles<\/p>\n<p>\u00c0 leur retour d\u2019\u00c9cosse, le prince William et Kate Middleton tourneront d\u2019ailleurs une page importante de leur vie de famille.<a href=\"https:\/\/www.purepeople.com\/article\/exit-fort-belvedere-kate-et-william-devraient-finalement-emmenager-dans-un-tout-autre-manoir-qui-leur-correspond-mieux_a541487\/1\" rel=\"nofollow noopener\" target=\"_blank\"> Le couple quittera Adelaide Cottage<\/a> pour s\u2019installer dans une demeure plus vaste et plus isol\u00e9e : <a href=\"https:\/\/www.purepeople.com\/article\/immersion-a-forest-lodge-la-nouvelle-maison-de-kate-et-william-qui-a-subi-des-renovations-pour-plus-dun-million-deuros_a541600\/1\" rel=\"nofollow noopener\" target=\"_blank\">Forest Lodge<\/a>, situ\u00e9e sur le domaine de Windsor. D\u00e9crite par les proches du couple comme leur \u00ab\u00a0<strong>forever home<\/strong>\u00ab\u00a0, cette r\u00e9sidence incarne le nouveau d\u00e9part des futurs souverains.<\/p>\n<p>Depuis leurs d\u00e9buts \u00e0 Anglesey jusqu\u2019\u00e0 leurs s\u00e9jours \u00e0 Anmer Hall ou Kensington Palace, les tourtereaux ont toujours privil\u00e9gi\u00e9 des foyers m\u00ealant intimit\u00e9 et s\u00e9r\u00e9nit\u00e9. Forest Lodge devrait r\u00e9pondre \u00e0 ces deux exigences, loin du tumulte m\u00e9diatique et des tensions familiales. \u00c0 <a href=\"https:\/\/www.purepeople.com\/article\/que-sest-il-passe-normalement-ouvert-au-public-le-chateau-de-balmoral-residence-royale-britannique-a-ferme-ses-portes_a541141\/1\" rel=\"nofollow noopener\" target=\"_blank\">Balmoral <\/a>comme ailleurs, les Galles tracent donc leur propre chemin, entre respect des traditions royales et volont\u00e9 d\u2019assurer une vie paisible \u00e0 leurs enfants. Une \u00e9quation d\u00e9licate, mais essentielle pour pr\u00e9parer<strong> leur futur r\u00f4le de roi et reine consort<\/strong>.<\/p>\n","protected":false},"excerpt":{"rendered":"La suite apr\u00e8s la publicit\u00e9 Depuis plusieurs d\u00e9cennies, Balmoral est synonyme de retrouvailles familiales pour les Windsor. Cette&hellip;\n","protected":false},"author":2,"featured_media":341876,"comment_status":"","ping_status":"","sticky":false,"template":"","format":"standard","meta":{"footnotes":""},"categories":[1359],"tags":[58,59,1011,27,973],"class_list":{"0":"post-341875","1":"post","2":"type-post","3":"status-publish","4":"format-standard","5":"has-post-thumbnail","7":"category-people","8":"tag-divertissement","9":"tag-entertainment","10":"tag-fr","11":"tag-france","12":"tag-people"},"share_on_mastodon":{"url":"https:\/\/pubeurope.com\/@fr\/115087092156318563","error":""},"_links":{"self":[{"href":"https:\/\/www.europesays.com\/fr\/wp-json\/wp\/v2\/posts\/341875","targetHints":{"allow":["GET"]}}],"collection":[{"href":"https:\/\/www.europesays.com\/fr\/wp-json\/wp\/v2\/posts"}],"about":[{"href":"https:\/\/www.europesays.com\/fr\/wp-json\/wp\/v2\/types\/post"}],"author":[{"embeddable":true,"href":"https:\/\/www.europesays.com\/fr\/wp-json\/wp\/v2\/users\/2"}],"replies":[{"embeddable":true,"href":"https:\/\/www.europesays.com\/fr\/wp-json\/wp\/v2\/comments?post=341875"}],"version-history":[{"count":0,"href":"https:\/\/www.europesays.com\/fr\/wp-json\/wp\/v2\/posts\/341875\/revisions"}],"wp:featuredmedia":[{"embeddable":true,"href":"https:\/\/www.europesays.com\/fr\/wp-json\/wp\/v2\/media\/341876"}],"wp:attachment":[{"href":"https:\/\/www.europesays.com\/fr\/wp-json\/wp\/v2\/media?parent=341875"}],"wp:term":[{"taxonomy":"category","embeddable":true,"href":"https:\/\/www.europesays.com\/fr\/wp-json\/wp\/v2\/categories?post=341875"},{"taxonomy":"post_tag","embeddable":true,"href":"https:\/\/www.europesays.com\/fr\/wp-json\/wp\/v2\/tags?post=341875"}],"curies":[{"name":"wp","href":"https:\/\/api.w.org\/{rel}","templated":true}]}}