{"id":341881,"date":"2025-08-25T02:42:14","date_gmt":"2025-08-25T02:42:14","guid":{"rendered":"https:\/\/www.europesays.com\/fr\/341881\/"},"modified":"2025-08-25T02:42:14","modified_gmt":"2025-08-25T02:42:14","slug":"olivier-truchot-absent-pour-la-rentree-il","status":"publish","type":"post","link":"https:\/\/www.europesays.com\/fr\/341881\/","title":{"rendered":"Olivier Truchot absent pour la rentr\u00e9e, il &#8230;"},"content":{"rendered":"<p>EN BREF<\/p>\n<ul class=\"bloc_resume_post_list\">\n<li>Olivier Truchot \u00e9tait cens\u00e9 revenir de vacances le 25<br \/>\nao\u00fbt.<\/li>\n<li>Sur X, il a annonc\u00e9 qu\u2019il ne serait pas de retour dans<br \/>\nles Grandes Gueules \u00e0 la date pr\u00e9vue.<\/li>\n<li>Il \u00e9voque des raisons personnelles.<\/li>\n<\/ul>\n<p>L\u2019\u00e9t\u00e9, la grille des programmes est totalement modifi\u00e9e et de<br \/>\nnombreuses. Comme tout un chacun, les journalistes et toutes les<br \/>\npersonnes qui travaillent sur les \u00e9missions partent en vacances.<br \/>\nPendant plusieurs semaines, \u201cLes Grandes Gueules\u201d, comme beaucoup<br \/>\nd\u2019autres \u00e9missions radio ou t\u00e9l\u00e9, ont \u00e9mis des best-of, du moins<br \/>\nsur les ondes.<\/p>\n<p>La pause estivale n\u2019aura \u00e9t\u00e9 que de courte dur\u00e9e puisque le 11<br \/>\nao\u00fbt, Alain Marshall a fait son grand retour dans l\u2019\u00e9mission. Mais<br \/>\nl\u2019\u00e9quipe n\u2019\u00e9tait pas au complet, puisque <a href=\"https:\/\/www.telestar.fr\/actu-tv\/alain-marschall-et-olivier-truchot-on-a-toujours-fait-du-direct-654831\" target=\"_blank\" rel=\"noopener\"><br \/>\nson acolyte, Olivier Truchot<\/a>, s\u2019est accord\u00e9 quelques jours de<br \/>\nvacances suppl\u00e9mentaires. Alors qu\u2019il devait revenir sur les ondes<br \/>\net \u00e0 l\u2019antenne le 25 ao\u00fbt, il vient d\u2019annoncer que sa rentr\u00e9e sera<br \/>\nd\u00e9cal\u00e9e.<\/p>\n<p>Les Grandes Gueules : quand Olivier Truchot sera-t-il de retour<br \/>\n?<\/p>\n<p>C\u2019est donc une rentr\u00e9e en plusieurs temps <a href=\"https:\/\/www.telestar.fr\/actu_tv\/me-faire-insulter-une-grande-gueule-outree-par-la-venue-de-jean-luc-melenchon-1727925\" target=\"_blank\" rel=\"noopener\"><br \/>\npour les Grandes Gueules<\/a>. Contrairement \u00e0 ce qui \u00e9tait pr\u00e9vu,<br \/>\n<a href=\"https:\/\/www.telestar.fr\/actu-tv\/autres-emissions\/olivier-truchot-papa-d-une-famille-nombreuse-on-est-un-peu-secoues-ses-confidences-sur-ses-enfants-813499\" target=\"_blank\" rel=\"noopener\"><br \/>\nl\u00a0\u00bbanimateur Olivier Truchot<\/a> ne prendra pas <a href=\"https:\/\/www.telestar.fr\/actu_tv\/les-grandes-gueules-le-debat-degenere-alain-marshall-a-deux-doigts-de-faire-sortir-un-chroniqueur-1678475\" target=\"_blank\" rel=\"noopener\"><br \/>\npart au d\u00e9bat<\/a> du 25 ao\u00fbt. C\u2019est via son compte X qu\u2019il a fait<br \/>\npart de la nouvelle : \u201c<strong>En raison d\u2019un contretemps<br \/>\npersonnel de fin de vacances, rentr\u00e9e d\u00e9cal\u00e9e \u00e0 jeudi. H\u00e2te de<br \/>\nd\u00e9marrer cette nouvelle saison des GG et de retrouver mon comp\u00e8re<br \/>\ndans #MarschallTruchot sur BFMTV. \u00c0 jeudi !<\/strong>\u201d<\/p>\n<p>Un message plut\u00f4t myst\u00e9rieux qui lui aura valu des commentaires<br \/>\nn\u00e9gatifs comme positifs. Certains attendent son retour avec<br \/>\nimpatience : \u201cRien de grave j\u2019esp\u00e8re. H\u00e2te de tous vous<br \/>\n<a href=\"https:\/\/www.telestar.fr\/actu_tv\/on-arrete-le-debut-derape-totalement-dans-les-grandes-gueules-charles-consigny-vise-apres-un-commentaire-fou-1728477\" target=\"_blank\" rel=\"noopener\"><br \/>\nretrouver dans les GG<\/a>\u201d, et d\u2019autres sont plus sarcastiques<br \/>\n: \u201cPas tr\u00e8s s\u00e9rieux tout \u00e7a\u00a0 !Cela ne vous emp\u00eachera<br \/>\ns\u00fbrement pas par la suite de taper sur les personnes qui seraient<br \/>\ndes faignasses ou au ch\u00f4mage, en gr\u00e8ve ou en arr\u00eat-maladie<br \/>\n!\u201d.<\/p>\n<p>Les Grandes Gueules : une figure<br \/>\nembl\u00e9matique quitte le programme<\/p>\n<p>Les fans de l\u2019\u00e9mission devront donc attendre le 28 ao\u00fbt pour<br \/>\nvoir l\u2019\u00e9quipe au complet. En attendant, les Grandes Gueules seront<br \/>\ntout de m\u00eame diffus\u00e9es, comme c\u2019\u00e9tait le cas depuis le 11 ao\u00fbt.<\/p>\n<p>Cependant, l\u2019\u00e9quipe ne sera plus tout \u00e0 fait la m\u00eame. En effet,<br \/>\n<a href=\"https:\/\/www.telestar.fr\/actu_tv\/les-grandes-gueules-suite-aux-propos-inacceptables-alain-marschall-annonce-en-direct-leviction-dun-chroniqueur-phare-1688483\" target=\"_blank\" rel=\"noopener\"><br \/>\nune figure embl\u00e9matique a annonc\u00e9\u00a0 son d\u00e9part<\/a> du<br \/>\nprogramme. Il s\u2019agit de l\u2019\u00e9crivain \u00c9tienne Liebig, qui a fait part<br \/>\nde la nouvelle via son compte X : \u201cJe quitte la belle aventure<br \/>\ndes GG, merci \u00e0 Alain et Olivier et merci \u00e0 toutes les \u00e9quipes et \u00e0<br \/>\ntoutes les GG ! Merci surtout aux auditeurs qui m&rsquo;ont soutenu ou<br \/>\nnon. \u00c7a a \u00e9t\u00e9 une exp\u00e9rience inesp\u00e9r\u00e9e et enrichissante pour moi.<br \/>\nPresque 16 ans de d\u00e9bats et de bonne humeur !\u00a0\u00bb<\/p>\n","protected":false},"excerpt":{"rendered":"EN BREF Olivier Truchot \u00e9tait cens\u00e9 revenir de vacances le 25 ao\u00fbt. Sur X, il a annonc\u00e9 qu\u2019il&hellip;\n","protected":false},"author":2,"featured_media":341882,"comment_status":"","ping_status":"","sticky":false,"template":"","format":"standard","meta":{"footnotes":""},"categories":[1356],"tags":[548,58,59,1011,27,21142,252,1364],"class_list":{"0":"post-341881","1":"post","2":"type-post","3":"status-publish","4":"format-standard","5":"has-post-thumbnail","7":"category-television","8":"tag-article-simple","9":"tag-divertissement","10":"tag-entertainment","11":"tag-fr","12":"tag-france","13":"tag-les-grandes-gueules","14":"tag-television","15":"tag-tv"},"share_on_mastodon":{"url":"https:\/\/pubeurope.com\/@fr\/115087104037009196","error":""},"_links":{"self":[{"href":"https:\/\/www.europesays.com\/fr\/wp-json\/wp\/v2\/posts\/341881","targetHints":{"allow":["GET"]}}],"collection":[{"href":"https:\/\/www.europesays.com\/fr\/wp-json\/wp\/v2\/posts"}],"about":[{"href":"https:\/\/www.europesays.com\/fr\/wp-json\/wp\/v2\/types\/post"}],"author":[{"embeddable":true,"href":"https:\/\/www.europesays.com\/fr\/wp-json\/wp\/v2\/users\/2"}],"replies":[{"embeddable":true,"href":"https:\/\/www.europesays.com\/fr\/wp-json\/wp\/v2\/comments?post=341881"}],"version-history":[{"count":0,"href":"https:\/\/www.europesays.com\/fr\/wp-json\/wp\/v2\/posts\/341881\/revisions"}],"wp:featuredmedia":[{"embeddable":true,"href":"https:\/\/www.europesays.com\/fr\/wp-json\/wp\/v2\/media\/341882"}],"wp:attachment":[{"href":"https:\/\/www.europesays.com\/fr\/wp-json\/wp\/v2\/media?parent=341881"}],"wp:term":[{"taxonomy":"category","embeddable":true,"href":"https:\/\/www.europesays.com\/fr\/wp-json\/wp\/v2\/categories?post=341881"},{"taxonomy":"post_tag","embeddable":true,"href":"https:\/\/www.europesays.com\/fr\/wp-json\/wp\/v2\/tags?post=341881"}],"curies":[{"name":"wp","href":"https:\/\/api.w.org\/{rel}","templated":true}]}}