{"id":341901,"date":"2025-08-25T02:55:10","date_gmt":"2025-08-25T02:55:10","guid":{"rendered":"https:\/\/www.europesays.com\/fr\/341901\/"},"modified":"2025-08-25T02:55:10","modified_gmt":"2025-08-25T02:55:10","slug":"aix-en-provence-mines-saint-etienne-pose-la-premiere-pierre-du-batiment-spot","status":"publish","type":"post","link":"https:\/\/www.europesays.com\/fr\/341901\/","title":{"rendered":"AIX EN PROVENCE : Mines Saint Etienne pose la premi\u00e8re pierre du b\u00e2timent SPOT"},"content":{"rendered":"<p><b>C\u2019est un lieu de synergie formation-recherche-entreprises qui voit le jour avec le projet SPOT (Students &amp; Partners Open Transfert), sur le Campus Aix-Marseille-Provence de l\u2019\u00c9cole des Mines de Saint-Etienne.<\/b><\/p>\n<p style=\"font-weight: 400\">Le projet SPOT vise \u00e0 transformer l\u2019ancienne cantine universitaire en un hub de formation, d\u2019exp\u00e9rimentation, d\u2019accompagnement d\u2019entreprises et de culture scientifique dans lequel se croiseront \u00e9tudiants, apprenants, entreprises, partenaires institutionnels, scolaires et grand public.<\/p>\n<p style=\"font-weight: 400\"><strong>Pour Marie Bresiski, responsable des relations industrielles et de l\u2019entrepreneuriat :<\/strong>\u00a0\u00ab SPOT vise \u00e0 renforcer la visibilit\u00e9 du campus en introduisant de nouveaux usages, des outils innovants pour l\u2019enseignement et l\u2019industrie, et en accueillant des \u00e9v\u00e9nements importants. Ce projet, \u00e0 la fois f\u00e9d\u00e9rateur et strat\u00e9gique, permet de mieux int\u00e9grer le campus dans la dynamique locale. Pens\u00e9 comme un lieu d\u2019innovation ouverte, SPOT a pour ambition de renforcer les liens entre l\u2019enseignement sup\u00e9rieur, la recherche et les acteurs \u00e9conomiques du territoire \u00bb.<\/p>\n<p style=\"font-weight: 400\">Le projet est financ\u00e9 \u00e0 hauteur de pr\u00e8s de 3 millions d\u2019\u20ac, dans le cadre du Contrat de Plan \u00c9tat-R\u00e9gion 2021\u20132027, par le minist\u00e8re de l\u2019\u00c9conomie, des Finances et de la Souverainet\u00e9 industrielle et num\u00e9rique, la R\u00e9gion Sud \u2013 Provence-Alpes-C\u00f4te d\u2019Azur, le D\u00e9partement des Bouches-du-Rh\u00f4ne et la M\u00e9tropole Aix-Marseille-Provence.<\/p>\n<p style=\"font-weight: 400\"><strong>Espace collaboratif<\/strong><\/p>\n<p style=\"font-weight: 400\">D\u2019une surface de 1.200 m2, le b\u00e2timent SPOT accueillera notamment la programmation de La Rotonde sur le campus Aix-Marseille-Provence, la r\u00e9sidence de l\u2019IOT-Center (partie de l\u2019e-DIH Europ\u00e9en Move2Digital) et de la \u00ab salle grise p\u00e9dagogique \u00bb (partie du projet Comp\u00e9tences et M\u00e9tiers d\u2019Avenir I-novmicro#2) pour la formation d\u2019op\u00e9rateurs en micro\u00e9lectronique en partenariat avec le Centre de Formation des Apprentis de l\u2019Industrie de Provence. Il regroupera les associations \u00e9tudiantes en lien avec les entreprises, la robotique et la culture scientifique et ambitionne la labellisation \u00ab lieu d\u2019acculturation \u00e0 l\u2019IA \u00bb du plan r\u00e9gional SUD-IA. Au croisement d\u2019initiatives structurantes de la R\u00e9gion Sud et du territoire m\u00e9tropolitain, ce projet constituera la vitrine du campus Aix-Marseille-Provence et un point de ralliement pour ses usagers et ses partenaires.<\/p>\n<p style=\"font-weight: 400\"><strong>Accompagner le d\u00e9veloppement \u00e9conomique dans la r\u00e9gion Sud<\/strong><\/p>\n<p style=\"font-weight: 400\">SPOT vise \u00e0 consolider les synergies entre les activit\u00e9s de formation et de recherche de Mines Saint-Etienne et les acteurs \u00e9conomiques du territoire. L\u2019\u00e9cole dispose d\u00e9j\u00e0 d\u2019espaces qui permettent aux entreprises de concevoir et tester des prototypes en micro\u00e9lectronique, robotique, objets connect\u00e9s ou syst\u00e8mes embarqu\u00e9s. Elle h\u00e9berge \u00e9galement l\u2019incubateur technologique TEAM de Mines Saint-\u00c9tienne qui accompagne depuis 2004 les jeunes start-ups \u00e0 fort contenu technologique. Avec 80 start-ups accompagn\u00e9es, un taux de survie de 80 % \u00e0 5 ans, et jusqu\u2019\u00e0 3 M\u20ac lev\u00e9s par an, TEAM contribue activement au dynamisme \u00e9conomique local. La pr\u00e9sence d\u2019une grande \u00e9cole d\u2019ing\u00e9nieurs dans la M\u00e9tropole Aix-Marseille-Provence favorise enfin l\u2019attractivit\u00e9 du Territoire aupr\u00e8s des jeunes talents : 95 % des \u00e9tudiants qui int\u00e8grent l\u2019\u00c9tablissement viennent d\u2019une autre r\u00e9gion alors que plus de 20 % des dipl\u00f4m\u00e9s s\u2019installent et travaillent dans la r\u00e9gion apr\u00e8s leurs \u00e9tudes.<\/p>\n<p style=\"font-weight: 400\"><strong>Photo DR.<\/strong><\/p>\n<p>\u00a0<\/p>\n","protected":false},"excerpt":{"rendered":"C\u2019est un lieu de synergie formation-recherche-entreprises qui voit le jour avec le projet SPOT (Students &amp; Partners Open&hellip;\n","protected":false},"author":2,"featured_media":341902,"comment_status":"","ping_status":"","sticky":false,"template":"","format":"standard","meta":{"footnotes":""},"categories":[9653],"tags":[1111,11,2430,1777,674,1011,27,12,25,4001],"class_list":{"0":"post-341901","1":"post","2":"type-post","3":"status-publish","4":"format-standard","5":"has-post-thumbnail","7":"category-saint-etienne","8":"tag-actu","9":"tag-actualites","10":"tag-auvergne-rhone-alpes","11":"tag-eu","12":"tag-europe","13":"tag-fr","14":"tag-france","15":"tag-news","16":"tag-republique-francaise","17":"tag-saint-etienne"},"share_on_mastodon":{"url":"https:\/\/pubeurope.com\/@fr\/115087155062590083","error":""},"_links":{"self":[{"href":"https:\/\/www.europesays.com\/fr\/wp-json\/wp\/v2\/posts\/341901","targetHints":{"allow":["GET"]}}],"collection":[{"href":"https:\/\/www.europesays.com\/fr\/wp-json\/wp\/v2\/posts"}],"about":[{"href":"https:\/\/www.europesays.com\/fr\/wp-json\/wp\/v2\/types\/post"}],"author":[{"embeddable":true,"href":"https:\/\/www.europesays.com\/fr\/wp-json\/wp\/v2\/users\/2"}],"replies":[{"embeddable":true,"href":"https:\/\/www.europesays.com\/fr\/wp-json\/wp\/v2\/comments?post=341901"}],"version-history":[{"count":0,"href":"https:\/\/www.europesays.com\/fr\/wp-json\/wp\/v2\/posts\/341901\/revisions"}],"wp:featuredmedia":[{"embeddable":true,"href":"https:\/\/www.europesays.com\/fr\/wp-json\/wp\/v2\/media\/341902"}],"wp:attachment":[{"href":"https:\/\/www.europesays.com\/fr\/wp-json\/wp\/v2\/media?parent=341901"}],"wp:term":[{"taxonomy":"category","embeddable":true,"href":"https:\/\/www.europesays.com\/fr\/wp-json\/wp\/v2\/categories?post=341901"},{"taxonomy":"post_tag","embeddable":true,"href":"https:\/\/www.europesays.com\/fr\/wp-json\/wp\/v2\/tags?post=341901"}],"curies":[{"name":"wp","href":"https:\/\/api.w.org\/{rel}","templated":true}]}}