{"id":341903,"date":"2025-08-25T03:01:10","date_gmt":"2025-08-25T03:01:10","guid":{"rendered":"https:\/\/www.europesays.com\/fr\/341903\/"},"modified":"2025-08-25T03:01:10","modified_gmt":"2025-08-25T03:01:10","slug":"le-tricot-cest-colore-et-fun-cest-dans-lair-du-temps-de-la-slow-fashion-a-toulon-le-crochet-de-meme-redevient-tendance","status":"publish","type":"post","link":"https:\/\/www.europesays.com\/fr\/341903\/","title":{"rendered":"\u00ab\u00a0Le tricot, c\u2019est color\u00e9 et fun, c\u2019est dans l\u2019air du temps de la slow fashion\u00a0\u00bb: \u00e0 Toulon, le crochet de m\u00e9m\u00e9 redevient tendance"},"content":{"rendered":"<p>Des bobines multicolores et des aiguilles \u00e0 tricoter sont \u00e9tal\u00e9es sur une table de l\u2019aire de pique-nique des plages du Mourillon \u00e0 Toulon. \u00c0 l\u2019ombre des toiles tendues au-dessus de leurs t\u00eates et rafra\u00eechies part une brise marine, une dizaine de participantes se sont inscrites \u00e0 un atelier cr\u00e9atif autour du crochet. Parmi elles, Soline, 13 ans, est fi\u00e8re de porter un top jaune qu\u2019elle a elle-m\u00eame fabriqu\u00e9 de ses mains. \u00ab\u00a0\u00c7a ne pique pas!\u00a0\u00bb, pr\u00e9cise-t-elle. La jeune fille a d\u00e9but\u00e9 le crochet il y a un an. Et depuis, elle ne s\u2019arr\u00eate plus: \u00ab\u00a0J&rsquo;ai d\u00e9j\u00e0 fait un tee-shirt et aussi deux peluches: un lapin pour moi et un autre lapin pour mon cousin.\u00a0\u00bb<\/p>\n<p>\u00ab\u00a0Ce sont ses grands-parents qui lui ont montr\u00e9 le premier point de crochet. Et depuis, elle a appris seule, sans tutoriel. Le fait de faire soi-m\u00eame, \u00e7a lui pla\u00eet\u00a0\u00bb, explique sa maman Violaine. \u00c0 ses c\u00f4t\u00e9s, son amie Carla, onze ans, t\u00e9moigne: \u00ab\u00a0J&rsquo;aime bien le crochet, c&rsquo;est la premi\u00e8re fois. Des amies m&rsquo;en ont parl\u00e9. J&rsquo;apprends \u00e0 faire les crochets et les mailles. C&rsquo;est assez compliqu\u00e9 mais j&rsquo;y arrive quand m\u00eame.\u00a0\u00bb<\/p>\n<p>Une passion interg\u00e9n\u00e9rationnelle<\/p>\n<p>Pour progresser, les adolescentes se sont inscrites aux ateliers cr\u00e9atifs de Jennifer Poiret, une passionn\u00e9e de crochet qui a d\u00e9cid\u00e9 d\u2019en faire son m\u00e9tier en cr\u00e9ant \u00ab\u00a0Irisistible Crochet\u00a0\u00bb (1): \u00ab\u00a0Vous me faites six mailles serr\u00e9es en X \u00e0 l&rsquo;int\u00e9rieur de votre cercle magique. Et n\u2019oubliez pas, la maille serr\u00e9e c&rsquo;est soit un X soit un V\u00a0\u00bb. Peluches, licornes, porte-cl\u00e9s en forme de c\u0153ur ou de smiley, la cr\u00e9ativit\u00e9 des participantes est sans limite.<\/p>\n<p>Si certaines mains ont d\u00e9j\u00e0 quelques mois ou ann\u00e9es de pratique, d\u2019autres apprennent les techniques de base. \u00ab\u00a0Ce n&rsquo;est pas facile mais \u00e7a nous donne envie de faire de jolies choses. Le but c\u2019est aussi de partager un moment toutes les deux\u00a0\u00bb, raconte Marion, 37 ans, m\u00e8re de quatre enfants et venue de Brignoles avec sa fille Ambre, 10 ans.<\/p>\n<p>\u00ab\u00a0Casser l\u2019image de truc vieillot\u00a0\u00bb<\/p>\n<p>\u00ab\u00a0On croch\u00e8te toujours de la droite vers la gauche\u00a0\u00bb, rappelle l\u2019animatrice, dispensant techniques et astuces aux participantes.<\/p>\n<p>Fran\u00e7oise, 66 ans, retrouve des gestes d\u2019antan. \u00ab\u00a0C\u2019est ma grand-m\u00e8re qui m\u2019avait montr\u00e9, il y a 60 ans! \u00c0 l\u2019\u00e9poque on faisait des carr\u00e9s, maintenant ils appellent \u00e7a des Granny Square\u00a0\u00bb, rembobine cette Toulonnaise, enchant\u00e9e de partager ces trois heures d\u2019atelier interg\u00e9n\u00e9rationnel. \u00ab\u00a0C\u2019est tr\u00e8s convivial, on se r\u00e9gale. Et dans un cadre magnifique en plus!\u00a0\u00bb<\/p>\n<p>\u00ab\u00a0J&rsquo;ai voulu faire un requin qui ressemblait \u00e0 une baleine et il faisait la tronche, rigole Christina, 28 ans, originaire de la r\u00e9gion parisienne et en vacances dans le Var. Je me suis donc inscrite pour me faire aider, c\u2019est mieux que des tutos sur Internet.\u00a0\u00bb Patience, dext\u00e9rit\u00e9, et pr\u00e9cision. Jennifer Poiret dispense de pr\u00e9cieux conseils pour la r\u00e9alisation des mailles serr\u00e9es.<\/p>\n<p>\u00ab\u00a0Le crochet, c\u2019est compl\u00e8tement dans l\u2019air du temps de la slow fashion et du mouvement do it yourself (faites-le vous-m\u00eame)\u00a0\u00bb, constate la jeune entrepreneuse, qui conclut: \u00ab\u00a0Je travaille pour casser cette image du truc vieillot qui pique et qu\u2019on ne met jamais. Non, le tricot, c\u2019est color\u00e9 et fun! Et je suis ravie de r\u00e9cr\u00e9er du lien entre les gens de tous \u00e2ges et de tous niveaux social confondus; le crochet, \u00e7a r\u00e9unit tout monde.\u00a0\u00bb<\/p>\n<p>1. \u00c0 retrouver sur le site Internet irisistiblecrochet.com; Facebook: Irisistible Crochet; Instagram @irisistiblecrochet; Tik Tok Irisistiblecrochet ou par t\u00e9l\u00e9phone au 06.42.90.94.41. Les ateliers ont lieu le mercredi de 14h \u00e0 17h, samedi de 9h \u00e0 14h ou \u00e0 domicile dans tout le d\u00e9partement. Tarif 35 euros l\u2019atelier cr\u00e9atif de trois heures.<\/p>\n<p>              <img ci-src=\"https:\/\/www.varmatin.com\/vie-locale\/protec\/DATA_ART_16125120-AlIaWWb6.jpg?vh=ea9be0&amp;ci_seal=f918317c93\" alt=\"\"\/><br \/>\n        Le crochet demande dext\u00e9rit\u00e9, technique et patience. Photo Camille Dodet <\/p>\n","protected":false},"excerpt":{"rendered":"Des bobines multicolores et des aiguilles \u00e0 tricoter sont \u00e9tal\u00e9es sur une table de l\u2019aire de pique-nique des&hellip;\n","protected":false},"author":2,"featured_media":341904,"comment_status":"","ping_status":"","sticky":false,"template":"","format":"standard","meta":{"footnotes":""},"categories":[9619],"tags":[1111,11,1777,674,1011,27,1393,12,882,25,2310,3366],"class_list":{"0":"post-341903","1":"post","2":"type-post","3":"status-publish","4":"format-standard","5":"has-post-thumbnail","7":"category-toulon","8":"tag-actu","9":"tag-actualites","10":"tag-eu","11":"tag-europe","12":"tag-fr","13":"tag-france","14":"tag-loisirs","15":"tag-news","16":"tag-provence-alpes-cote-dazur","17":"tag-republique-francaise","18":"tag-toulon","19":"tag-vie-locale"},"share_on_mastodon":{"url":"https:\/\/pubeurope.com\/@fr\/115087178652289100","error":""},"_links":{"self":[{"href":"https:\/\/www.europesays.com\/fr\/wp-json\/wp\/v2\/posts\/341903","targetHints":{"allow":["GET"]}}],"collection":[{"href":"https:\/\/www.europesays.com\/fr\/wp-json\/wp\/v2\/posts"}],"about":[{"href":"https:\/\/www.europesays.com\/fr\/wp-json\/wp\/v2\/types\/post"}],"author":[{"embeddable":true,"href":"https:\/\/www.europesays.com\/fr\/wp-json\/wp\/v2\/users\/2"}],"replies":[{"embeddable":true,"href":"https:\/\/www.europesays.com\/fr\/wp-json\/wp\/v2\/comments?post=341903"}],"version-history":[{"count":0,"href":"https:\/\/www.europesays.com\/fr\/wp-json\/wp\/v2\/posts\/341903\/revisions"}],"wp:featuredmedia":[{"embeddable":true,"href":"https:\/\/www.europesays.com\/fr\/wp-json\/wp\/v2\/media\/341904"}],"wp:attachment":[{"href":"https:\/\/www.europesays.com\/fr\/wp-json\/wp\/v2\/media?parent=341903"}],"wp:term":[{"taxonomy":"category","embeddable":true,"href":"https:\/\/www.europesays.com\/fr\/wp-json\/wp\/v2\/categories?post=341903"},{"taxonomy":"post_tag","embeddable":true,"href":"https:\/\/www.europesays.com\/fr\/wp-json\/wp\/v2\/tags?post=341903"}],"curies":[{"name":"wp","href":"https:\/\/api.w.org\/{rel}","templated":true}]}}