{"id":341905,"date":"2025-08-25T03:02:10","date_gmt":"2025-08-25T03:02:10","guid":{"rendered":"https:\/\/www.europesays.com\/fr\/341905\/"},"modified":"2025-08-25T03:02:10","modified_gmt":"2025-08-25T03:02:10","slug":"decouvrez-les-belles-ambitions-du-jeune-toulonnais-dylan-chantreau","status":"publish","type":"post","link":"https:\/\/www.europesays.com\/fr\/341905\/","title":{"rendered":"D\u00e9couvrez les belles ambitions du jeune Toulonnais Dylan Chantreau !"},"content":{"rendered":"<p>Le RC Toulon a termin\u00e9 sur le podium de l\u2019\u00e9tape In Extenso Super Sevens de Dax apr\u00e8s avoir domin\u00e9 Lyon (19-14), Montauban (17-0) puis La Rochelle dans la petite finale (19-14). Seul Monaco, futur vainqueur, a fait chuter les Varois (31-7).<\/p>\n<p>Si le collectif rouge et noir a montr\u00e9 de la solidit\u00e9, une individualit\u00e9 a particuli\u00e8rement retenu l\u2019attention : Dylan Chantreau, d\u00e9sign\u00e9 r\u00e9v\u00e9lation du tournoi.<\/p>\n<p>Originaire de Sorgues (Vaucluse), le jeune joueur a v\u00e9cu un \u00e9t\u00e9 marquant.<\/p>\n<p>\u00ab Cette ann\u00e9e j\u2019ai sign\u00e9 aux Angles, un club de F\u00e9d\u00e9rale 2, pr\u00e8s d\u2019Avignon \u00bb, raconte-t-il via Midi Olympique.<\/p>\n<p>Mais son parcours l\u2019a d\u00e9j\u00e0 conduit dans les meilleures structures fran\u00e7aises avec des passages au Racing, au Stade Fran\u00e7ais ou encore \u00e0 Aix-en-Provence en espoirs.<\/p>\n<p>Son talent n\u2019a rien d\u2019une surprise pour ceux qui suivent le circuit \u00e0 7. D\u00e9j\u00e0 habitu\u00e9 aux joutes de la Supersevens, Chantreau s\u2019est illustr\u00e9 avec Toulon, prouvant qu\u2019il pouvait \u00eatre bien plus qu\u2019un joker.<\/p>\n<p>\u00ab Cette troisi\u00e8me place, on la voulait. On s\u2019est dit qu\u2019il y a toujours une surprise dans un tournoi comme \u00e7a et cette fois c\u2019\u00e9tait nous. \u00bb, se r\u00e9jouit-il.<\/p>\n<p><strong>Il rajoute :\u00a0<\/strong><\/p>\n<p>\u00ab\u00a0Nous avons beaucoup travaill\u00e9 en stage \u00e0 Soustons pendant une semaine et d\u2019ailleurs nous allons y revenir avant la troisi\u00e8me \u00e9tape \u00e0 Pau.\u00a0\u00bb<\/p>\n<p><strong>Le joueur revient sur une \u00e9tape relev\u00e9e, marqu\u00e9e par des confrontations intenses : <\/strong><\/p>\n<p>\u00ab C\u2019\u00e9tait rude, nous sommes all\u00e9s nous la chercher, c\u2019\u00e9tait tr\u00e8s rude. Mais ce fut un tr\u00e8s beau match \u00e0 mon avis. Mais notre premier match face \u00e0 Lyon reste aussi un bon souvenir. Car nous avons \u00e9t\u00e9 men\u00e9s avant de venir au score.\u00a0\u00bb<\/p>\n<p>En demi-finale, malgr\u00e9 un retard de 5-14, Toulon a invers\u00e9 la tendance gr\u00e2ce notamment \u00e0 l\u2019activit\u00e9 de Chantreau.<\/p>\n<p><strong>Ambitieux mais r\u00e9aliste, il ne cache pas ses envies d\u2019\u00e9voluer au plus haut niveau :<\/strong><\/p>\n<p>\u00ab Si les portes de l\u2019\u00e9quipe de France s\u2019ouvrent, je serais preneur. Je ne dirai pas non.. C\u2019est ce que je vise. J\u2019aimerai bien d\u00e9couvrir le circuit mondial ou alors le circuit de d\u00e9veloppement, m\u00eame si je ne me contenterais pas de \u00e7a.\u00a0\u00bb<\/p>\n","protected":false},"excerpt":{"rendered":"Le RC Toulon a termin\u00e9 sur le podium de l\u2019\u00e9tape In Extenso Super Sevens de Dax apr\u00e8s avoir&hellip;\n","protected":false},"author":2,"featured_media":341906,"comment_status":"","ping_status":"","sticky":false,"template":"","format":"standard","meta":{"footnotes":""},"categories":[9619],"tags":[1111,11,1777,674,1011,27,12,882,25,2310],"class_list":{"0":"post-341905","1":"post","2":"type-post","3":"status-publish","4":"format-standard","5":"has-post-thumbnail","7":"category-toulon","8":"tag-actu","9":"tag-actualites","10":"tag-eu","11":"tag-europe","12":"tag-fr","13":"tag-france","14":"tag-news","15":"tag-provence-alpes-cote-dazur","16":"tag-republique-francaise","17":"tag-toulon"},"share_on_mastodon":{"url":"https:\/\/pubeurope.com\/@fr\/115087182568406209","error":""},"_links":{"self":[{"href":"https:\/\/www.europesays.com\/fr\/wp-json\/wp\/v2\/posts\/341905","targetHints":{"allow":["GET"]}}],"collection":[{"href":"https:\/\/www.europesays.com\/fr\/wp-json\/wp\/v2\/posts"}],"about":[{"href":"https:\/\/www.europesays.com\/fr\/wp-json\/wp\/v2\/types\/post"}],"author":[{"embeddable":true,"href":"https:\/\/www.europesays.com\/fr\/wp-json\/wp\/v2\/users\/2"}],"replies":[{"embeddable":true,"href":"https:\/\/www.europesays.com\/fr\/wp-json\/wp\/v2\/comments?post=341905"}],"version-history":[{"count":0,"href":"https:\/\/www.europesays.com\/fr\/wp-json\/wp\/v2\/posts\/341905\/revisions"}],"wp:featuredmedia":[{"embeddable":true,"href":"https:\/\/www.europesays.com\/fr\/wp-json\/wp\/v2\/media\/341906"}],"wp:attachment":[{"href":"https:\/\/www.europesays.com\/fr\/wp-json\/wp\/v2\/media?parent=341905"}],"wp:term":[{"taxonomy":"category","embeddable":true,"href":"https:\/\/www.europesays.com\/fr\/wp-json\/wp\/v2\/categories?post=341905"},{"taxonomy":"post_tag","embeddable":true,"href":"https:\/\/www.europesays.com\/fr\/wp-json\/wp\/v2\/tags?post=341905"}],"curies":[{"name":"wp","href":"https:\/\/api.w.org\/{rel}","templated":true}]}}