{"id":341913,"date":"2025-08-25T03:11:44","date_gmt":"2025-08-25T03:11:44","guid":{"rendered":"https:\/\/www.europesays.com\/fr\/341913\/"},"modified":"2025-08-25T03:11:44","modified_gmt":"2025-08-25T03:11:44","slug":"giroud-croque-monaco-sur-le-gong-rennes-implose-4","status":"publish","type":"post","link":"https:\/\/www.europesays.com\/fr\/341913\/","title":{"rendered":"Giroud croque Monaco sur le gong, Rennes implose"},"content":{"rendered":"<p>On joue le d\u00e9but des arr\u00eats de jeu lorsque le stade Pierre-Mauroy peut enfin exploser: Olivier Giroud vient de marquer son deuxi\u00e8me but en deux matches. Le champion du monde fran\u00e7ais a marqu\u00e9 d&rsquo;une frappe puissante en pivot, \u00e0 l&rsquo;issue d&rsquo;un match anim\u00e9 et \u00e9quilibr\u00e9.<\/p>\n<p>Giroud a ensuite rat\u00e9 un p\u00e9nalty, ce qui n&rsquo;aurait pas \u00e9t\u00e9 anecdotique si le Mon\u00e9gasque Mika Biereth avait ensuite su convertir un bon centre \u00e0 bout portant.<\/p>\n<p>Lille, seule \u00e9quipe \u00e0 quatre points, passe cinqui\u00e8me de Ligue 1, et laisse Monaco huiti\u00e8me avec trois points.<\/p>\n<p>Pour sa part, Strasbourg a poursuivi sur sa lanc\u00e9e de la saison derni\u00e8re, termin\u00e9e en trombe. Emanuel Emegha a permis au RCSA de s&rsquo;imposer 1-0 contre Nantes \u00e0 la Meinau, d&rsquo;une t\u00eate crois\u00e9e sur un service impeccable de Dilane Bakwa, en fin de match. L&rsquo;attaquant n\u00e9erlandais venait pourtant de rater une reprise \u00e0 bout portant devant le but vide. Strasbourg rejoint en t\u00eate du classement le PSG, Lyon, mais aussi Toulouse.<\/p>\n<p>Les hommes de Carles Martinez Novell ont en effet \u00e0 nouveau gagn\u00e9 dimanche, contre Brest cette fois (2-0) sur un doubl\u00e9 au retour des vestiaires de Frank Magri. Les Brestois se pr\u00e9parent peut-\u00eatre \u00e0 une saison difficile apr\u00e8s les deux derniers exercices glorieux (troisi\u00e8me place puis participation r\u00e9ussie \u00e0 la Ligue des champions). Comme un symbole, l&rsquo;entra\u00eeneur Eric Roy a remplac\u00e9 au cours du match le capitaine d\u00e9fenseur Brendan Chardonnet.<\/p>\n<p><img alt=\"L'entra\u00eeneur de Rennes Habib Beye lors de la large d\u00e9faite subie \u00e0 Lorient, le 24 ao\u00fbt 2025\" loading=\"lazy\" decoding=\"async\" data-nimg=\"fill\" class=\" TwicCore_img__i9TC1 undefined  undefined\" style=\"position:absolute;height:100%;width:100%;left:0;top:0;right:0;bottom:0;color:transparent;background-size:cover;background-position:50% 50%;background-repeat:no-repeat;background-image:url(&quot;data:image\/svg+xml;charset=utf-8,%3Csvg xmlns='http:\/\/www.w3.org\/2000\/svg' %3E%3Cfilter id='b' color-interpolation-filters='sRGB'%3E%3CfeGaussianBlur stdDeviation='20'\/%3E%3CfeColorMatrix values='1 0 0 0 0 0 1 0 0 0 0 0 1 0 0 0 0 0 100 -1' result='s'\/%3E%3CfeFlood x='0' y='0' width='100%25' height='100%25'\/%3E%3CfeComposite operator='out' in='s'\/%3E%3CfeComposite in2='SourceGraphic'\/%3E%3CfeGaussianBlur stdDeviation='20'\/%3E%3C\/filter%3E%3Cimage width='100%25' height='100%25' x='0' y='0' preserveAspectRatio='none' style='filter: url(%23b);' href='https:\/\/pictures.laprovence.com\/cdn-cgi\/image\/blur=250\/media\/afp\/4a4d1ea2de18a0384afdbe45329946ed5325d47b.jpg'\/%3E%3C\/svg%3E&quot;)\"   src=\"https:\/\/www.europesays.com\/fr\/wp-content\/uploads\/2025\/08\/4a4d1ea2de18a0384afdbe45329946ed5325d47b.jpg\"\/>L&rsquo;entra\u00eeneur de Rennes Habib Beye lors de la large d\u00e9faite subie \u00e0 Lorient, le 24 ao\u00fbt 2025 PHOTO AFP \/ Fred TANNEAU<\/p>\n<p>De son c\u00f4t\u00e9, Rennes a manqu\u00e9 l&rsquo;occasion de surfer sur sa victoire en inf\u00e9riorit\u00e9 num\u00e9rique face \u00e0 Marseille la semaine derni\u00e8re. L&rsquo;\u00e9quipe entra\u00een\u00e9e par Habib Beye a \u00e9t\u00e9 affaiblie par les deux exclusions successives, lors des 11 premi\u00e8res minutes, de la recrue Mahdi Camara puis de Christopher Wooh.<\/p>\n<p>Apr\u00e8s avoir but\u00e9 sur une d\u00e9fense regroup\u00e9e, Lorient a d\u00e9roul\u00e9 et inscrit quatre buts. Les deux \u00e9quipes comptent trois points.<\/p>\n<p>Lens s&rsquo;est pour sa part bien repris de sa d\u00e9faite cruelle contre Lyon le weekend dernier en allant s&rsquo;imposer au stade Oc\u00e9ane du Havre (2-1) gr\u00e2ce notamment au premier but en L1 du jeune Rayan Fofana, 19 ans.<\/p>\n","protected":false},"excerpt":{"rendered":"On joue le d\u00e9but des arr\u00eats de jeu lorsque le stade Pierre-Mauroy peut enfin exploser: Olivier Giroud vient&hellip;\n","protected":false},"author":2,"featured_media":341914,"comment_status":"","ping_status":"","sticky":false,"template":"","format":"standard","meta":{"footnotes":""},"categories":[2821],"tags":[17,1111,11,829,47836,1777,674,1011,27,329,45844,47837,3022,3127,12,584,25,3356],"class_list":{"0":"post-341913","1":"post","2":"type-post","3":"status-publish","4":"format-standard","5":"has-post-thumbnail","7":"category-rennes","8":"tag-17","9":"tag-actu","10":"tag-actualites","11":"tag-bretagne","12":"tag-croque","13":"tag-eu","14":"tag-europe","15":"tag-fr","16":"tag-france","17":"tag-france-monde","18":"tag-giroud","19":"tag-gong","20":"tag-ligue","21":"tag-monaco","22":"tag-news","23":"tag-rennes","24":"tag-republique-francaise","25":"tag-sur"},"share_on_mastodon":{"url":"https:\/\/pubeurope.com\/@fr\/115087218034032421","error":""},"_links":{"self":[{"href":"https:\/\/www.europesays.com\/fr\/wp-json\/wp\/v2\/posts\/341913","targetHints":{"allow":["GET"]}}],"collection":[{"href":"https:\/\/www.europesays.com\/fr\/wp-json\/wp\/v2\/posts"}],"about":[{"href":"https:\/\/www.europesays.com\/fr\/wp-json\/wp\/v2\/types\/post"}],"author":[{"embeddable":true,"href":"https:\/\/www.europesays.com\/fr\/wp-json\/wp\/v2\/users\/2"}],"replies":[{"embeddable":true,"href":"https:\/\/www.europesays.com\/fr\/wp-json\/wp\/v2\/comments?post=341913"}],"version-history":[{"count":0,"href":"https:\/\/www.europesays.com\/fr\/wp-json\/wp\/v2\/posts\/341913\/revisions"}],"wp:featuredmedia":[{"embeddable":true,"href":"https:\/\/www.europesays.com\/fr\/wp-json\/wp\/v2\/media\/341914"}],"wp:attachment":[{"href":"https:\/\/www.europesays.com\/fr\/wp-json\/wp\/v2\/media?parent=341913"}],"wp:term":[{"taxonomy":"category","embeddable":true,"href":"https:\/\/www.europesays.com\/fr\/wp-json\/wp\/v2\/categories?post=341913"},{"taxonomy":"post_tag","embeddable":true,"href":"https:\/\/www.europesays.com\/fr\/wp-json\/wp\/v2\/tags?post=341913"}],"curies":[{"name":"wp","href":"https:\/\/api.w.org\/{rel}","templated":true}]}}