{"id":341915,"date":"2025-08-25T03:14:07","date_gmt":"2025-08-25T03:14:07","guid":{"rendered":"https:\/\/www.europesays.com\/fr\/341915\/"},"modified":"2025-08-25T03:14:07","modified_gmt":"2025-08-25T03:14:07","slug":"rate-monumental-but-de-la-tete-la-minute-de-folie-demegha-heros-des-alsaciens-2","status":"publish","type":"post","link":"https:\/\/www.europesays.com\/fr\/341915\/","title":{"rendered":"rat\u00e9 monumental, but de la t\u00eate&#8230; la minute de folie d&rsquo;Emegha, h\u00e9ros des Alsaciens"},"content":{"rendered":"<p class=\"mb-4 text-lg md:leading-8 break-words\">Sa reprise du gauche compl\u00e8tement rat\u00e9e devant le but vide aurait pu hanter Emanuel Emegha. Entr\u00e9 \u00e0 la mi-temps du match face \u00e0 Nantes, lors de la 2e journ\u00e9e de Ligue 1 ce dimanche, l&rsquo;attaquant a manqu\u00e9 une occasion en or d&rsquo;ouvrir le score devant son public \u00e0 la Meinau pour le premier match \u00e0 domicile des Alsaciens en championnat, trois jours apr\u00e8s <a href=\"https:\/\/rmcsport.bfmtv.com\/football\/europa-conference-league\/direct-strasbourg-brondby-suivez-le-barrage-aller-de-ligue-conference-des-strasbourgeois-en-live_LS-202508210488.html\" rel=\"nofollow noopener\" target=\"_blank\" data-ylk=\"slk:la r\u00e9ception de Brondby en barrages de Ligue Europa Conference (0-0);elm:context_link;itc:0;sec:content-canvas\" class=\"link \">la r\u00e9ception de Brondby en barrages de Ligue Europa Conference (0-0)<\/a>.<\/p>\n<p class=\"mb-4 text-lg md:leading-8 break-words\">Mais Emegha, brassard de capitaine autour du biceps, n&rsquo;a pas laiss\u00e9 ses \u00e9motions le submerger. Sur l&rsquo;action suivante, le num\u00e9ro 10 a parfaitement plac\u00e9 sa t\u00eate pour couper un centre de Bakwa et tromper Anthony Lopes (81e).<\/p>\n<p class=\"mb-4 text-lg md:leading-8 break-words\"><a href=\"https:\/\/rmcsport.bfmtv.com\/football\/ligue-1\/direct-multiplex-ligue-1-suivez-strasbourg-nantes-le-havre-lens-et-toulouse-brest-en-live_LS-202508240141.html\" rel=\"nofollow noopener\" target=\"_blank\" data-ylk=\"slk:&gt;&gt; Revivez le multiplex de la 2e journ\u00e9e de Ligue 1;elm:context_link;itc:0;sec:content-canvas\" class=\"link \">&gt;&gt; Revivez le multiplex de la 2e journ\u00e9e de Ligue 1<\/a><\/p>\n<p>Carton plein pour Strasbourg<\/p>\n<p class=\"mb-4 text-lg md:leading-8 break-words\">D&rsquo;abord d\u00e9cevants, les joueurs de Liam Rosenior signent finalement un deuxi\u00e8me succ\u00e8s en deux journ\u00e9es, apr\u00e8s leur succ\u00e8s 1-0 contre Metz le week-end dernier. Six points qui leur permettent de prendre le wagon de t\u00eate avec l&rsquo;OL, le PSG et Toulouse, les autres \u00e9quipes \u00e0 100% de victoires. De quoi faire le plein de confiance avant de retrouver Br\u00f6ndby lors du barrage retour de Ligue Conf\u00e9rence, jeudi au Danemark (0-0, \u00e0 l&rsquo;aller).<\/p>\n<p class=\"mb-4 text-lg md:leading-8 break-words\"><a href=\"https:\/\/rmcsport.bfmtv.com\/football\/ligue-1\/strasbourg-nantes-rate-monumental-but-de-la-tete-la-minute-de-folie-d-emegha-heros-des-alsaciens_AV-202508240270.html#xtor=AL-68\" rel=\"nofollow noopener\" target=\"_blank\" data-ylk=\"slk:Article original publi\u00e9 sur RMC Sport;elm:context_link;itc:0;sec:content-canvas\" class=\"link \">Article original publi\u00e9 sur RMC Sport<\/a><\/p>\n","protected":false},"excerpt":{"rendered":"Sa reprise du gauche compl\u00e8tement rat\u00e9e devant le but vide aurait pu hanter Emanuel Emegha. Entr\u00e9 \u00e0 la&hellip;\n","protected":false},"author":2,"featured_media":341916,"comment_status":"","ping_status":"","sticky":false,"template":"","format":"standard","meta":{"footnotes":""},"categories":[2820],"tags":[1111,11,11618,44308,11787,1777,674,1011,27,775,15900,66,20708,47838,6212,766,12,93,25,640,2312],"class_list":{"0":"post-341915","1":"post","2":"type-post","3":"status-publish","4":"format-standard","5":"has-post-thumbnail","7":"category-strasbourg","8":"tag-actu","9":"tag-actualites","10":"tag-anthony-lopes","11":"tag-bakwa","12":"tag-emanuel-emegha","13":"tag-eu","14":"tag-europe","15":"tag-fr","16":"tag-france","17":"tag-grand-est","18":"tag-liam-rosenior","19":"tag-ligue-1","20":"tag-ligue-europa-conference","21":"tag-mais-emegha","22":"tag-metz","23":"tag-nantes","24":"tag-news","25":"tag-psg","26":"tag-republique-francaise","27":"tag-strasbourg","28":"tag-toulouse"},"share_on_mastodon":{"url":"https:\/\/pubeurope.com\/@fr\/115087229745261818","error":""},"_links":{"self":[{"href":"https:\/\/www.europesays.com\/fr\/wp-json\/wp\/v2\/posts\/341915","targetHints":{"allow":["GET"]}}],"collection":[{"href":"https:\/\/www.europesays.com\/fr\/wp-json\/wp\/v2\/posts"}],"about":[{"href":"https:\/\/www.europesays.com\/fr\/wp-json\/wp\/v2\/types\/post"}],"author":[{"embeddable":true,"href":"https:\/\/www.europesays.com\/fr\/wp-json\/wp\/v2\/users\/2"}],"replies":[{"embeddable":true,"href":"https:\/\/www.europesays.com\/fr\/wp-json\/wp\/v2\/comments?post=341915"}],"version-history":[{"count":0,"href":"https:\/\/www.europesays.com\/fr\/wp-json\/wp\/v2\/posts\/341915\/revisions"}],"wp:featuredmedia":[{"embeddable":true,"href":"https:\/\/www.europesays.com\/fr\/wp-json\/wp\/v2\/media\/341916"}],"wp:attachment":[{"href":"https:\/\/www.europesays.com\/fr\/wp-json\/wp\/v2\/media?parent=341915"}],"wp:term":[{"taxonomy":"category","embeddable":true,"href":"https:\/\/www.europesays.com\/fr\/wp-json\/wp\/v2\/categories?post=341915"},{"taxonomy":"post_tag","embeddable":true,"href":"https:\/\/www.europesays.com\/fr\/wp-json\/wp\/v2\/tags?post=341915"}],"curies":[{"name":"wp","href":"https:\/\/api.w.org\/{rel}","templated":true}]}}