{"id":341919,"date":"2025-08-25T03:18:17","date_gmt":"2025-08-25T03:18:17","guid":{"rendered":"https:\/\/www.europesays.com\/fr\/341919\/"},"modified":"2025-08-25T03:18:17","modified_gmt":"2025-08-25T03:18:17","slug":"fc-nantes-on-est-un-peu-degoute-les-reactions-des-nantais-apres-la-defaite-a-3","status":"publish","type":"post","link":"https:\/\/www.europesays.com\/fr\/341919\/","title":{"rendered":"FC Nantes. \u00ab\u00a0On est un peu d\u00e9go\u00fbt\u00e9\u00a0\u00bb\u00a0: les r\u00e9actions des Nantais apr\u00e8s la d\u00e9faite \u00e0"},"content":{"rendered":"<p>Le <a href=\"https:\/\/www.ouest-france.fr\/sport\/football\/ligue-1\/direct\/direct-rc-strasbourg-fc-nantes-suivez-le-match-de-la-2e-journee-de-ligue-1-en-live-116b855b-ab4e-472f-ae0d-58f33c37c22a\" target=\"_self\" rel=\"nofollow noopener\">FC Nantes s\u2019est inclin\u00e9 (1-0)<\/a> sur la pelouse de Strasbourg, ce dimanche 24\u00a0ao\u00fbt, pour le compte de la 2e\u00a0journ\u00e9e de Ligue 1. La frustration \u00e9tait grande dans les rangs nantais au vu de la physionomie du match et des occasions procur\u00e9es.<\/p>\n<p><strong>Francis Coquelin, milieu et capitaine du FC Nantes\u00a0:<\/strong> \u00ab\u00a0C\u2019est un match encore frustrant au vu de ce qu\u2019on a pu proposer ce soir. Je pense qu\u2019on a vu une \u00e9volution par rapport \u00e0 ce qu\u2019on avait fait contre le Paris Saint-Germain. On se cr\u00e9e pas mal d\u2019occasions et \u00e7a se joue sur des d\u00e9tails. Compar\u00e9 au match du Paris Saint-Germain o\u00f9 on a beaucoup d\u00e9fendu, aujourd\u2019hui (dimanche 24 ao\u00fbt), on a quand m\u00eame r\u00e9ussi \u00e0 se cr\u00e9er pas mal d\u2019occasions. Je pense que les plus franches sont pour nous. C\u2019est frustrant de repartir avec aucun point. Malgr\u00e9 tout, il faut rester positif. On n\u2019est qu\u2019au d\u00e9but et on voit des choses positives qui se mettent en place. Un match important va venir maintenant car au final, on sort quand m\u00eame de deux d\u00e9faites. Il faudra prendre des points contre Auxerre \u00e0 la Beaujoire. \u00bb<\/p>\n<p><strong>Johann Lepenant, milieu nantais\u00a0:<\/strong> \u00ab\u00a0On est frustr\u00e9s parce que je pense qu\u2019on a eu les occasions pour au moins mettre un but et repartir avec au moins le point du match nul. Eux aussi ont eu des occasions, mais je trouve qu\u2019on les a bien contr\u00e9s en deuxi\u00e8me mi-temps. On a eu des opportunit\u00e9s de marquer, malheureusement, on n\u2019a pas r\u00e9ussi ce soir. On a essay\u00e9 de ressortir la balle, on a pris des risques, c\u2019est ce que le coach demande. On a des circuits de passe pour ressortir la balle. Parfois, on a r\u00e9ussi mais pas tout le temps. Il y a encore un peu trop de d\u00e9chets, mais on bosse, on essaie de faire ce qu\u2019on nous demande. Il faut continuer comme \u00e7a m\u00eame si on n\u2019a pas \u00e9t\u00e9 efficace devant. \u00c7a se travaille et j\u2019esp\u00e8re qu\u2019on va d\u00e9bloquer \u00e7a le week-end prochain.\u00a0\u00bb<\/p>\n<p><strong>Lire aussi\u00a0: <\/strong> <a href=\"https:\/\/nantes.maville.com\/sport\/detail_-rc-strasbourg-fc-nantes.-les-notes-des-nantais-awaziem-solide-les-milieux-trop-neutres-_8-6945492_actu.Htm\" target=\"_self\" rel=\"nofollow noopener\">RC Strasbourg &#8211; FC Nantes. Les notes des Nantais\u00a0: Awaziem solide, les milieux trop neutres<\/a><\/p>\n<p>Castro\u00a0: \u00ab\u00a0Je suis convaincu que les choses vont marcher\u00a0\u00bb<\/p>\n<p><strong>Luis Castro, coach du FC Nantes\u00a0:<\/strong> \u00ab\u00a0Je suis d\u00e9\u00e7u, c\u2019est normal. Je pense qu\u2019on m\u00e9rite plus que la d\u00e9faite, aujourd\u2019hui. On a fait un match coh\u00e9rent, contre une tr\u00e8s bonne \u00e9quipe. On s\u2019est cr\u00e9\u00e9 pas mal d\u2019occasions et on a r\u00e9ussi \u00e0 p\u00e9n\u00e9trer un bon nombre de fois dans la surface adverse. Apr\u00e8s, on doit faire les choses mieux. J\u2019esp\u00e8re et je pense qu\u2019on va grandir. D\u00e9j\u00e0, c\u2019est mieux que contre Paris, notamment sur le plan offensif. Apr\u00e8s, sur le but on manque de concentration.\u00a0Personne ne veut d\u00e9buter le championnat de cette fa\u00e7on mais quand je regarde les prestations de l\u2019\u00e9quipe, je suis convaincu que les choses vont marcher. On a quand m\u00eame jou\u00e9 le champion d\u2019Europe et Strasbourg, une tr\u00e8s bonne \u00e9quipe et qui a d\u00e9pens\u00e9 plus de 100\u00a0millions d\u2019euros durant le mercato. On ne fait pas deux matches o\u00f9 on ne montre rien mais deux prestations coh\u00e9rentes. Les r\u00e9sultats sont tr\u00e8s importants, bien s\u00fbr, mais je ne regarde pas que \u00e7a. Si on avait gagn\u00e9 aujourd\u2019hui sans rien montrer, j\u2019aurais \u00e9t\u00e9 beaucoup plus inquiet. On peut gagner 1-0\u00a0sans rien montrer. Moi, mon travail, c\u2019est de faire jouer l\u2019\u00e9quipe du mieux possible, qu\u2019elle se cr\u00e9e des occasions et qu\u2019elle en conc\u00e8de le moins possible.\u00a0\u00bb<\/p>\n<p><strong>Kelvin Amian, lat\u00e9ral des Canaris\u00a0:<\/strong> \u00ab\u00a0On est un peu d\u00e9go\u00fbt\u00e9 de ne pas repartir avec un point ou m\u00eame les trois points. On a fait une belle partie, en se procurant beaucoup d\u2019occasions. Il faut \u00eatre plus tueur et r\u00e9ussir \u00e0 ne pas se prendre ce but aussi. Je note des progr\u00e8s, il manque juste ce petit truc. Quand on va r\u00e9ussir \u00e0 marquer, pour moi, \u00e7a va changer totalement. On a montr\u00e9 un beau visage. Il faut continuer, tous y croire, ne pas s\u2019attaquer les uns les autres. \u00c7a va le faire.\u00a0\u00bb<\/p>\n<p>\u00a0<\/p>\n","protected":false},"excerpt":{"rendered":"Le FC Nantes s\u2019est inclin\u00e9 (1-0) sur la pelouse de Strasbourg, ce dimanche 24\u00a0ao\u00fbt, pour le compte de&hellip;\n","protected":false},"author":2,"featured_media":341613,"comment_status":"","ping_status":"","sticky":false,"template":"","format":"standard","meta":{"footnotes":""},"categories":[2818],"tags":[1111,11,3809,1465,1777,674,63,1011,27,1792,1922,766,12,2636,25,479,517,1470],"class_list":{"0":"post-341919","1":"post","2":"type-post","3":"status-publish","4":"format-standard","5":"has-post-thumbnail","7":"category-nantes","8":"tag-actu","9":"tag-actualites","10":"tag-ball","11":"tag-basket","12":"tag-eu","13":"tag-europe","14":"tag-football","15":"tag-fr","16":"tag-france","17":"tag-handball","18":"tag-info","19":"tag-nantes","20":"tag-news","21":"tag-pays-de-la-loire","22":"tag-republique-francaise","23":"tag-rugby","24":"tag-sport","25":"tag-volley"},"share_on_mastodon":{"url":"https:\/\/pubeurope.com\/@fr\/115087245496102779","error":""},"_links":{"self":[{"href":"https:\/\/www.europesays.com\/fr\/wp-json\/wp\/v2\/posts\/341919","targetHints":{"allow":["GET"]}}],"collection":[{"href":"https:\/\/www.europesays.com\/fr\/wp-json\/wp\/v2\/posts"}],"about":[{"href":"https:\/\/www.europesays.com\/fr\/wp-json\/wp\/v2\/types\/post"}],"author":[{"embeddable":true,"href":"https:\/\/www.europesays.com\/fr\/wp-json\/wp\/v2\/users\/2"}],"replies":[{"embeddable":true,"href":"https:\/\/www.europesays.com\/fr\/wp-json\/wp\/v2\/comments?post=341919"}],"version-history":[{"count":0,"href":"https:\/\/www.europesays.com\/fr\/wp-json\/wp\/v2\/posts\/341919\/revisions"}],"wp:featuredmedia":[{"embeddable":true,"href":"https:\/\/www.europesays.com\/fr\/wp-json\/wp\/v2\/media\/341613"}],"wp:attachment":[{"href":"https:\/\/www.europesays.com\/fr\/wp-json\/wp\/v2\/media?parent=341919"}],"wp:term":[{"taxonomy":"category","embeddable":true,"href":"https:\/\/www.europesays.com\/fr\/wp-json\/wp\/v2\/categories?post=341919"},{"taxonomy":"post_tag","embeddable":true,"href":"https:\/\/www.europesays.com\/fr\/wp-json\/wp\/v2\/tags?post=341919"}],"curies":[{"name":"wp","href":"https:\/\/api.w.org\/{rel}","templated":true}]}}